{"id":18927,"date":"2023-03-01T00:27:45","date_gmt":"2023-03-01T03:27:45","guid":{"rendered":"https:\/\/diariotribuna.com.br\/?p=18927"},"modified":"2023-03-01T00:27:47","modified_gmt":"2023-03-01T03:27:47","slug":"moto-roubada-em-almenara-e-recuperada-e-autor-preso-em-mata-verde","status":"publish","type":"post","link":"https:\/\/diariotribuna.com.br\/?p=18927","title":{"rendered":"<strong>Moto roubada em Almenara \u00e9 recuperada e autor preso em Mata Verde<\/strong>"},"content":{"rendered":"\n<figure class=\"wp-block-image size-full is-resized is-style-default\"><img loading=\"lazy\" decoding=\"async\" src=\"https:\/\/diariotribuna.com.br\/wp-content\/uploads\/2023\/03\/afa1fe4b-d5b4-481f-936b-3d1a86975f56.jpg\" alt=\"\" class=\"wp-image-18928\" width=\"432\" height=\"365\" srcset=\"https:\/\/diariotribuna.com.br\/wp-content\/uploads\/2023\/03\/afa1fe4b-d5b4-481f-936b-3d1a86975f56.jpg 700w, https:\/\/diariotribuna.com.br\/wp-content\/uploads\/2023\/03\/afa1fe4b-d5b4-481f-936b-3d1a86975f56-300x253.jpg 300w, https:\/\/diariotribuna.com.br\/wp-content\/uploads\/2023\/03\/afa1fe4b-d5b4-481f-936b-3d1a86975f56-696x588.jpg 696w, https:\/\/diariotribuna.com.br\/wp-content\/uploads\/2023\/03\/afa1fe4b-d5b4-481f-936b-3d1a86975f56-497x420.jpg 497w\" sizes=\"(max-width: 432px) 100vw, 432px\" \/><\/figure>\n\n\n\n<p>A Pol\u00edcia Militar realizava uma opera\u00e7\u00e3o na cidade de Mata Verde, na segunda-feira (27\/02), quando os militares receberam informa\u00e7\u00f5es que um homem, de 33 anos, estava com uma motocicleta Honda XRE 300, placa OQZ-4279, que havia sido roubada em Almenara. Os militares fizeram o patrulhamento com as aten\u00e7\u00f5es voltadas para o indiv\u00edduo denunciado, e ele foi localizado no Bairro Planalto, preso e a motocicleta recuperada. Tamb\u00e9m foi apreendido um telefone celular.<\/p>\n\n\n\n<p>O preso \u00e9 oriundo do Estado da Bahia, e segundo a PM, j\u00e1 \u00e9 conhecido no meio policial por envolvimento em crimes de roubo e furto de motocicleta. Ele foi conduzido \u00e0 delegacia de Pol\u00edcia Civil para as medidas pertinentes \u00e0 pol\u00edcia judici\u00e1ria. Equipe: sargentos Wilke e Tiago, cabo Nascimento, soldado Gon\u00e7alves. (Informa\u00e7\u00f5es\/Foto: PMMG\/ Mata Verde).<\/p>\n","protected":false},"excerpt":{"rendered":"<p>A Pol\u00edcia Militar realizava uma opera\u00e7\u00e3o na cidade de Mata Verde, na segunda-feira (27\/02), quando os militares receberam informa\u00e7\u00f5es que um homem, de 33 anos, estava com uma motocicleta Honda XRE 300, placa OQZ-4279, que havia sido roubada em Almenara. Os militares fizeram o patrulhamento com as aten\u00e7\u00f5es voltadas para o indiv\u00edduo denunciado, e ele [&hellip;]<\/p>\n","protected":false},"author":1,"featured_media":18928,"comment_status":"open","ping_status":"open","sticky":false,"template":"","format":"standard","meta":{"rop_custom_images_group":[],"rop_custom_messages_group":[],"rop_publish_now":"initial","rop_publish_now_accounts":[],"rop_publish_now_history":[],"rop_publish_now_status":"pending","footnotes":""},"categories":[25,20],"tags":[110,2544,4696,696,76,1294],"class_list":["post-18927","post","type-post","status-publish","format-standard","has-post-thumbnail","hentry","category-destaque","category-policia","tag-almenara","tag-autor-preso","tag-mata-verde","tag-moto-roubada","tag-policia-militar","tag-recuperada"],"_links":{"self":[{"href":"https:\/\/diariotribuna.com.br\/index.php?rest_route=\/wp\/v2\/posts\/18927"}],"collection":[{"href":"https:\/\/diariotribuna.com.br\/index.php?rest_route=\/wp\/v2\/posts"}],"about":[{"href":"https:\/\/diariotribuna.com.br\/index.php?rest_route=\/wp\/v2\/types\/post"}],"author":[{"embeddable":true,"href":"https:\/\/diariotribuna.com.br\/index.php?rest_route=\/wp\/v2\/users\/1"}],"replies":[{"embeddable":true,"href":"https:\/\/diariotribuna.com.br\/index.php?rest_route=%2Fwp%2Fv2%2Fcomments&post=18927"}],"version-history":[{"count":1,"href":"https:\/\/diariotribuna.com.br\/index.php?rest_route=\/wp\/v2\/posts\/18927\/revisions"}],"predecessor-version":[{"id":18929,"href":"https:\/\/diariotribuna.com.br\/index.php?rest_route=\/wp\/v2\/posts\/18927\/revisions\/18929"}],"wp:featuredmedia":[{"embeddable":true,"href":"https:\/\/diariotribuna.com.br\/index.php?rest_route=\/wp\/v2\/media\/18928"}],"wp:attachment":[{"href":"https:\/\/diariotribuna.com.br\/index.php?rest_route=%2Fwp%2Fv2%2Fmedia&parent=18927"}],"wp:term":[{"taxonomy":"category","embeddable":true,"href":"https:\/\/diariotribuna.com.br\/index.php?rest_route=%2Fwp%2Fv2%2Fcategories&post=18927"},{"taxonomy":"post_tag","embeddable":true,"href":"https:\/\/diariotribuna.com.br\/index.php?rest_route=%2Fwp%2Fv2%2Ftags&post=18927"}],"curies":[{"name":"wp","href":"https:\/\/api.w.org\/{rel}","templated":true}]}}