{"id":18935,"date":"2023-03-01T15:02:53","date_gmt":"2023-03-01T18:02:53","guid":{"rendered":"https:\/\/diariotribuna.com.br\/?p=18935"},"modified":"2023-03-01T15:02:54","modified_gmt":"2023-03-01T18:02:54","slug":"policias-civil-e-militar-deflagram-a-operacao-mutilus-para-cumprir-39-mandados-judiciais-em-nanuque","status":"publish","type":"post","link":"https:\/\/diariotribuna.com.br\/?p=18935","title":{"rendered":"<strong>Pol\u00edcias Civil e Militar deflagram a opera\u00e7\u00e3o \u201cMutilus\u201d para cumprir 39 mandados judiciais em Nanuque<\/strong>"},"content":{"rendered":"\n<figure class=\"wp-block-image size-full is-resized is-style-default\"><img loading=\"lazy\" decoding=\"async\" src=\"https:\/\/diariotribuna.com.br\/wp-content\/uploads\/2023\/03\/bda66d98-7888-442d-b104-7b395ed87ff5.jpg\" alt=\"\" class=\"wp-image-18936\" width=\"573\" height=\"357\" srcset=\"https:\/\/diariotribuna.com.br\/wp-content\/uploads\/2023\/03\/bda66d98-7888-442d-b104-7b395ed87ff5.jpg 700w, https:\/\/diariotribuna.com.br\/wp-content\/uploads\/2023\/03\/bda66d98-7888-442d-b104-7b395ed87ff5-300x187.jpg 300w, https:\/\/diariotribuna.com.br\/wp-content\/uploads\/2023\/03\/bda66d98-7888-442d-b104-7b395ed87ff5-696x435.jpg 696w, https:\/\/diariotribuna.com.br\/wp-content\/uploads\/2023\/03\/bda66d98-7888-442d-b104-7b395ed87ff5-673x420.jpg 673w\" sizes=\"(max-width: 573px) 100vw, 573px\" \/><\/figure>\n\n\n\n<p>Nesta quarta-feira (01\/03), a Pol\u00edcia Civil, por meio da 4\u00aa Delegacia Regional de Nanuque, em conjunto com a Pol\u00edcia Militar, desencadeou a opera\u00e7\u00e3o \u201cMutilus\u201d, que visou dar cumprimento a 39 medidas cautelares expedidas judicialmente, sendo 22 mandados de busca e apreens\u00e3o e 17 mandados de pris\u00e3o preventiva. Foram utilizados para a realiza\u00e7\u00e3o da opera\u00e7\u00e3o o efetivo de 80 policiais civis e militares, 22 viaturas, e contou ainda com o apoio da equipe do Canil da PCMG.<\/p>\n\n\n\n<p>Foram efetivamente cumpridas as pris\u00f5es de 10 pessoas, al\u00e9m de 01 menor apreendido por ato infracional an\u00e1logo ao tr\u00e1fico il\u00edcito de drogas. Dentre elas, 03 pessoas foram presas em flagrante delito por tr\u00e1fico il\u00edcito de drogas, al\u00e9m de um indiv\u00edduo que tamb\u00e9m foi flagrado por tr\u00e1fico e posse ilegal de arma de fogo e muni\u00e7\u00f5es. Outros 03 indiv\u00edduos j\u00e1 estavam recolhidos no pres\u00eddio e tamb\u00e9m foram presos preventivamente.<\/p>\n\n\n\n<p>Durante as dilig\u00eancias, foram apreendidos com os alvos: um rev\u00f3lver calibre 38, 15 muni\u00e7\u00f5es calibre 38, 17 buchas de maconha, 03 pedras de crack, 03 papelotes com coca\u00edna, 01 caderno de anota\u00e7\u00f5es, 02 r\u00e1dios comunicadores, 01 balan\u00e7a de precis\u00e3o e dois dichavadores. O termo \u201cMutilus\u201d, oriundo do latim, representa o ato de mutilar, uma refer\u00eancia \u00e0 interven\u00e7\u00e3o qualificada que tem por objetivo eliminar o bra\u00e7o operacional da organiza\u00e7\u00e3o criminosa \u201cTCP\u201d na regi\u00e3o de Nanuque.<\/p>\n\n\n\n<p>As investiga\u00e7\u00f5es revelaram o estabelecimento de uma organiza\u00e7\u00e3o criminosa denominada \u201cTerceiro Comando Puro\u201d na regi\u00e3o de Nanuque. \u201cCom sua funda\u00e7\u00e3o historicamente ligada ao Estado do Rio de Janeiro, o \u201cTCP\u201d \u00e9 uma organiza\u00e7\u00e3o criminosa de envergadura nacional que estendeu seu dom\u00ednio para outros estados da federa\u00e7\u00e3o. Com foco na pr\u00e1tica dos crimes de tr\u00e1fico il\u00edcito de drogas, homic\u00eddios, porte ilegal de arma de fogo, trata-se de um grupo que usa de extrema viol\u00eancia para conquistar territ\u00f3rios que sejam prop\u00edcios para a venda dos entorpecentes\u201d, disse a Pol\u00edcia Civil em nota.<\/p>\n\n\n\n<p>As investiga\u00e7\u00f5es foram conduzidas pelo delegado Luiz Bernardo Rodrigues de Moraes Neto, investigadores Chalme dos Santos Fran\u00e7a, Davi Costa de Andrade, Jo\u00e3o Gilvan \u00cdndio Jardim, Marcos Aur\u00e9lio Silva Reis, Adriane Tameira Fontes, Welington do Nascimento Ferreira, e pelos escriv\u00e3es Thalita da Silva Campos e Nagib Lauar Neto, todos sob a coordena\u00e7\u00e3o do delegado regional Jo\u00e3o Augusto Ferraz de Ara\u00fajo. (Informa\u00e7\u00f5es\/Fotos: assessoria de comunica\u00e7\u00e3o da PCMG\/ Nanuque).<\/p>\n","protected":false},"excerpt":{"rendered":"<p>Nesta quarta-feira (01\/03), a Pol\u00edcia Civil, por meio da 4\u00aa Delegacia Regional de Nanuque, em conjunto com a Pol\u00edcia Militar, desencadeou a opera\u00e7\u00e3o \u201cMutilus\u201d, que visou dar cumprimento a 39 medidas cautelares expedidas judicialmente, sendo 22 mandados de busca e apreens\u00e3o e 17 mandados de pris\u00e3o preventiva. Foram utilizados para a realiza\u00e7\u00e3o da opera\u00e7\u00e3o o [&hellip;]<\/p>\n","protected":false},"author":1,"featured_media":18936,"comment_status":"open","ping_status":"open","sticky":false,"template":"","format":"standard","meta":{"rop_custom_images_group":[],"rop_custom_messages_group":[],"rop_publish_now":"initial","rop_publish_now_accounts":[],"rop_publish_now_history":[],"rop_publish_now_status":"pending","footnotes":""},"categories":[25,20],"tags":[122,5215,292,76],"class_list":["post-18935","post","type-post","status-publish","format-standard","has-post-thumbnail","hentry","category-destaque","category-policia","tag-nanuque","tag-operacao-mutilus","tag-policia-civil","tag-policia-militar"],"_links":{"self":[{"href":"https:\/\/diariotribuna.com.br\/index.php?rest_route=\/wp\/v2\/posts\/18935"}],"collection":[{"href":"https:\/\/diariotribuna.com.br\/index.php?rest_route=\/wp\/v2\/posts"}],"about":[{"href":"https:\/\/diariotribuna.com.br\/index.php?rest_route=\/wp\/v2\/types\/post"}],"author":[{"embeddable":true,"href":"https:\/\/diariotribuna.com.br\/index.php?rest_route=\/wp\/v2\/users\/1"}],"replies":[{"embeddable":true,"href":"https:\/\/diariotribuna.com.br\/index.php?rest_route=%2Fwp%2Fv2%2Fcomments&post=18935"}],"version-history":[{"count":1,"href":"https:\/\/diariotribuna.com.br\/index.php?rest_route=\/wp\/v2\/posts\/18935\/revisions"}],"predecessor-version":[{"id":18937,"href":"https:\/\/diariotribuna.com.br\/index.php?rest_route=\/wp\/v2\/posts\/18935\/revisions\/18937"}],"wp:featuredmedia":[{"embeddable":true,"href":"https:\/\/diariotribuna.com.br\/index.php?rest_route=\/wp\/v2\/media\/18936"}],"wp:attachment":[{"href":"https:\/\/diariotribuna.com.br\/index.php?rest_route=%2Fwp%2Fv2%2Fmedia&parent=18935"}],"wp:term":[{"taxonomy":"category","embeddable":true,"href":"https:\/\/diariotribuna.com.br\/index.php?rest_route=%2Fwp%2Fv2%2Fcategories&post=18935"},{"taxonomy":"post_tag","embeddable":true,"href":"https:\/\/diariotribuna.com.br\/index.php?rest_route=%2Fwp%2Fv2%2Ftags&post=18935"}],"curies":[{"name":"wp","href":"https:\/\/api.w.org\/{rel}","templated":true}]}}