{"id":1910,"date":"2020-07-24T01:01:12","date_gmt":"2020-07-24T04:01:12","guid":{"rendered":"https:\/\/diariotribuna.com.br\/?p=1910"},"modified":"2020-07-24T01:01:13","modified_gmt":"2020-07-24T04:01:13","slug":"prefeitura-confirma-1-193-casos-positivos-de-covid-19-e-50-obitos-em-teofilo-otoni","status":"publish","type":"post","link":"https:\/\/diariotribuna.com.br\/?p=1910","title":{"rendered":"Prefeitura confirma 1.193 casos positivos de Covid-19 e 50 \u00f3bitos em Te\u00f3filo Otoni"},"content":{"rendered":"\n<figure class=\"wp-block-image size-large is-resized\"><img loading=\"lazy\" decoding=\"async\" src=\"https:\/\/diariotribuna.com.br\/wp-content\/uploads\/2020\/07\/Pot\u00e9-5.jpg\" alt=\"\" class=\"wp-image-1911\" width=\"408\" height=\"209\" srcset=\"https:\/\/diariotribuna.com.br\/wp-content\/uploads\/2020\/07\/Pot\u00e9-5.jpg 600w, https:\/\/diariotribuna.com.br\/wp-content\/uploads\/2020\/07\/Pot\u00e9-5-300x154.jpg 300w\" sizes=\"(max-width: 408px) 100vw, 408px\" \/><\/figure>\n\n\n\n<p>A Secretaria Municipal de Sa\u00fade confirmou no boletim epidemiol\u00f3gico Covid-19 desta quinta-feira (23\/07), 1.193 casos positivos da doen\u00e7a em Te\u00f3filo Otoni, 20 a mais nas \u00faltimas 24 horas, e 50 \u00f3bitos j\u00e1 foram registrados. De acordo com a secretaria, dos 1.193 casos, 944 pessoas est\u00e3o recuperadas, 11 internadas em ala, 08 em UTI e 180 est\u00e3o em isolamento domiciliar.<\/p>\n\n\n\n<p>Dos 272 suspeitos em investiga\u00e7\u00e3o e monitoramento, 258 pessoas est\u00e3o em isolamento domiciliar, 08 internadas em ala, 03 em UTI e 03 \u00f3bitos est\u00e3o em investiga\u00e7\u00e3o aguardando resultados de exames laboratoriais. Das 6.738 investiga\u00e7\u00f5es conclu\u00eddas, 4.399 foram descartadas por exame laboratorial e 2.339 monitoramentos foram conclu\u00eddos por crit\u00e9rio cl\u00ednico. At\u00e9 esta data foram feitas 8.056 notifica\u00e7\u00f5es.<\/p>\n\n\n\n<p><strong>Dos casos confirmados, por faixa et\u00e1ria:<\/strong> s\u00e3o 05 crian\u00e7as menores de 01 ano infectadas, 33 crian\u00e7as de 01 a 09 anos, 55 pessoas de 10 a 19 anos, 183 de 20 a 29 anos, 274 de 20 a 39 anos, 256 de 40 a 49 anos, 187 de 50 a 59 anos, e 200 s\u00e3o idosos acima de 60 anos.<\/p>\n\n\n\n<p><strong>Cen\u00e1rio da Covid-19 em Te\u00f3filo Otoni por bairros:<\/strong> No <strong>Centro<\/strong> j\u00e1 foram confirmados 97 casos positivos, no Bairro <strong>Bela Vista<\/strong> 80, <strong>Manoel Pimenta<\/strong> 75, <strong>Matinha<\/strong> com 71, <strong>S\u00e3o Crist\u00f3v\u00e3o<\/strong> 60, <strong>Ipiranga<\/strong> 55, <strong>Marajoara<\/strong> 48, <strong>Conc\u00f3rdia<\/strong> 44, <strong>Castro Pires<\/strong> 37, <strong>S\u00e3o Jacinto<\/strong> 33, <strong>Jardim Iracema<\/strong> e <strong>Jardim S\u00e3o Paulo<\/strong> com 30 casos cada, <strong>Joaquim Pedrosa<\/strong> 29, <strong>Palmeiras<\/strong> 25, <strong>Te\u00f3filo Rocha<\/strong> 22, <strong>Mucuri<\/strong> 21 e <strong>Vila Barreiros <\/strong>20. Os bairros <strong>Laerte Laender<\/strong> e <strong>Frei Dimas<\/strong> com 19 casos cada, <strong>Vila S\u00e3o Jo\u00e3o<\/strong> com 18 casos. <strong>Os bairros<\/strong> Funcion\u00e1rios e S\u00e3o Diogo com 17 casos cada. <strong>Os bairros<\/strong> Serra Verde e Jardim das Ac\u00e1cias com 16 casos cada. <strong>Os bairros<\/strong> F\u00e1tima, Tabajaras e Vila Betel com 15 casos cada. <strong>O Bairro<\/strong> Solidariedade com 14. <strong>Os bairros<\/strong> Belvedere, Vila Esperan\u00e7a e Viriato com 10 casos cada. <strong>Outras 48 localidades<\/strong> est\u00e3o inclu\u00eddas no boletim, com registro de 01 a 09 casos cada. <strong>OBS.:<\/strong> Nos casos relacionados por bairros est\u00e1 inclu\u00eddo o n\u00famero de recuperados.<\/p>\n","protected":false},"excerpt":{"rendered":"<p>A Secretaria Municipal de Sa\u00fade confirmou no boletim epidemiol\u00f3gico Covid-19 desta quinta-feira (23\/07), 1.193 casos positivos da doen\u00e7a em Te\u00f3filo Otoni, 20 a mais nas \u00faltimas 24 horas, e 50 \u00f3bitos j\u00e1 foram registrados. De acordo com a secretaria, dos 1.193 casos, 944 pessoas est\u00e3o recuperadas, 11 internadas em ala, 08 em UTI e 180 [&hellip;]<\/p>\n","protected":false},"author":1,"featured_media":1911,"comment_status":"open","ping_status":"open","sticky":false,"template":"","format":"standard","meta":{"rop_custom_images_group":[],"rop_custom_messages_group":[],"rop_publish_now":"initial","rop_publish_now_accounts":[],"rop_publish_now_history":[],"rop_publish_now_status":"pending","footnotes":""},"categories":[192],"tags":[679,67,65,75],"class_list":["post-1910","post","type-post","status-publish","format-standard","has-post-thumbnail","hentry","category-covid19","tag-23-07","tag-boletim","tag-covid","tag-teofilo-otoni"],"_links":{"self":[{"href":"https:\/\/diariotribuna.com.br\/index.php?rest_route=\/wp\/v2\/posts\/1910"}],"collection":[{"href":"https:\/\/diariotribuna.com.br\/index.php?rest_route=\/wp\/v2\/posts"}],"about":[{"href":"https:\/\/diariotribuna.com.br\/index.php?rest_route=\/wp\/v2\/types\/post"}],"author":[{"embeddable":true,"href":"https:\/\/diariotribuna.com.br\/index.php?rest_route=\/wp\/v2\/users\/1"}],"replies":[{"embeddable":true,"href":"https:\/\/diariotribuna.com.br\/index.php?rest_route=%2Fwp%2Fv2%2Fcomments&post=1910"}],"version-history":[{"count":1,"href":"https:\/\/diariotribuna.com.br\/index.php?rest_route=\/wp\/v2\/posts\/1910\/revisions"}],"predecessor-version":[{"id":1912,"href":"https:\/\/diariotribuna.com.br\/index.php?rest_route=\/wp\/v2\/posts\/1910\/revisions\/1912"}],"wp:featuredmedia":[{"embeddable":true,"href":"https:\/\/diariotribuna.com.br\/index.php?rest_route=\/wp\/v2\/media\/1911"}],"wp:attachment":[{"href":"https:\/\/diariotribuna.com.br\/index.php?rest_route=%2Fwp%2Fv2%2Fmedia&parent=1910"}],"wp:term":[{"taxonomy":"category","embeddable":true,"href":"https:\/\/diariotribuna.com.br\/index.php?rest_route=%2Fwp%2Fv2%2Fcategories&post=1910"},{"taxonomy":"post_tag","embeddable":true,"href":"https:\/\/diariotribuna.com.br\/index.php?rest_route=%2Fwp%2Fv2%2Ftags&post=1910"}],"curies":[{"name":"wp","href":"https:\/\/api.w.org\/{rel}","templated":true}]}}