{"id":19125,"date":"2023-03-10T11:15:22","date_gmt":"2023-03-10T14:15:22","guid":{"rendered":"https:\/\/diariotribuna.com.br\/?p=19125"},"modified":"2023-03-10T11:15:23","modified_gmt":"2023-03-10T14:15:23","slug":"apos-colisao-com-motocicleta-ciclista-e-atropelado-por-caminhoes-e-morre","status":"publish","type":"post","link":"https:\/\/diariotribuna.com.br\/?p=19125","title":{"rendered":"<strong>Ap\u00f3s colis\u00e3o com motocicleta, ciclista \u00e9 atropelado por caminh\u00f5es e morre<\/strong>"},"content":{"rendered":"\n<figure class=\"wp-block-image size-large is-resized is-style-default\"><img loading=\"lazy\" decoding=\"async\" src=\"https:\/\/diariotribuna.com.br\/wp-content\/uploads\/2023\/03\/7903d5c8-1360-47fc-a5f2-0a9bb733b73b-698x1024.jpg\" alt=\"\" class=\"wp-image-19126\" width=\"313\" height=\"459\" srcset=\"https:\/\/diariotribuna.com.br\/wp-content\/uploads\/2023\/03\/7903d5c8-1360-47fc-a5f2-0a9bb733b73b-698x1024.jpg 698w, https:\/\/diariotribuna.com.br\/wp-content\/uploads\/2023\/03\/7903d5c8-1360-47fc-a5f2-0a9bb733b73b-205x300.jpg 205w, https:\/\/diariotribuna.com.br\/wp-content\/uploads\/2023\/03\/7903d5c8-1360-47fc-a5f2-0a9bb733b73b-696x1021.jpg 696w, https:\/\/diariotribuna.com.br\/wp-content\/uploads\/2023\/03\/7903d5c8-1360-47fc-a5f2-0a9bb733b73b-286x420.jpg 286w, https:\/\/diariotribuna.com.br\/wp-content\/uploads\/2023\/03\/7903d5c8-1360-47fc-a5f2-0a9bb733b73b.jpg 729w\" sizes=\"(max-width: 313px) 100vw, 313px\" \/><\/figure>\n\n\n\n<p>O acidente aconteceu na noite de quinta-feira (09\/03), na MGC 418, km 149, Distrito de Pedro Versiane, em Te\u00f3filo Otoni. A Pol\u00edcia Militar Rodovi\u00e1ria foi acionada e no local, os militares depararam com um corpo \u00e0s margens da rodovia, sem a cabe\u00e7a, e populares disseram que tratava-se do ciclista Itamar de Macedo Pereira, de 23 anos.<\/p>\n\n\n\n<p>O condutor da motocicleta disse que trafegava pela rodovia, sentido Te\u00f3filo Otoni a Atal\u00e9ia, quando repentinamente no trecho de curva deparou-se com um ciclista que cruzava o fluxo de tr\u00e2nsito da esquerda para direita, que tentou desviar do ciclista, mas n\u00e3o foi poss\u00edvel evirar a colis\u00e3o, por tratar-se de trecho sem ilumina\u00e7\u00e3o artificial. A bicicleta ficou totalmente destru\u00edda. Com a colis\u00e3o, o ciclista teria ca\u00eddo no ch\u00e3o e foi atropelado por caminh\u00f5es que trafegavam na rodovia.<\/p>\n\n\n\n<p>O condutor da moto acionou a Pol\u00edcia Militar para providenciar o socorro. Os militares foram informados por populares que a v\u00edtima fatal estava conduzindo a bicicleta sob a influ\u00eancia de \u00e1lcool, no momento do acidente, que tentaram conversar com a v\u00edtima para que ele n\u00e3o adentrasse \u00e0 rodovia, por estar embriagado, mas, ele ignorou os apelos e deixou o local onde havia consumido bebida alco\u00f3lica, conduzindo a bicicleta.<\/p>\n\n\n\n<p>O motociclista foi submetido a teste de etil\u00f4mento, com resultado negativo para uso de bebida alco\u00f3lica, mas por tratar-se acidente de tr\u00e2nsito com morte, ele foi apresentado \u00e0 presen\u00e7a da autoridade de pol\u00edcia judici\u00e1ria. A per\u00edcia realizou os trabalhos e removeu o corpo de Itamar ao Instituto M\u00e9dico Legal de Te\u00f3filo Otoni, para a necropsia.<\/p>\n\n\n\n<p>\u201cNovamente alertamos os usu\u00e1rios das rodovias, especialmente ciclistas e pedestres, quanto aos riscos de trafegarem \u00e0 noite. Importante dizer que a travessia deve ser realizada nas retas, em locais iluminados. A mistura bebida alco\u00f3lica, rodovia, bicicleta e per\u00edodo noturno, pode terminar em trag\u00e9dia. Lamentavelmente perdemos mais uma vida, dessa vez de um jovem de apenas 23 anos de idade\u201d, lamentou o tenente Reinaldo Martins, comandante do 1\u00ba Pelot\u00e3o da 15\u00aa Cia PM Rv).<\/p>\n","protected":false},"excerpt":{"rendered":"<p>O acidente aconteceu na noite de quinta-feira (09\/03), na MGC 418, km 149, Distrito de Pedro Versiane, em Te\u00f3filo Otoni. A Pol\u00edcia Militar Rodovi\u00e1ria foi acionada e no local, os militares depararam com um corpo \u00e0s margens da rodovia, sem a cabe\u00e7a, e populares disseram que tratava-se do ciclista Itamar de Macedo Pereira, de 23 [&hellip;]<\/p>\n","protected":false},"author":1,"featured_media":19126,"comment_status":"open","ping_status":"open","sticky":false,"template":"","format":"standard","meta":{"rop_custom_images_group":[],"rop_custom_messages_group":[],"rop_publish_now":"initial","rop_publish_now_accounts":[],"rop_publish_now_history":[],"rop_publish_now_status":"pending","footnotes":""},"categories":[25,19],"tags":[125,5241,735,5242,1030,75,913],"class_list":["post-19125","post","type-post","status-publish","format-standard","has-post-thumbnail","hentry","category-destaque","category-gerais","tag-acidente","tag-distrito-pedro-versiani","tag-mgc-418","tag-obito-de-ciclista","tag-policia-militar-rodoviaria","tag-teofilo-otoni","tag-transito"],"_links":{"self":[{"href":"https:\/\/diariotribuna.com.br\/index.php?rest_route=\/wp\/v2\/posts\/19125"}],"collection":[{"href":"https:\/\/diariotribuna.com.br\/index.php?rest_route=\/wp\/v2\/posts"}],"about":[{"href":"https:\/\/diariotribuna.com.br\/index.php?rest_route=\/wp\/v2\/types\/post"}],"author":[{"embeddable":true,"href":"https:\/\/diariotribuna.com.br\/index.php?rest_route=\/wp\/v2\/users\/1"}],"replies":[{"embeddable":true,"href":"https:\/\/diariotribuna.com.br\/index.php?rest_route=%2Fwp%2Fv2%2Fcomments&post=19125"}],"version-history":[{"count":1,"href":"https:\/\/diariotribuna.com.br\/index.php?rest_route=\/wp\/v2\/posts\/19125\/revisions"}],"predecessor-version":[{"id":19127,"href":"https:\/\/diariotribuna.com.br\/index.php?rest_route=\/wp\/v2\/posts\/19125\/revisions\/19127"}],"wp:featuredmedia":[{"embeddable":true,"href":"https:\/\/diariotribuna.com.br\/index.php?rest_route=\/wp\/v2\/media\/19126"}],"wp:attachment":[{"href":"https:\/\/diariotribuna.com.br\/index.php?rest_route=%2Fwp%2Fv2%2Fmedia&parent=19125"}],"wp:term":[{"taxonomy":"category","embeddable":true,"href":"https:\/\/diariotribuna.com.br\/index.php?rest_route=%2Fwp%2Fv2%2Fcategories&post=19125"},{"taxonomy":"post_tag","embeddable":true,"href":"https:\/\/diariotribuna.com.br\/index.php?rest_route=%2Fwp%2Fv2%2Ftags&post=19125"}],"curies":[{"name":"wp","href":"https:\/\/api.w.org\/{rel}","templated":true}]}}