{"id":19128,"date":"2023-03-10T21:52:11","date_gmt":"2023-03-11T00:52:11","guid":{"rendered":"https:\/\/diariotribuna.com.br\/?p=19128"},"modified":"2023-03-10T21:52:13","modified_gmt":"2023-03-11T00:52:13","slug":"policias-civil-e-militar-cumprem-mandados-judiciais-na-operacao-mutilus-ii-em-nanuque","status":"publish","type":"post","link":"https:\/\/diariotribuna.com.br\/?p=19128","title":{"rendered":"<strong>Pol\u00edcias, Civil e Militar cumprem mandados judiciais na opera\u00e7\u00e3o Mutilus II, em Nanuque<\/strong>"},"content":{"rendered":"\n<figure class=\"wp-block-gallery has-nested-images columns-default is-cropped wp-block-gallery-1 is-layout-flex wp-block-gallery-is-layout-flex\">\n<figure class=\"wp-block-image size-large is-style-default\"><img loading=\"lazy\" decoding=\"async\" width=\"600\" height=\"389\" data-id=\"19130\" src=\"https:\/\/diariotribuna.com.br\/wp-content\/uploads\/2023\/03\/feaf6c85-0bb6-4ec2-add0-cd89ea50d1be.jpg\" alt=\"\" class=\"wp-image-19130\" srcset=\"https:\/\/diariotribuna.com.br\/wp-content\/uploads\/2023\/03\/feaf6c85-0bb6-4ec2-add0-cd89ea50d1be.jpg 600w, https:\/\/diariotribuna.com.br\/wp-content\/uploads\/2023\/03\/feaf6c85-0bb6-4ec2-add0-cd89ea50d1be-300x195.jpg 300w\" sizes=\"(max-width: 600px) 100vw, 600px\" \/><\/figure>\n\n\n\n<figure class=\"wp-block-image size-large is-style-default\"><img loading=\"lazy\" decoding=\"async\" width=\"600\" height=\"397\" data-id=\"19129\" src=\"https:\/\/diariotribuna.com.br\/wp-content\/uploads\/2023\/03\/34ab3953-d325-42d5-8803-b268eb206264.jpg\" alt=\"\" class=\"wp-image-19129\" srcset=\"https:\/\/diariotribuna.com.br\/wp-content\/uploads\/2023\/03\/34ab3953-d325-42d5-8803-b268eb206264.jpg 600w, https:\/\/diariotribuna.com.br\/wp-content\/uploads\/2023\/03\/34ab3953-d325-42d5-8803-b268eb206264-300x199.jpg 300w\" sizes=\"(max-width: 600px) 100vw, 600px\" \/><\/figure>\n<\/figure>\n\n\n\n<p>A Pol\u00edcia Civil de Minas Gerais, por meio da 4\u00aa Delegacia Regional de Nanuque, e a Pol\u00edcia Militar, deflagraram a segunda fase da opera\u00e7\u00e3o Mutilus, na cidade de Nanuque, nesta sexta-feira (10\/03), para dar cumprimento a 07 medidas cautelares expedidas judicialmente, sendo 06 mandados de busca e apreens\u00e3o e 01 mandado de pris\u00e3o preventiva.<\/p>\n\n\n\n<p>As equipes policiais foram \u00e0s ruas para cumprimento do mandado de pris\u00e3o preventiva do investigado S.R.A.J., acusado de ter praticado homic\u00eddio qualificado contra a v\u00edtima J.G.S., no dia 31\/01 deste ano, mas, ele n\u00e3o foi localizado e se encontra como foragido da justi\u00e7a. Segundo a Pol\u00edcia Civil, as investiga\u00e7\u00f5es revelaram que o foragido \u00e9 integrante da organiza\u00e7\u00e3o criminosa denominada \u201cTerceiro Comando Puro\u201d ou \u201cTCP\u201d ou \u201cTUDO3\u201d.<\/p>\n\n\n\n<p>A 1\u00aa fase da opera\u00e7\u00e3o Mutilus foi deflagrada no dia 1\u00ba\/03, e resultou na pris\u00e3o de 13 pessoas, na apreens\u00e3o de um adolescente, al\u00e9m da apreens\u00e3o de armas de fogo, muni\u00e7\u00f5es e drogas. O termo \u201cMutilus\u201d, oriundo do latim, representa o ato de mutilar, uma refer\u00eancia \u00e0 interven\u00e7\u00e3o qualificada que tem por objetivo eliminar o bra\u00e7o operacional da organiza\u00e7\u00e3o criminosa \u201cTCP\u201d na regi\u00e3o de Nanuque.<\/p>\n\n\n\n<p>Equipe: Delegado Regional Jo\u00e3o Augusto Ferraz de Ara\u00fajo. Delegado Luiz Bernardo Rodrigues de Moraes Neto. Escriv\u00e3o: Nagib Lauar Neto. Investigadores: Jo\u00e3o Gilvan \u00cdndio Jardim, Chalme dos Santos Fran\u00e7a, Davi Costa de Andrade, Marcos Aur\u00e9lio Silva Reis e Welington do Nascimento Ferreira. (Informa\u00e7\u00f5es\/Fotos: assessoria de comunica\u00e7\u00e3o da PCMG\/ Nanuque).<\/p>\n","protected":false},"excerpt":{"rendered":"<p>A Pol\u00edcia Civil de Minas Gerais, por meio da 4\u00aa Delegacia Regional de Nanuque, e a Pol\u00edcia Militar, deflagraram a segunda fase da opera\u00e7\u00e3o Mutilus, na cidade de Nanuque, nesta sexta-feira (10\/03), para dar cumprimento a 07 medidas cautelares expedidas judicialmente, sendo 06 mandados de busca e apreens\u00e3o e 01 mandado de pris\u00e3o preventiva. As [&hellip;]<\/p>\n","protected":false},"author":1,"featured_media":19130,"comment_status":"open","ping_status":"open","sticky":false,"template":"","format":"standard","meta":{"rop_custom_images_group":[],"rop_custom_messages_group":[],"rop_publish_now":"initial","rop_publish_now_accounts":[],"rop_publish_now_history":[],"rop_publish_now_status":"pending","footnotes":""},"categories":[25,20],"tags":[1592,5243,122,80,292,76],"class_list":["post-19128","post","type-post","status-publish","format-standard","has-post-thumbnail","hentry","category-destaque","category-policia","tag-mandados-judiciais","tag-mutilus-ii","tag-nanuque","tag-operacao","tag-policia-civil","tag-policia-militar"],"_links":{"self":[{"href":"https:\/\/diariotribuna.com.br\/index.php?rest_route=\/wp\/v2\/posts\/19128"}],"collection":[{"href":"https:\/\/diariotribuna.com.br\/index.php?rest_route=\/wp\/v2\/posts"}],"about":[{"href":"https:\/\/diariotribuna.com.br\/index.php?rest_route=\/wp\/v2\/types\/post"}],"author":[{"embeddable":true,"href":"https:\/\/diariotribuna.com.br\/index.php?rest_route=\/wp\/v2\/users\/1"}],"replies":[{"embeddable":true,"href":"https:\/\/diariotribuna.com.br\/index.php?rest_route=%2Fwp%2Fv2%2Fcomments&post=19128"}],"version-history":[{"count":1,"href":"https:\/\/diariotribuna.com.br\/index.php?rest_route=\/wp\/v2\/posts\/19128\/revisions"}],"predecessor-version":[{"id":19131,"href":"https:\/\/diariotribuna.com.br\/index.php?rest_route=\/wp\/v2\/posts\/19128\/revisions\/19131"}],"wp:featuredmedia":[{"embeddable":true,"href":"https:\/\/diariotribuna.com.br\/index.php?rest_route=\/wp\/v2\/media\/19130"}],"wp:attachment":[{"href":"https:\/\/diariotribuna.com.br\/index.php?rest_route=%2Fwp%2Fv2%2Fmedia&parent=19128"}],"wp:term":[{"taxonomy":"category","embeddable":true,"href":"https:\/\/diariotribuna.com.br\/index.php?rest_route=%2Fwp%2Fv2%2Fcategories&post=19128"},{"taxonomy":"post_tag","embeddable":true,"href":"https:\/\/diariotribuna.com.br\/index.php?rest_route=%2Fwp%2Fv2%2Ftags&post=19128"}],"curies":[{"name":"wp","href":"https:\/\/api.w.org\/{rel}","templated":true}]}}