{"id":1913,"date":"2020-07-24T01:08:50","date_gmt":"2020-07-24T04:08:50","guid":{"rendered":"https:\/\/diariotribuna.com.br\/?p=1913"},"modified":"2020-07-24T01:08:51","modified_gmt":"2020-07-24T04:08:51","slug":"colisao-entre-veiculos-na-br-116-resulta-na-morte-de-duas-pessoas","status":"publish","type":"post","link":"https:\/\/diariotribuna.com.br\/?p=1913","title":{"rendered":"Colis\u00e3o entre ve\u00edculos na BR-116 resulta na morte de duas pessoas"},"content":{"rendered":"\n<figure class=\"wp-block-gallery columns-3 is-cropped wp-block-gallery-1 is-layout-flex wp-block-gallery-is-layout-flex\"><ul class=\"blocks-gallery-grid\"><li class=\"blocks-gallery-item\"><figure><img loading=\"lazy\" decoding=\"async\" width=\"700\" height=\"509\" src=\"https:\/\/diariotribuna.com.br\/wp-content\/uploads\/2020\/07\/2c67c5d3-cafc-43b5-b0ca-c9cd8e0fb9a1.jpg\" alt=\"\" data-id=\"1914\" data-link=\"https:\/\/diariotribuna.com.br\/?attachment_id=1914\" class=\"wp-image-1914\" srcset=\"https:\/\/diariotribuna.com.br\/wp-content\/uploads\/2020\/07\/2c67c5d3-cafc-43b5-b0ca-c9cd8e0fb9a1.jpg 700w, https:\/\/diariotribuna.com.br\/wp-content\/uploads\/2020\/07\/2c67c5d3-cafc-43b5-b0ca-c9cd8e0fb9a1-300x218.jpg 300w, https:\/\/diariotribuna.com.br\/wp-content\/uploads\/2020\/07\/2c67c5d3-cafc-43b5-b0ca-c9cd8e0fb9a1-324x235.jpg 324w, https:\/\/diariotribuna.com.br\/wp-content\/uploads\/2020\/07\/2c67c5d3-cafc-43b5-b0ca-c9cd8e0fb9a1-696x506.jpg 696w, https:\/\/diariotribuna.com.br\/wp-content\/uploads\/2020\/07\/2c67c5d3-cafc-43b5-b0ca-c9cd8e0fb9a1-578x420.jpg 578w\" sizes=\"(max-width: 700px) 100vw, 700px\" \/><\/figure><\/li><li class=\"blocks-gallery-item\"><figure><img loading=\"lazy\" decoding=\"async\" width=\"700\" height=\"525\" src=\"https:\/\/diariotribuna.com.br\/wp-content\/uploads\/2020\/07\/80ed2448-2ecb-4eae-a23b-53f67e7c8732-1.jpg\" alt=\"\" data-id=\"1917\" data-full-url=\"https:\/\/diariotribuna.com.br\/wp-content\/uploads\/2020\/07\/80ed2448-2ecb-4eae-a23b-53f67e7c8732-1.jpg\" data-link=\"https:\/\/diariotribuna.com.br\/?attachment_id=1917\" class=\"wp-image-1917\" srcset=\"https:\/\/diariotribuna.com.br\/wp-content\/uploads\/2020\/07\/80ed2448-2ecb-4eae-a23b-53f67e7c8732-1.jpg 700w, https:\/\/diariotribuna.com.br\/wp-content\/uploads\/2020\/07\/80ed2448-2ecb-4eae-a23b-53f67e7c8732-1-300x225.jpg 300w, https:\/\/diariotribuna.com.br\/wp-content\/uploads\/2020\/07\/80ed2448-2ecb-4eae-a23b-53f67e7c8732-1-80x60.jpg 80w, https:\/\/diariotribuna.com.br\/wp-content\/uploads\/2020\/07\/80ed2448-2ecb-4eae-a23b-53f67e7c8732-1-265x198.jpg 265w, https:\/\/diariotribuna.com.br\/wp-content\/uploads\/2020\/07\/80ed2448-2ecb-4eae-a23b-53f67e7c8732-1-696x522.jpg 696w, https:\/\/diariotribuna.com.br\/wp-content\/uploads\/2020\/07\/80ed2448-2ecb-4eae-a23b-53f67e7c8732-1-560x420.jpg 560w\" sizes=\"(max-width: 700px) 100vw, 700px\" \/><\/figure><\/li><li class=\"blocks-gallery-item\"><figure><img loading=\"lazy\" decoding=\"async\" width=\"700\" height=\"406\" src=\"https:\/\/diariotribuna.com.br\/wp-content\/uploads\/2020\/07\/dcb85d29-423a-4ec4-9479-c9f33d6f8599.jpg\" alt=\"\" data-id=\"1916\" data-link=\"https:\/\/diariotribuna.com.br\/?attachment_id=1916\" class=\"wp-image-1916\" srcset=\"https:\/\/diariotribuna.com.br\/wp-content\/uploads\/2020\/07\/dcb85d29-423a-4ec4-9479-c9f33d6f8599.jpg 700w, https:\/\/diariotribuna.com.br\/wp-content\/uploads\/2020\/07\/dcb85d29-423a-4ec4-9479-c9f33d6f8599-300x174.jpg 300w, https:\/\/diariotribuna.com.br\/wp-content\/uploads\/2020\/07\/dcb85d29-423a-4ec4-9479-c9f33d6f8599-696x404.jpg 696w\" sizes=\"(max-width: 700px) 100vw, 700px\" \/><\/figure><\/li><\/ul><\/figure>\n\n\n\n<p>O acidente aconteceu na ter\u00e7a-feira (21\/07), na BR-116, zona rural do munic\u00edpio de Frei Inoc\u00eancio. Duas pessoas morreram no acidente, Kauany Catharine Vieira Nascimento de 09 anos e sua av\u00f3 Terezinha Vieira Nascimento, de 60 anos, oriundas da cidade de Malacacheta. O Corpo de Bombeiros foi acionado a comparecer no local, onde a equipe deparou com o acidente envolvendo dois autom\u00f3veis, colis\u00e3o entre um Fiat Palio e uma pick-up Strada.<\/p>\n\n\n\n<p>O Fiat Palio ap\u00f3s a batida, saiu da pista e capotou. Dentro havia cinco pessoas da mesma fam\u00edlia um casal, a crian\u00e7a e os av\u00f3s maternos. A crian\u00e7a e a av\u00f3 morreram no local, as outras tr\u00eas pessoas: Elis\u00e2ngela Nascimento, 29 anos; Jos\u00e9 dos Anjos, 58 anos e Jos\u00e9 de Souza Monteiro de 82 anos, foram encaminhadas por ambul\u00e2ncias para hospitais de Itambacuri e Governador Valadares. Na pick-up Strada tinha apenas o condutor Alexandro F. da Cruz de 29 anos, que nada sofreu.<\/p>\n\n\n\n<p>A Pol\u00edcia Rodovi\u00e1ria Federal registrou o acidente, preservou o local at\u00e9 a chegada da per\u00edcia t\u00e9cnica da Pol\u00edcia Civil, que ap\u00f3s os trabalhos de praxe, os corpos de Kauany Catharine e Terezinha foram removidos ao IML para serem necropsiados. Segundo a PRF os dois ve\u00edculos seguiam no mesmo sentido Governador Valadares a Te\u00f3filo Otoni e ocorreu a colis\u00e3o lateral, possivelmente numa tentativa de ultrapassagem.<\/p>\n\n\n\n<p>No local, como n\u00e3o havia vitima presa entre as ferragens, a equipe do Corpo de Bombeiros desconectou os cabos da bateria do ve\u00edculo capotado, garantiu a seguran\u00e7a do local fazendo inspe\u00e7\u00e3o na pista em busca de \u00f3leo e pr\u00f3ximo ao carro, em busca por algum tipo de combust\u00edvel, mas nada foi detectado. (Fotos: Divulga\u00e7\u00e3o).<\/p>\n","protected":false},"excerpt":{"rendered":"<p>O acidente aconteceu na ter\u00e7a-feira (21\/07), na BR-116, zona rural do munic\u00edpio de Frei Inoc\u00eancio. Duas pessoas morreram no acidente, Kauany Catharine Vieira Nascimento de 09 anos e sua av\u00f3 Terezinha Vieira Nascimento, de 60 anos, oriundas da cidade de Malacacheta. O Corpo de Bombeiros foi acionado a comparecer no local, onde a equipe deparou [&hellip;]<\/p>\n","protected":false},"author":1,"featured_media":1916,"comment_status":"open","ping_status":"open","sticky":false,"template":"","format":"standard","meta":{"rop_custom_images_group":[],"rop_custom_messages_group":[],"rop_publish_now":"initial","rop_publish_now_accounts":[],"rop_publish_now_history":[],"rop_publish_now_status":"pending","footnotes":""},"categories":[25,20],"tags":[688,690,184,689],"class_list":["post-1913","post","type-post","status-publish","format-standard","has-post-thumbnail","hentry","category-destaque","category-policia","tag-colisao","tag-frei-inocencio","tag-prf","tag-veiculos"],"_links":{"self":[{"href":"https:\/\/diariotribuna.com.br\/index.php?rest_route=\/wp\/v2\/posts\/1913"}],"collection":[{"href":"https:\/\/diariotribuna.com.br\/index.php?rest_route=\/wp\/v2\/posts"}],"about":[{"href":"https:\/\/diariotribuna.com.br\/index.php?rest_route=\/wp\/v2\/types\/post"}],"author":[{"embeddable":true,"href":"https:\/\/diariotribuna.com.br\/index.php?rest_route=\/wp\/v2\/users\/1"}],"replies":[{"embeddable":true,"href":"https:\/\/diariotribuna.com.br\/index.php?rest_route=%2Fwp%2Fv2%2Fcomments&post=1913"}],"version-history":[{"count":1,"href":"https:\/\/diariotribuna.com.br\/index.php?rest_route=\/wp\/v2\/posts\/1913\/revisions"}],"predecessor-version":[{"id":1918,"href":"https:\/\/diariotribuna.com.br\/index.php?rest_route=\/wp\/v2\/posts\/1913\/revisions\/1918"}],"wp:featuredmedia":[{"embeddable":true,"href":"https:\/\/diariotribuna.com.br\/index.php?rest_route=\/wp\/v2\/media\/1916"}],"wp:attachment":[{"href":"https:\/\/diariotribuna.com.br\/index.php?rest_route=%2Fwp%2Fv2%2Fmedia&parent=1913"}],"wp:term":[{"taxonomy":"category","embeddable":true,"href":"https:\/\/diariotribuna.com.br\/index.php?rest_route=%2Fwp%2Fv2%2Fcategories&post=1913"},{"taxonomy":"post_tag","embeddable":true,"href":"https:\/\/diariotribuna.com.br\/index.php?rest_route=%2Fwp%2Fv2%2Ftags&post=1913"}],"curies":[{"name":"wp","href":"https:\/\/api.w.org\/{rel}","templated":true}]}}