{"id":19141,"date":"2023-03-13T11:48:39","date_gmt":"2023-03-13T14:48:39","guid":{"rendered":"https:\/\/diariotribuna.com.br\/?p=19141"},"modified":"2023-03-13T11:48:40","modified_gmt":"2023-03-13T14:48:40","slug":"operacao-seals-da-policia-civil-desarticula-organizacao-criminosa-e-prende-5-em-almenara","status":"publish","type":"post","link":"https:\/\/diariotribuna.com.br\/?p=19141","title":{"rendered":"<strong>Opera\u00e7\u00e3o \u201cSEALS\u201d da Pol\u00edcia Civil desarticula organiza\u00e7\u00e3o criminosa e prende 5 em Almenara<\/strong>"},"content":{"rendered":"\n<figure class=\"wp-block-image size-full is-resized is-style-default\"><img loading=\"lazy\" decoding=\"async\" src=\"https:\/\/diariotribuna.com.br\/wp-content\/uploads\/2023\/03\/481d6d6a-4976-40a8-bc26-c691c23a4712.jpg\" alt=\"\" class=\"wp-image-19142\" width=\"583\" height=\"411\" srcset=\"https:\/\/diariotribuna.com.br\/wp-content\/uploads\/2023\/03\/481d6d6a-4976-40a8-bc26-c691c23a4712.jpg 700w, https:\/\/diariotribuna.com.br\/wp-content\/uploads\/2023\/03\/481d6d6a-4976-40a8-bc26-c691c23a4712-300x212.jpg 300w, https:\/\/diariotribuna.com.br\/wp-content\/uploads\/2023\/03\/481d6d6a-4976-40a8-bc26-c691c23a4712-100x70.jpg 100w, https:\/\/diariotribuna.com.br\/wp-content\/uploads\/2023\/03\/481d6d6a-4976-40a8-bc26-c691c23a4712-696x491.jpg 696w, https:\/\/diariotribuna.com.br\/wp-content\/uploads\/2023\/03\/481d6d6a-4976-40a8-bc26-c691c23a4712-595x420.jpg 595w\" sizes=\"(max-width: 583px) 100vw, 583px\" \/><figcaption class=\"wp-element-caption\"><strong>A Pol\u00edcia Civil precisou usar 03 embarca\u00e7\u00f5es de pequeno porte<\/strong><br><strong>para chegar ao local onde os alvos da opera\u00e7\u00e3o estavam homiziados<\/strong><\/figcaption><\/figure>\n\n\n\n<p>A Pol\u00edcia Civil de Minas Gerais, por meio da 14\u00aa Delegacia de Almenara, deflagrou a opera\u00e7\u00e3o \u201cSEALS\u201d com foco na desarticula\u00e7\u00e3o de uma organiza\u00e7\u00e3o criminosa da Bahia que, segundo a pol\u00edcia, h\u00e1 algum tempo vem tentando se estabelecer na regi\u00e3o do Baixo Jequitinhonha. O nome da opera\u00e7\u00e3o diz respeito a &#8220;um grupo especializado dos Estados Unidos que faz a\u00e7\u00e3o na \u00e1gua&#8221;.<\/p>\n\n\n\n<p>A organiza\u00e7\u00e3o criminosa estava homiziada numa ilha situada no Rio Jequitinhonha, dentro da circunscri\u00e7\u00e3o do munic\u00edpio de Almenara, um local de dific\u00edlimo acesso. Em raz\u00e3o disso, foram mobilizados barcos para que as equipes pudessem fazer incurs\u00e3o na localidade.<\/p>\n\n\n\n<p>Equipes da 3\u00aa Delegacia Regional de Almenara prenderam 05 indiv\u00edduos em flagrante delito, aprenderam 02 pistolas semiautom\u00e1ticas, uma Glock G17 (9mm) e uma PT940 (.40), al\u00e9m de 02 carregadores sobressalentes estendidos com capacidade para 30 cartuchos, cada um.<\/p>\n\n\n\n<p>A Pol\u00edcia Civil destaca que, dois dos cinco indiv\u00edduos detidos estavam com mandado de pris\u00e3o em aberto, oriundos do Tribunal de Justi\u00e7a da Bahia. Eles, e o material apreendido foram encaminhados para a delegacia de Almenara, onde as investiga\u00e7\u00f5es prosseguem para identificar as demais ramifica\u00e7\u00f5es da organiza\u00e7\u00e3o criminosa ora investigada.<\/p>\n\n\n\n<p>A opera\u00e7\u00e3o foi liderada pela Delegada Regional, dra. Danielle de Ara\u00fajo de Souza, com a coordena\u00e7\u00e3o do dr. Fernando Varella e do dr. Diogo Quaresma. A opera\u00e7\u00e3o contou com o emprego de 05 viaturas, 12 policiais e 03 embarca\u00e7\u00f5es de pequeno porte. (Informa\u00e7\u00f5es\/Fotos: PCMG).<\/p>\n\n\n\n<figure class=\"wp-block-gallery has-nested-images columns-default is-cropped wp-block-gallery-1 is-layout-flex wp-block-gallery-is-layout-flex\">\n<figure class=\"wp-block-image size-large is-style-default\"><img loading=\"lazy\" decoding=\"async\" width=\"600\" height=\"434\" data-id=\"19144\" src=\"https:\/\/diariotribuna.com.br\/wp-content\/uploads\/2023\/03\/c6a3cfd4-bb52-48b3-be38-2c5623006176.jpg\" alt=\"\" class=\"wp-image-19144\" srcset=\"https:\/\/diariotribuna.com.br\/wp-content\/uploads\/2023\/03\/c6a3cfd4-bb52-48b3-be38-2c5623006176.jpg 600w, https:\/\/diariotribuna.com.br\/wp-content\/uploads\/2023\/03\/c6a3cfd4-bb52-48b3-be38-2c5623006176-300x217.jpg 300w, https:\/\/diariotribuna.com.br\/wp-content\/uploads\/2023\/03\/c6a3cfd4-bb52-48b3-be38-2c5623006176-324x235.jpg 324w, https:\/\/diariotribuna.com.br\/wp-content\/uploads\/2023\/03\/c6a3cfd4-bb52-48b3-be38-2c5623006176-581x420.jpg 581w\" sizes=\"(max-width: 600px) 100vw, 600px\" \/><\/figure>\n\n\n\n<figure class=\"wp-block-image size-large is-style-default\"><img loading=\"lazy\" decoding=\"async\" width=\"600\" height=\"377\" data-id=\"19143\" src=\"https:\/\/diariotribuna.com.br\/wp-content\/uploads\/2023\/03\/3f044c39-d52f-4503-9055-4156ecd9eee6.jpg\" alt=\"\" class=\"wp-image-19143\" srcset=\"https:\/\/diariotribuna.com.br\/wp-content\/uploads\/2023\/03\/3f044c39-d52f-4503-9055-4156ecd9eee6.jpg 600w, https:\/\/diariotribuna.com.br\/wp-content\/uploads\/2023\/03\/3f044c39-d52f-4503-9055-4156ecd9eee6-300x189.jpg 300w\" sizes=\"(max-width: 600px) 100vw, 600px\" \/><\/figure>\n<\/figure>\n","protected":false},"excerpt":{"rendered":"<p>A Pol\u00edcia Civil de Minas Gerais, por meio da 14\u00aa Delegacia de Almenara, deflagrou a opera\u00e7\u00e3o \u201cSEALS\u201d com foco na desarticula\u00e7\u00e3o de uma organiza\u00e7\u00e3o criminosa da Bahia que, segundo a pol\u00edcia, h\u00e1 algum tempo vem tentando se estabelecer na regi\u00e3o do Baixo Jequitinhonha. O nome da opera\u00e7\u00e3o diz respeito a &#8220;um grupo especializado dos Estados [&hellip;]<\/p>\n","protected":false},"author":1,"featured_media":19142,"comment_status":"open","ping_status":"open","sticky":false,"template":"","format":"standard","meta":{"rop_custom_images_group":[],"rop_custom_messages_group":[],"rop_publish_now":"initial","rop_publish_now_accounts":[],"rop_publish_now_history":[],"rop_publish_now_status":"pending","footnotes":""},"categories":[25,20],"tags":[110,3458,5247,2662,292],"class_list":["post-19141","post","type-post","status-publish","format-standard","has-post-thumbnail","hentry","category-destaque","category-policia","tag-almenara","tag-bahia","tag-operacao-seals","tag-organizacao-criminosa","tag-policia-civil"],"_links":{"self":[{"href":"https:\/\/diariotribuna.com.br\/index.php?rest_route=\/wp\/v2\/posts\/19141"}],"collection":[{"href":"https:\/\/diariotribuna.com.br\/index.php?rest_route=\/wp\/v2\/posts"}],"about":[{"href":"https:\/\/diariotribuna.com.br\/index.php?rest_route=\/wp\/v2\/types\/post"}],"author":[{"embeddable":true,"href":"https:\/\/diariotribuna.com.br\/index.php?rest_route=\/wp\/v2\/users\/1"}],"replies":[{"embeddable":true,"href":"https:\/\/diariotribuna.com.br\/index.php?rest_route=%2Fwp%2Fv2%2Fcomments&post=19141"}],"version-history":[{"count":1,"href":"https:\/\/diariotribuna.com.br\/index.php?rest_route=\/wp\/v2\/posts\/19141\/revisions"}],"predecessor-version":[{"id":19145,"href":"https:\/\/diariotribuna.com.br\/index.php?rest_route=\/wp\/v2\/posts\/19141\/revisions\/19145"}],"wp:featuredmedia":[{"embeddable":true,"href":"https:\/\/diariotribuna.com.br\/index.php?rest_route=\/wp\/v2\/media\/19142"}],"wp:attachment":[{"href":"https:\/\/diariotribuna.com.br\/index.php?rest_route=%2Fwp%2Fv2%2Fmedia&parent=19141"}],"wp:term":[{"taxonomy":"category","embeddable":true,"href":"https:\/\/diariotribuna.com.br\/index.php?rest_route=%2Fwp%2Fv2%2Fcategories&post=19141"},{"taxonomy":"post_tag","embeddable":true,"href":"https:\/\/diariotribuna.com.br\/index.php?rest_route=%2Fwp%2Fv2%2Ftags&post=19141"}],"curies":[{"name":"wp","href":"https:\/\/api.w.org\/{rel}","templated":true}]}}