{"id":19146,"date":"2023-03-13T17:17:32","date_gmt":"2023-03-13T20:17:32","guid":{"rendered":"https:\/\/diariotribuna.com.br\/?p=19146"},"modified":"2023-03-14T15:24:51","modified_gmt":"2023-03-14T18:24:51","slug":"diario-tribuna-13-de-marco-2023-teofilo-otoni-mg","status":"publish","type":"post","link":"https:\/\/diariotribuna.com.br\/?p=19146","title":{"rendered":"<strong>Di\u00e1rio Tribuna, 13 de Mar\u00e7o 2023, Te\u00f3filo Otoni &#8211; MG<\/strong>"},"content":{"rendered":"\n<figure class=\"wp-block-image size-full is-resized is-style-default\"><img loading=\"lazy\" decoding=\"async\" src=\"https:\/\/diariotribuna.com.br\/wp-content\/uploads\/2023\/03\/9cfb69c7-7f08-46ae-8db8-23c8de85adea.jpg\" alt=\"\" class=\"wp-image-19148\" width=\"369\" height=\"527\" srcset=\"https:\/\/diariotribuna.com.br\/wp-content\/uploads\/2023\/03\/9cfb69c7-7f08-46ae-8db8-23c8de85adea.jpg 700w, https:\/\/diariotribuna.com.br\/wp-content\/uploads\/2023\/03\/9cfb69c7-7f08-46ae-8db8-23c8de85adea-210x300.jpg 210w, https:\/\/diariotribuna.com.br\/wp-content\/uploads\/2023\/03\/9cfb69c7-7f08-46ae-8db8-23c8de85adea-696x995.jpg 696w, https:\/\/diariotribuna.com.br\/wp-content\/uploads\/2023\/03\/9cfb69c7-7f08-46ae-8db8-23c8de85adea-294x420.jpg 294w\" sizes=\"(max-width: 369px) 100vw, 369px\" \/><\/figure>\n\n\n\n<h2 class=\"wp-block-heading\"><strong><strong><mark style=\"background-color:rgba(0, 0, 0, 0)\" class=\"has-inline-color has-vivid-red-color\">Acesse o link abaixo e veja a edi\u00e7\u00e3o completa do Di\u00e1rio Tribuna desta segunda-feira (13\/03\/2023)<\/mark><\/strong><\/strong><\/h2>\n\n\n\n<h2 class=\"wp-block-heading\"><a href=\"https:\/\/diariotribuna.com.br\/wp-content\/uploads\/2023\/03\/DIARIO-TRIBUNA-53-ANOS-13-MARCO-2023.pdf\"><strong><mark style=\"background-color:rgba(0, 0, 0, 0)\" class=\"has-inline-color has-vivid-red-color\">https:\/\/diariotribuna.com.br\/wp-content\/uploads\/2023\/03\/DIARIO-TRIBUNA-53-ANOS-13-MARCO-2023.pdf<\/mark><\/strong><\/a><\/h2>\n","protected":false},"excerpt":{"rendered":"<p>Acesse o link abaixo e veja a edi\u00e7\u00e3o completa do Di\u00e1rio Tribuna desta segunda-feira (13\/03\/2023) https:\/\/diariotribuna.com.br\/wp-content\/uploads\/2023\/03\/DIARIO-TRIBUNA-53-ANOS-13-MARCO-2023.pdf<\/p>\n","protected":false},"author":1,"featured_media":19148,"comment_status":"open","ping_status":"open","sticky":false,"template":"","format":"standard","meta":{"rop_custom_images_group":[],"rop_custom_messages_group":[],"rop_publish_now":"initial","rop_publish_now_accounts":[],"rop_publish_now_history":[],"rop_publish_now_status":"pending","footnotes":""},"categories":[17,23],"tags":[5248,42,1010,75,867],"class_list":["post-19146","post","type-post","status-publish","format-standard","has-post-thumbnail","hentry","category-teofilootoni","category-ultimaedicao","tag-13-03-2023","tag-diario-tribuna","tag-nordeste-mineiro","tag-teofilo-otoni","tag-vale-do-mucuri"],"_links":{"self":[{"href":"https:\/\/diariotribuna.com.br\/index.php?rest_route=\/wp\/v2\/posts\/19146"}],"collection":[{"href":"https:\/\/diariotribuna.com.br\/index.php?rest_route=\/wp\/v2\/posts"}],"about":[{"href":"https:\/\/diariotribuna.com.br\/index.php?rest_route=\/wp\/v2\/types\/post"}],"author":[{"embeddable":true,"href":"https:\/\/diariotribuna.com.br\/index.php?rest_route=\/wp\/v2\/users\/1"}],"replies":[{"embeddable":true,"href":"https:\/\/diariotribuna.com.br\/index.php?rest_route=%2Fwp%2Fv2%2Fcomments&post=19146"}],"version-history":[{"count":1,"href":"https:\/\/diariotribuna.com.br\/index.php?rest_route=\/wp\/v2\/posts\/19146\/revisions"}],"predecessor-version":[{"id":19149,"href":"https:\/\/diariotribuna.com.br\/index.php?rest_route=\/wp\/v2\/posts\/19146\/revisions\/19149"}],"wp:featuredmedia":[{"embeddable":true,"href":"https:\/\/diariotribuna.com.br\/index.php?rest_route=\/wp\/v2\/media\/19148"}],"wp:attachment":[{"href":"https:\/\/diariotribuna.com.br\/index.php?rest_route=%2Fwp%2Fv2%2Fmedia&parent=19146"}],"wp:term":[{"taxonomy":"category","embeddable":true,"href":"https:\/\/diariotribuna.com.br\/index.php?rest_route=%2Fwp%2Fv2%2Fcategories&post=19146"},{"taxonomy":"post_tag","embeddable":true,"href":"https:\/\/diariotribuna.com.br\/index.php?rest_route=%2Fwp%2Fv2%2Ftags&post=19146"}],"curies":[{"name":"wp","href":"https:\/\/api.w.org\/{rel}","templated":true}]}}