{"id":19154,"date":"2023-03-14T23:57:33","date_gmt":"2023-03-15T02:57:33","guid":{"rendered":"https:\/\/diariotribuna.com.br\/?p=19154"},"modified":"2023-03-14T23:57:35","modified_gmt":"2023-03-15T02:57:35","slug":"pm-prende-tres-homens-e-apreende-drogas-e-dinheiro-em-mata-verde","status":"publish","type":"post","link":"https:\/\/diariotribuna.com.br\/?p=19154","title":{"rendered":"<strong>PM prende tr\u00eas homens e apreende drogas e dinheiro em Mata Verde<\/strong>"},"content":{"rendered":"\n<figure class=\"wp-block-image size-full is-resized is-style-default\"><img loading=\"lazy\" decoding=\"async\" src=\"https:\/\/diariotribuna.com.br\/wp-content\/uploads\/2023\/03\/cace8e12-758e-4cc7-9370-55eea3d7ee81.jpg\" alt=\"\" class=\"wp-image-19155\" width=\"521\" height=\"261\" srcset=\"https:\/\/diariotribuna.com.br\/wp-content\/uploads\/2023\/03\/cace8e12-758e-4cc7-9370-55eea3d7ee81.jpg 700w, https:\/\/diariotribuna.com.br\/wp-content\/uploads\/2023\/03\/cace8e12-758e-4cc7-9370-55eea3d7ee81-300x150.jpg 300w, https:\/\/diariotribuna.com.br\/wp-content\/uploads\/2023\/03\/cace8e12-758e-4cc7-9370-55eea3d7ee81-696x349.jpg 696w\" sizes=\"(max-width: 521px) 100vw, 521px\" \/><\/figure>\n\n\n\n<p>Uma opera\u00e7\u00e3o realizada pela Pol\u00edcia Militar, na ter\u00e7a-feira (14\/03), em Mata Verde, na regi\u00e3o do Jequitinhonha, resultou na pris\u00e3o de tr\u00eas homens de 18, 31 e 41 anos, e na apreens\u00e3o de um menor de 17, suspeitos de envolvimento no tr\u00e1fico de drogas. A opera\u00e7\u00e3o foi desencadeada por militares do 44\u00ba Batalh\u00e3o para prevenir homic\u00eddio e combater o crime organizado.<\/p>\n\n\n\n<p>A a\u00e7\u00e3o dos policiais iniciou com cumprimento de mandado de busca e apreens\u00e3o em uma resid\u00eancia no centro da cidade. Foram apreendidos mais de R$ 600 em dinheiro, 31 pedras e uma por\u00e7\u00e3o de crack, 16 buchas e uma por\u00e7\u00e3o de maconha. Segundo a PM o mandado de busca foi cumprido na casa de um homem suspeito de gerenciar o tr\u00e1fico de drogas em Mata Verde, e ele foi preso em flagrante.<\/p>\n\n\n\n<p>O homem tem passagens por homic\u00eddio, porte ilegal de arma de fogo, tr\u00e1fico de drogas, les\u00e3o corporal e amea\u00e7a. As drogas e os presos foram encaminhados para a delegacia de Pol\u00edcia Civil em Almenara para as medidas cab\u00edveis \u00e0 pol\u00edcia judici\u00e1ria. (Informa\u00e7\u00f5es\/Foto: assessoria de comunica\u00e7\u00e3o do 44\u00ba BPM\/ Almenara).<\/p>\n","protected":false},"excerpt":{"rendered":"<p>Uma opera\u00e7\u00e3o realizada pela Pol\u00edcia Militar, na ter\u00e7a-feira (14\/03), em Mata Verde, na regi\u00e3o do Jequitinhonha, resultou na pris\u00e3o de tr\u00eas homens de 18, 31 e 41 anos, e na apreens\u00e3o de um menor de 17, suspeitos de envolvimento no tr\u00e1fico de drogas. A opera\u00e7\u00e3o foi desencadeada por militares do 44\u00ba Batalh\u00e3o para prevenir homic\u00eddio [&hellip;]<\/p>\n","protected":false},"author":1,"featured_media":19155,"comment_status":"open","ping_status":"open","sticky":false,"template":"","format":"standard","meta":{"rop_custom_images_group":[],"rop_custom_messages_group":[],"rop_publish_now":"initial","rop_publish_now_accounts":[],"rop_publish_now_history":[],"rop_publish_now_status":"pending","footnotes":""},"categories":[25,20],"tags":[5250,3218,4696,76,739],"class_list":["post-19154","post","type-post","status-publish","format-standard","has-post-thumbnail","hentry","category-destaque","category-policia","tag-1-menor","tag-3-presos","tag-mata-verde","tag-policia-militar","tag-trafico-de-drogas"],"_links":{"self":[{"href":"https:\/\/diariotribuna.com.br\/index.php?rest_route=\/wp\/v2\/posts\/19154"}],"collection":[{"href":"https:\/\/diariotribuna.com.br\/index.php?rest_route=\/wp\/v2\/posts"}],"about":[{"href":"https:\/\/diariotribuna.com.br\/index.php?rest_route=\/wp\/v2\/types\/post"}],"author":[{"embeddable":true,"href":"https:\/\/diariotribuna.com.br\/index.php?rest_route=\/wp\/v2\/users\/1"}],"replies":[{"embeddable":true,"href":"https:\/\/diariotribuna.com.br\/index.php?rest_route=%2Fwp%2Fv2%2Fcomments&post=19154"}],"version-history":[{"count":1,"href":"https:\/\/diariotribuna.com.br\/index.php?rest_route=\/wp\/v2\/posts\/19154\/revisions"}],"predecessor-version":[{"id":19156,"href":"https:\/\/diariotribuna.com.br\/index.php?rest_route=\/wp\/v2\/posts\/19154\/revisions\/19156"}],"wp:featuredmedia":[{"embeddable":true,"href":"https:\/\/diariotribuna.com.br\/index.php?rest_route=\/wp\/v2\/media\/19155"}],"wp:attachment":[{"href":"https:\/\/diariotribuna.com.br\/index.php?rest_route=%2Fwp%2Fv2%2Fmedia&parent=19154"}],"wp:term":[{"taxonomy":"category","embeddable":true,"href":"https:\/\/diariotribuna.com.br\/index.php?rest_route=%2Fwp%2Fv2%2Fcategories&post=19154"},{"taxonomy":"post_tag","embeddable":true,"href":"https:\/\/diariotribuna.com.br\/index.php?rest_route=%2Fwp%2Fv2%2Ftags&post=19154"}],"curies":[{"name":"wp","href":"https:\/\/api.w.org\/{rel}","templated":true}]}}