{"id":19161,"date":"2023-03-15T10:19:40","date_gmt":"2023-03-15T13:19:40","guid":{"rendered":"https:\/\/diariotribuna.com.br\/?p=19161"},"modified":"2023-03-15T10:22:42","modified_gmt":"2023-03-15T13:22:42","slug":"policia-civil-apreende-produtos-oriundos-do-lixao-municipal-sendo-comercializados-em-teofilo-otoni","status":"publish","type":"post","link":"https:\/\/diariotribuna.com.br\/?p=19161","title":{"rendered":"<strong>Pol\u00edcia Civil apreende produtos oriundos do lix\u00e3o municipal sendo comercializados em Te\u00f3filo Otoni<\/strong>"},"content":{"rendered":"\n<figure class=\"wp-block-image size-full is-resized is-style-default\"><img loading=\"lazy\" decoding=\"async\" src=\"https:\/\/diariotribuna.com.br\/wp-content\/uploads\/2023\/03\/0f33ed6d-bc34-4a1a-a8c2-6834722ad563.jpg\" alt=\"\" class=\"wp-image-19162\" width=\"560\" height=\"366\" srcset=\"https:\/\/diariotribuna.com.br\/wp-content\/uploads\/2023\/03\/0f33ed6d-bc34-4a1a-a8c2-6834722ad563.jpg 700w, https:\/\/diariotribuna.com.br\/wp-content\/uploads\/2023\/03\/0f33ed6d-bc34-4a1a-a8c2-6834722ad563-300x196.jpg 300w, https:\/\/diariotribuna.com.br\/wp-content\/uploads\/2023\/03\/0f33ed6d-bc34-4a1a-a8c2-6834722ad563-696x455.jpg 696w, https:\/\/diariotribuna.com.br\/wp-content\/uploads\/2023\/03\/0f33ed6d-bc34-4a1a-a8c2-6834722ad563-642x420.jpg 642w\" sizes=\"(max-width: 560px) 100vw, 560px\" \/><\/figure>\n\n\n\n<p>Na ter\u00e7a-feira (14\/03), investigadores da Pol\u00edcia Civil de Te\u00f3filo Otoni, foram informados que, um indiv\u00edduo frequentador do Lix\u00e3o Municipal desta cidade, teria se apoderado de produtos descartados por uma empresa (Distribuidora) e os revendido por R$ 2 mil para uma terceira pessoa, que tamb\u00e9m, ap\u00f3s comprar os referidos produtos, teria comercializado para outras pessoas em diversas partes da cidade e regi\u00e3o.<\/p>\n\n\n\n<p><strong>Produtos &#8211;<\/strong> Trata-se de 2 toneladas e meia de alimentos, distribu\u00eddos em polvilho, cervejas, leite condensado, amendoim, massa para bolo e outros, todos vencidos e sem condi\u00e7\u00f5es de aproveitamento. Os investigadores fizeram dilig\u00eancias, levantaram alguns endere\u00e7os de suspeitos envolvidos, e chegaram a duas resid\u00eancias no Bairro S\u00e3o Jacinto, sendo que somente em uma delas foi apreendida uma quantidade significativa de produtos que foram retirados do lix\u00e3o.<\/p>\n\n\n\n<p><strong>Vigil\u00e2ncia Sanit\u00e1ria &#8211;<\/strong> Acionados pelos investigadores, uma equipe da vigil\u00e2ncia sanit\u00e1ria foi imediatamente ao local, fez a an\u00e1lise dos produtos, que foram apreendidos para o descarte necess\u00e1rio. Na oportunidade, foram lavradas duas fichas de protocolo (anexas ao procedimento inquisit\u00f3rio). Os suspeitos foram conduzidos \u00e0 delegacia de Pol\u00edcia Civil para prestarem esclarecimentos.<\/p>\n\n\n\n<p>Equipe: Delegado M\u00e1rcio Pereira de Souza. Investigadores: Norberto Jos\u00e9 de Almeida e Cl\u00e1udio dos Santos Borges. Inspetoria: Adriano Andrade e N\u00eddia Altivo. (Informa\u00e7\u00f5es\/Fotos: PCMG\/ Te\u00f3filo Otoni).<\/p>\n\n\n\n<figure class=\"wp-block-gallery has-nested-images columns-default is-cropped wp-block-gallery-1 is-layout-flex wp-block-gallery-is-layout-flex\">\n<figure class=\"wp-block-image size-large is-style-default\"><img loading=\"lazy\" decoding=\"async\" width=\"600\" height=\"420\" data-id=\"19164\" src=\"https:\/\/diariotribuna.com.br\/wp-content\/uploads\/2023\/03\/43ef4481-9e2f-47e0-9a4d-20f0589c4041.jpg\" alt=\"\" class=\"wp-image-19164\" srcset=\"https:\/\/diariotribuna.com.br\/wp-content\/uploads\/2023\/03\/43ef4481-9e2f-47e0-9a4d-20f0589c4041.jpg 600w, https:\/\/diariotribuna.com.br\/wp-content\/uploads\/2023\/03\/43ef4481-9e2f-47e0-9a4d-20f0589c4041-300x210.jpg 300w, https:\/\/diariotribuna.com.br\/wp-content\/uploads\/2023\/03\/43ef4481-9e2f-47e0-9a4d-20f0589c4041-100x70.jpg 100w\" sizes=\"(max-width: 600px) 100vw, 600px\" \/><\/figure>\n\n\n\n<figure class=\"wp-block-image size-large is-style-default\"><img loading=\"lazy\" decoding=\"async\" width=\"600\" height=\"450\" data-id=\"19166\" src=\"https:\/\/diariotribuna.com.br\/wp-content\/uploads\/2023\/03\/7636e643-a0ec-494c-a83a-28987e0f897c.jpg\" alt=\"\" class=\"wp-image-19166\" srcset=\"https:\/\/diariotribuna.com.br\/wp-content\/uploads\/2023\/03\/7636e643-a0ec-494c-a83a-28987e0f897c.jpg 600w, https:\/\/diariotribuna.com.br\/wp-content\/uploads\/2023\/03\/7636e643-a0ec-494c-a83a-28987e0f897c-300x225.jpg 300w, https:\/\/diariotribuna.com.br\/wp-content\/uploads\/2023\/03\/7636e643-a0ec-494c-a83a-28987e0f897c-80x60.jpg 80w, https:\/\/diariotribuna.com.br\/wp-content\/uploads\/2023\/03\/7636e643-a0ec-494c-a83a-28987e0f897c-265x198.jpg 265w, https:\/\/diariotribuna.com.br\/wp-content\/uploads\/2023\/03\/7636e643-a0ec-494c-a83a-28987e0f897c-560x420.jpg 560w\" sizes=\"(max-width: 600px) 100vw, 600px\" \/><\/figure>\n\n\n\n<figure class=\"wp-block-image size-large is-style-default\"><img loading=\"lazy\" decoding=\"async\" width=\"600\" height=\"661\" data-id=\"19167\" src=\"https:\/\/diariotribuna.com.br\/wp-content\/uploads\/2023\/03\/b65d3460-c0af-405d-ba22-1decc9a53b80.jpg\" alt=\"\" class=\"wp-image-19167\" srcset=\"https:\/\/diariotribuna.com.br\/wp-content\/uploads\/2023\/03\/b65d3460-c0af-405d-ba22-1decc9a53b80.jpg 600w, https:\/\/diariotribuna.com.br\/wp-content\/uploads\/2023\/03\/b65d3460-c0af-405d-ba22-1decc9a53b80-272x300.jpg 272w, https:\/\/diariotribuna.com.br\/wp-content\/uploads\/2023\/03\/b65d3460-c0af-405d-ba22-1decc9a53b80-381x420.jpg 381w\" sizes=\"(max-width: 600px) 100vw, 600px\" \/><\/figure>\n\n\n\n<figure class=\"wp-block-image size-large is-style-default\"><img loading=\"lazy\" decoding=\"async\" width=\"600\" height=\"414\" data-id=\"19165\" src=\"https:\/\/diariotribuna.com.br\/wp-content\/uploads\/2023\/03\/3a23fc17-313f-423c-b8ce-ff90161bf094.jpg\" alt=\"\" class=\"wp-image-19165\" srcset=\"https:\/\/diariotribuna.com.br\/wp-content\/uploads\/2023\/03\/3a23fc17-313f-423c-b8ce-ff90161bf094.jpg 600w, https:\/\/diariotribuna.com.br\/wp-content\/uploads\/2023\/03\/3a23fc17-313f-423c-b8ce-ff90161bf094-300x207.jpg 300w, https:\/\/diariotribuna.com.br\/wp-content\/uploads\/2023\/03\/3a23fc17-313f-423c-b8ce-ff90161bf094-100x70.jpg 100w, https:\/\/diariotribuna.com.br\/wp-content\/uploads\/2023\/03\/3a23fc17-313f-423c-b8ce-ff90161bf094-218x150.jpg 218w\" sizes=\"(max-width: 600px) 100vw, 600px\" \/><\/figure>\n\n\n\n<figure class=\"wp-block-image size-large is-style-default\"><img loading=\"lazy\" decoding=\"async\" width=\"600\" height=\"800\" data-id=\"19163\" src=\"https:\/\/diariotribuna.com.br\/wp-content\/uploads\/2023\/03\/0ed34cd0-744d-43ce-b765-2219daba3c03.jpg\" alt=\"\" class=\"wp-image-19163\" srcset=\"https:\/\/diariotribuna.com.br\/wp-content\/uploads\/2023\/03\/0ed34cd0-744d-43ce-b765-2219daba3c03.jpg 600w, https:\/\/diariotribuna.com.br\/wp-content\/uploads\/2023\/03\/0ed34cd0-744d-43ce-b765-2219daba3c03-225x300.jpg 225w, https:\/\/diariotribuna.com.br\/wp-content\/uploads\/2023\/03\/0ed34cd0-744d-43ce-b765-2219daba3c03-315x420.jpg 315w\" sizes=\"(max-width: 600px) 100vw, 600px\" \/><\/figure>\n<\/figure>\n","protected":false},"excerpt":{"rendered":"<p>Na ter\u00e7a-feira (14\/03), investigadores da Pol\u00edcia Civil de Te\u00f3filo Otoni, foram informados que, um indiv\u00edduo frequentador do Lix\u00e3o Municipal desta cidade, teria se apoderado de produtos descartados por uma empresa (Distribuidora) e os revendido por R$ 2 mil para uma terceira pessoa, que tamb\u00e9m, ap\u00f3s comprar os referidos produtos, teria comercializado para outras pessoas em [&hellip;]<\/p>\n","protected":false},"author":1,"featured_media":19162,"comment_status":"open","ping_status":"open","sticky":false,"template":"","format":"standard","meta":{"rop_custom_images_group":[],"rop_custom_messages_group":[],"rop_publish_now":"initial","rop_publish_now_accounts":[],"rop_publish_now_history":[],"rop_publish_now_status":"pending","footnotes":""},"categories":[25,20],"tags":[292,75],"class_list":["post-19161","post","type-post","status-publish","format-standard","has-post-thumbnail","hentry","category-destaque","category-policia","tag-policia-civil","tag-teofilo-otoni"],"_links":{"self":[{"href":"https:\/\/diariotribuna.com.br\/index.php?rest_route=\/wp\/v2\/posts\/19161"}],"collection":[{"href":"https:\/\/diariotribuna.com.br\/index.php?rest_route=\/wp\/v2\/posts"}],"about":[{"href":"https:\/\/diariotribuna.com.br\/index.php?rest_route=\/wp\/v2\/types\/post"}],"author":[{"embeddable":true,"href":"https:\/\/diariotribuna.com.br\/index.php?rest_route=\/wp\/v2\/users\/1"}],"replies":[{"embeddable":true,"href":"https:\/\/diariotribuna.com.br\/index.php?rest_route=%2Fwp%2Fv2%2Fcomments&post=19161"}],"version-history":[{"count":2,"href":"https:\/\/diariotribuna.com.br\/index.php?rest_route=\/wp\/v2\/posts\/19161\/revisions"}],"predecessor-version":[{"id":19169,"href":"https:\/\/diariotribuna.com.br\/index.php?rest_route=\/wp\/v2\/posts\/19161\/revisions\/19169"}],"wp:featuredmedia":[{"embeddable":true,"href":"https:\/\/diariotribuna.com.br\/index.php?rest_route=\/wp\/v2\/media\/19162"}],"wp:attachment":[{"href":"https:\/\/diariotribuna.com.br\/index.php?rest_route=%2Fwp%2Fv2%2Fmedia&parent=19161"}],"wp:term":[{"taxonomy":"category","embeddable":true,"href":"https:\/\/diariotribuna.com.br\/index.php?rest_route=%2Fwp%2Fv2%2Fcategories&post=19161"},{"taxonomy":"post_tag","embeddable":true,"href":"https:\/\/diariotribuna.com.br\/index.php?rest_route=%2Fwp%2Fv2%2Ftags&post=19161"}],"curies":[{"name":"wp","href":"https:\/\/api.w.org\/{rel}","templated":true}]}}