{"id":1919,"date":"2020-07-24T01:14:38","date_gmt":"2020-07-24T04:14:38","guid":{"rendered":"https:\/\/diariotribuna.com.br\/?p=1919"},"modified":"2020-07-24T01:14:40","modified_gmt":"2020-07-24T04:14:40","slug":"realizados-os-primeiros-testes-da-visita-social-virtual-no-presidio-de-teofilo-otoni","status":"publish","type":"post","link":"https:\/\/diariotribuna.com.br\/?p=1919","title":{"rendered":"Realizados os primeiros testes da visita social virtual no Pres\u00eddio de Te\u00f3filo Otoni"},"content":{"rendered":"\n<figure class=\"wp-block-image size-large is-resized\"><img loading=\"lazy\" decoding=\"async\" src=\"https:\/\/diariotribuna.com.br\/wp-content\/uploads\/2020\/07\/unnamed-file-8.jpg\" alt=\"\" class=\"wp-image-1920\" width=\"381\" height=\"257\" srcset=\"https:\/\/diariotribuna.com.br\/wp-content\/uploads\/2020\/07\/unnamed-file-8.jpg 795w, https:\/\/diariotribuna.com.br\/wp-content\/uploads\/2020\/07\/unnamed-file-8-300x203.jpg 300w, https:\/\/diariotribuna.com.br\/wp-content\/uploads\/2020\/07\/unnamed-file-8-768x519.jpg 768w, https:\/\/diariotribuna.com.br\/wp-content\/uploads\/2020\/07\/unnamed-file-8-696x470.jpg 696w, https:\/\/diariotribuna.com.br\/wp-content\/uploads\/2020\/07\/unnamed-file-8-622x420.jpg 622w\" sizes=\"(max-width: 381px) 100vw, 381px\" \/><\/figure>\n\n\n\n<p>A Comiss\u00e3o de Assuntos Carcer\u00e1rios da 28\u00aa Subse\u00e7\u00e3o da OAB\/MG, nesta ter\u00e7a-feira (21\/07\/2020), realizou em conjunto com o Pres\u00eddio Regional de Te\u00f3filo Otoni os primeiros testes t\u00e9cnicos, a fim de propiciar a implementa\u00e7\u00e3o da visita social virtual na unidade prisional atrav\u00e9s de computador ou telefone celular conectados \u00e0 internet.<\/p>\n\n\n\n<p>A presidente da 28\u00aa Subse\u00e7\u00e3o da OAB\/MG \u2013 Te\u00f3filo Otoni, dra. Beatriz C. Cicci Neves destaca que os testes foram satisfat\u00f3rios, haja vista que o mecanismo utilizado funcionou perfeitamente, especificamente, no que concerne a qualidade de imagem, e som atrav\u00e9s da internet. Assim, os acautelados poder\u00e3o por meio eletr\u00f4nico conversar com seus familiares.<\/p>\n\n\n\n<p>\u201cNesse passo, foram iniciados os trabalhos, listando os primeiros acautelados a serem agraciados com o novo m\u00e9todo. Vale destacar, que ser\u00e1 priorizado aos presos que vierem a testar positivo para a covid-19. Desta forma, at\u00e9 o final da semana ser\u00e3o repassadas as orienta\u00e7\u00f5es de como dever\u00e3o proceder os agendamentos das visitas\u201d, disse a dra. Beatriz. Ela ressalta que a presente medida \u00e9 de suma import\u00e2ncia, tendo em vista que representa o retorno ao conv\u00edvio familiar aos segregados que, h\u00e1 mais de 04 meses, por medidas provenientes da pandemia, ficaram incomunic\u00e1veis com seus familiares. (Informa\u00e7\u00f5es: Comiss\u00e3o de Assuntos Carcer\u00e1rios da 28\u00aa Subse\u00e7\u00e3o da OAB\/MG).<\/p>\n","protected":false},"excerpt":{"rendered":"<p>A Comiss\u00e3o de Assuntos Carcer\u00e1rios da 28\u00aa Subse\u00e7\u00e3o da OAB\/MG, nesta ter\u00e7a-feira (21\/07\/2020), realizou em conjunto com o Pres\u00eddio Regional de Te\u00f3filo Otoni os primeiros testes t\u00e9cnicos, a fim de propiciar a implementa\u00e7\u00e3o da visita social virtual na unidade prisional atrav\u00e9s de computador ou telefone celular conectados \u00e0 internet. A presidente da 28\u00aa Subse\u00e7\u00e3o da [&hellip;]<\/p>\n","protected":false},"author":1,"featured_media":1920,"comment_status":"open","ping_status":"open","sticky":false,"template":"","format":"standard","meta":{"rop_custom_images_group":[],"rop_custom_messages_group":[],"rop_publish_now":"initial","rop_publish_now_accounts":[],"rop_publish_now_history":[],"rop_publish_now_status":"pending","footnotes":""},"categories":[17],"tags":[36,648,75,692,691],"class_list":["post-1919","post","type-post","status-publish","format-standard","has-post-thumbnail","hentry","category-teofilootoni","tag-28a-subsecao-da-oab","tag-presidio","tag-teofilo-otoni","tag-virtual","tag-visita"],"_links":{"self":[{"href":"https:\/\/diariotribuna.com.br\/index.php?rest_route=\/wp\/v2\/posts\/1919"}],"collection":[{"href":"https:\/\/diariotribuna.com.br\/index.php?rest_route=\/wp\/v2\/posts"}],"about":[{"href":"https:\/\/diariotribuna.com.br\/index.php?rest_route=\/wp\/v2\/types\/post"}],"author":[{"embeddable":true,"href":"https:\/\/diariotribuna.com.br\/index.php?rest_route=\/wp\/v2\/users\/1"}],"replies":[{"embeddable":true,"href":"https:\/\/diariotribuna.com.br\/index.php?rest_route=%2Fwp%2Fv2%2Fcomments&post=1919"}],"version-history":[{"count":1,"href":"https:\/\/diariotribuna.com.br\/index.php?rest_route=\/wp\/v2\/posts\/1919\/revisions"}],"predecessor-version":[{"id":1921,"href":"https:\/\/diariotribuna.com.br\/index.php?rest_route=\/wp\/v2\/posts\/1919\/revisions\/1921"}],"wp:featuredmedia":[{"embeddable":true,"href":"https:\/\/diariotribuna.com.br\/index.php?rest_route=\/wp\/v2\/media\/1920"}],"wp:attachment":[{"href":"https:\/\/diariotribuna.com.br\/index.php?rest_route=%2Fwp%2Fv2%2Fmedia&parent=1919"}],"wp:term":[{"taxonomy":"category","embeddable":true,"href":"https:\/\/diariotribuna.com.br\/index.php?rest_route=%2Fwp%2Fv2%2Fcategories&post=1919"},{"taxonomy":"post_tag","embeddable":true,"href":"https:\/\/diariotribuna.com.br\/index.php?rest_route=%2Fwp%2Fv2%2Ftags&post=1919"}],"curies":[{"name":"wp","href":"https:\/\/api.w.org\/{rel}","templated":true}]}}