{"id":1922,"date":"2020-07-24T10:25:38","date_gmt":"2020-07-24T13:25:38","guid":{"rendered":"https:\/\/diariotribuna.com.br\/?p=1922"},"modified":"2020-07-24T10:25:40","modified_gmt":"2020-07-24T13:25:40","slug":"o-que-eu-posso-fazer","status":"publish","type":"post","link":"https:\/\/diariotribuna.com.br\/?p=1922","title":{"rendered":"O que eu posso fazer&#8230;"},"content":{"rendered":"\n<figure class=\"wp-block-image size-large is-resized\"><img loading=\"lazy\" decoding=\"async\" src=\"https:\/\/diariotribuna.com.br\/wp-content\/uploads\/2020\/07\/Anibal-Gon\u00e7alves-3.jpg\" alt=\"\" class=\"wp-image-1923\" width=\"211\" height=\"270\" srcset=\"https:\/\/diariotribuna.com.br\/wp-content\/uploads\/2020\/07\/Anibal-Gon\u00e7alves-3.jpg 634w, https:\/\/diariotribuna.com.br\/wp-content\/uploads\/2020\/07\/Anibal-Gon\u00e7alves-3-234x300.jpg 234w, https:\/\/diariotribuna.com.br\/wp-content\/uploads\/2020\/07\/Anibal-Gon\u00e7alves-3-328x420.jpg 328w\" sizes=\"(max-width: 211px) 100vw, 211px\" \/><figcaption><strong>An\u00edbal Gon\u00e7alves<\/strong><br>Pedagogo<\/figcaption><\/figure>\n\n\n\n<p>Caminho pela pra\u00e7a Tiradentes, em Te\u00f3filo Otoni, na manh\u00e3 ensolarada deste \u00faltimo domingo, por\u00e9m deste domingo sem nenhuma perspectiva. Diante dessa pandemia do novo Coronav\u00edrus alguns amigos est\u00e3o muito preocupados com suas pr\u00f3prias vidas para que eu ouse incomod\u00e1-los com minha presen\u00e7a. Enquanto isso, posso dar-me a liberdade de pensar em muitas coisas assim d\u00edspares: se eu me chamasse Drummond, se eu tivesse os olhos negros, se eu fosse doente do peito como os poetas rom\u00e2nticos dos tempos de \u00c1lvares de Azevedo, se eu estivesse morando em Paris sozinho e apaixonado.<\/p>\n\n\n\n<p>Mas Te\u00f3filo Otoni n\u00e3o \u00e9 Paris nem eu me chamo Drummond. E vem o t\u00e9dio de sempre&#8230; o isolamento social de todo dia.<\/p>\n\n\n\n<p>J\u00e1 surgiu o inverno e as ruas ainda est\u00e3o molhadas das l\u00e1grimas da noite, os autom\u00f3veis passeiam ao meu redor repletos de gentes felizes por sa\u00edrem de suas casas \u2013 apesar da Covid-19 \u2013 que desejam aproveitar as del\u00edcias do domingo enquanto a vida me espera na curva da pr\u00f3xima esquina feito um ladr\u00e3o e sinto medo. Meus olhos por demais habituados a desvendar a simplicidade das coisas se confundem com a paisagem que posso chamar de suja e feia da pra\u00e7a Tiradentes em um domingo de manh\u00e3.<\/p>\n\n\n\n<p>Me vem um desejo estranho de viajar \u2013 talvez como faz o \u00c1lvaro Garnero, n\u00e3o sei bem para onde, de desprender- -me das ra\u00edzes, de abandonar tudo, de ser como se eu nascesse de novo, mas eu n\u00e3o posso nascer de novo. O que consigo fazer \u00e9 caminhar pelas ruas perplexo diante da total inutilidade de minhas m\u00e3os inertes em transformar o tempo, o dia, a noite que chegar\u00e1, bem sei.<\/p>\n\n\n\n<p>O que posso fazer \u00e9 caminhar pelas ruas espiando as casas.<\/p>\n\n\n\n<p>O que posso fazer \u00e9 caminhar pelas ruas feito um c\u00e3o vadio ainda n\u00e3o encontrado por algu\u00e9m da ONG Amemais.<\/p>\n\n\n\n<p>Tenho uma vontade esquisita de entoar boleros, de ouvir Carlos Gardel tal como dona Rosa do saudoso Seu Maciel, em companhia dos netos Rafael, Mariana e Isabela, e dos filhos Maciel Neto e Fabr\u00edcia, esposa de Cesar &#8211; o genro preferido e \u00fanico, o fizeram de certa feita em Buenos Aires, de dan\u00e7ar um samba de gafieira, ver um filme de Carlitos, beber at\u00e9 o total e absoluto esquecimento de quem sou, do que fa\u00e7o, do que vivo cada vez mais comprometido com a vida. E voc\u00ea&#8230; o que pode fazer..?!<\/p>\n\n\n\n<p><strong>Sobre o colunista: An\u00edbal Gon\u00e7alves<\/strong> \u00e9 pedagogo, graduado em Administra\u00e7\u00e3o Escolar, ex-diretor da Escola Estadual de Coroaci &#8211; MG [hoje Dona Sinhaninha Gon\u00e7alves] e professor de Filosofia, Sociologia e Hist\u00f3ria da Educa\u00e7\u00e3o. Foi chefe do Departamento de Educa\u00e7\u00e3o Cooperativista da CLTO. Atualmente, jornalista e radialista da 98 FM (Te\u00f3filo Otoni) e colunista do Jornal Di\u00e1rio Tribuna.<\/p>\n","protected":false},"excerpt":{"rendered":"<p>Caminho pela pra\u00e7a Tiradentes, em Te\u00f3filo Otoni, na manh\u00e3 ensolarada deste \u00faltimo domingo, por\u00e9m deste domingo sem nenhuma perspectiva. Diante dessa pandemia do novo Coronav\u00edrus alguns amigos est\u00e3o muito preocupados com suas pr\u00f3prias vidas para que eu ouse incomod\u00e1-los com minha presen\u00e7a. Enquanto isso, posso dar-me a liberdade de pensar em muitas coisas assim d\u00edspares: [&hellip;]<\/p>\n","protected":false},"author":1,"featured_media":1923,"comment_status":"open","ping_status":"open","sticky":false,"template":"","format":"standard","meta":{"rop_custom_images_group":[],"rop_custom_messages_group":[],"rop_publish_now":"initial","rop_publish_now_accounts":[],"rop_publish_now_history":[],"rop_publish_now_status":"pending","footnotes":""},"categories":[25,24],"tags":[474,91,694,693,75],"class_list":["post-1922","post","type-post","status-publish","format-standard","has-post-thumbnail","hentry","category-destaque","category-opiniao","tag-anibal-goncalves-2","tag-minas","tag-o-que-eu-posso-fazer","tag-pedagogo","tag-teofilo-otoni"],"_links":{"self":[{"href":"https:\/\/diariotribuna.com.br\/index.php?rest_route=\/wp\/v2\/posts\/1922"}],"collection":[{"href":"https:\/\/diariotribuna.com.br\/index.php?rest_route=\/wp\/v2\/posts"}],"about":[{"href":"https:\/\/diariotribuna.com.br\/index.php?rest_route=\/wp\/v2\/types\/post"}],"author":[{"embeddable":true,"href":"https:\/\/diariotribuna.com.br\/index.php?rest_route=\/wp\/v2\/users\/1"}],"replies":[{"embeddable":true,"href":"https:\/\/diariotribuna.com.br\/index.php?rest_route=%2Fwp%2Fv2%2Fcomments&post=1922"}],"version-history":[{"count":1,"href":"https:\/\/diariotribuna.com.br\/index.php?rest_route=\/wp\/v2\/posts\/1922\/revisions"}],"predecessor-version":[{"id":1924,"href":"https:\/\/diariotribuna.com.br\/index.php?rest_route=\/wp\/v2\/posts\/1922\/revisions\/1924"}],"wp:featuredmedia":[{"embeddable":true,"href":"https:\/\/diariotribuna.com.br\/index.php?rest_route=\/wp\/v2\/media\/1923"}],"wp:attachment":[{"href":"https:\/\/diariotribuna.com.br\/index.php?rest_route=%2Fwp%2Fv2%2Fmedia&parent=1922"}],"wp:term":[{"taxonomy":"category","embeddable":true,"href":"https:\/\/diariotribuna.com.br\/index.php?rest_route=%2Fwp%2Fv2%2Fcategories&post=1922"},{"taxonomy":"post_tag","embeddable":true,"href":"https:\/\/diariotribuna.com.br\/index.php?rest_route=%2Fwp%2Fv2%2Ftags&post=1922"}],"curies":[{"name":"wp","href":"https:\/\/api.w.org\/{rel}","templated":true}]}}