{"id":19240,"date":"2023-03-22T01:54:01","date_gmt":"2023-03-22T04:54:01","guid":{"rendered":"https:\/\/diariotribuna.com.br\/?p=19240"},"modified":"2023-03-22T01:54:03","modified_gmt":"2023-03-22T04:54:03","slug":"viacao-vale-do-mucury-realiza-o-sonho-do-aluno-felipe-da-escola-municipal-honorinda-ferreira-cardoso","status":"publish","type":"post","link":"https:\/\/diariotribuna.com.br\/?p=19240","title":{"rendered":"Via\u00e7\u00e3o Vale do Mucury realiza o sonho do aluno Felipe, da Escola Municipal Honorinda Ferreira Cardoso"},"content":{"rendered":"\n<figure class=\"wp-block-image size-full is-resized is-style-default\"><img loading=\"lazy\" decoding=\"async\" src=\"https:\/\/diariotribuna.com.br\/wp-content\/uploads\/2023\/03\/DSC_3609.jpg\" alt=\"\" class=\"wp-image-19258\" width=\"594\" height=\"384\" srcset=\"https:\/\/diariotribuna.com.br\/wp-content\/uploads\/2023\/03\/DSC_3609.jpg 700w, https:\/\/diariotribuna.com.br\/wp-content\/uploads\/2023\/03\/DSC_3609-300x194.jpg 300w, https:\/\/diariotribuna.com.br\/wp-content\/uploads\/2023\/03\/DSC_3609-696x449.jpg 696w, https:\/\/diariotribuna.com.br\/wp-content\/uploads\/2023\/03\/DSC_3609-650x420.jpg 650w\" sizes=\"(max-width: 594px) 100vw, 594px\" \/><\/figure>\n\n\n\n<p><strong>Te\u00f3filo Otoni &#8211;<\/strong> A ter\u00e7a-feira (14\/03), foi um dia especial na vida de Felipe Evangelista Oliveira, de 12 anos, aluno especial da Escola Municipal Honorinda Ferreira Cardoso, situada no Bairro Jardim S\u00e3o Paulo. Ele \u00e9 apaixonado por \u00f4nibus e realizou o sonho de conhecer a Via\u00e7\u00e3o Vale do Mucury. Felipe e seus coleguinhas, quase 30 crian\u00e7as, a diretora C\u00e9lia, coordenadora Marli, a vereadora V\u00e2nia Resende, e o diretor da APAE, Mauro Schettino, foram recepcionados pelo empres\u00e1rio R\u00f4mulo Maciel e funcion\u00e1rios da empresa.<\/p>\n\n\n\n<p><strong>R\u00f4mulo Maciel foi o guia especial de Felipe<\/strong>, mostrou a ele toda a estrutura da empresa, desde a recep\u00e7\u00e3o at\u00e9 a oficina. Felipe conheceu funcion\u00e1rios, entrou em um \u00f4nibus onde falou com a imprensa, e o encontro finalizou no espa\u00e7o gourmet da empresa, onde todos participaram de uma festividade, com direito a cachorro quente, presentes para toda crian\u00e7ada e muita alegria. Outro momento especial para Felipe foi quando R\u00f4mulo apresentou a ele a mini frota de ve\u00edculos, que fica no seu escrit\u00f3rio, todos os modelos e cores desde o in\u00edcio da empresa.<\/p>\n\n\n\n<p>\u201cN\u00f3s j\u00e1 temos uma parceria com a comunidade h\u00e1 algum tempo, e fomos procurados pela V\u00e2nia e pela C\u00e9lia diretora falando que Felipe \u00e9 um apaixonado por transporte, apaixonado por \u00f4nibus, e at\u00e9 o anivers\u00e1rio dele deste ano teve um bolo com o tema Vale do Mucury. Isso nos deu a vontade de proporcionar essa alegria pra ele. E eu acho que o mais importante \u00e9 dar a oportunidade para que a comunidade conhe\u00e7a o trabalho interno da Vale do Mucury, que \u00e9 a manuten\u00e7\u00e3o e demais servi\u00e7os que s\u00e3o feitos\u201d, disse R\u00f4mulo que ficou feliz por ver que Felipe conhece as linhas de \u00f4nibus na cidade, sabe nome de v\u00e1rios motoristas, saber que ele ama a empresa. Felipe e seus coleguinhas foram buscados na escola e levados de volta num \u00f4nibus, e esse dia vai ficar marcado na sua vida.<\/p>\n\n\n\n<figure class=\"wp-block-image size-full is-resized is-style-default\"><img loading=\"lazy\" decoding=\"async\" src=\"https:\/\/diariotribuna.com.br\/wp-content\/uploads\/2023\/03\/8-3.jpg\" alt=\"\" class=\"wp-image-19241\" width=\"543\" height=\"371\" srcset=\"https:\/\/diariotribuna.com.br\/wp-content\/uploads\/2023\/03\/8-3.jpg 600w, https:\/\/diariotribuna.com.br\/wp-content\/uploads\/2023\/03\/8-3-300x205.jpg 300w, https:\/\/diariotribuna.com.br\/wp-content\/uploads\/2023\/03\/8-3-218x150.jpg 218w\" sizes=\"(max-width: 543px) 100vw, 543px\" \/><figcaption class=\"wp-element-caption\"><strong>Empres\u00e1rio R\u00f4mulo Maciel com a diretora C\u00e9lia e a<br>vereadora V\u00e2nia Resende<\/strong><\/figcaption><\/figure>\n\n\n\n<p><strong>A vereadora V\u00e2nia Resende,<\/strong> que mora no Jardim S\u00e3o Paulo h\u00e1 35 anos, \u00e9 a madrinha da Escola Honorinda Ferreira, onde seus filhos estudaram, intermediou o evento com R\u00f4mulo e ficou muito feliz por poder realizar o sonho da crian\u00e7ada e o projeto da diretora C\u00e9lia, com o apoio da Vale do Mucury. \u201cO R\u00f4mulo \u00e9 um parceiro excelente dessa escola, tem nos ajudado muito, e para mim \u00e9 uma satisfa\u00e7\u00e3o imensa ver essa molecada feliz aqui, conhecendo a Vale do Mucury, conhecendo todo o funcionamento dessa empresa maravilhosa, que d\u00e1 tanto emprego na nossa cidade, e que apoia tanto o social em toda nossa regi\u00e3o\u201d, disse V\u00e2nia. Ela informou que a APAE acompanhou o evento porque tem alunos especiais, e agradeceu R\u00f4mulo por esse dia especial.<\/p>\n\n\n\n<p><strong>A diretora C\u00e9lia Maria Martins<\/strong> destaca que faz um trabalho respeitando as limita\u00e7\u00f5es, o direito da crian\u00e7a, e busca envolver toda crian\u00e7a especial que tem dentro da escola. \u201cEla realmente participa, nossa escola \u00e9 inclusiva. N\u00f3s trabalhamos isso, temos um respeito muito grande\u201d. C\u00e9lia disse que Felipe n\u00e3o se sente diferente, que a escola busca mostrar para ele a igualdade, n\u00e3o s\u00f3 em palavras, mas tamb\u00e9m em a\u00e7\u00f5es. A Escola tem hoje 410 alunos, funciona manh\u00e3, tarde e noite, do infantil ao 5\u00ba ano, o EJA, e tem em torno de 18 crian\u00e7as especiais. \u201cNossa escola est\u00e1 passando por obra, amplia\u00e7\u00e3o, est\u00e1 crescendo. O governo municipal est\u00e1 investindo juntamente com a secret\u00e1ria de Educa\u00e7\u00e3o Denise\u201d, informou<\/p>\n\n\n\n<p><strong>A coordenadora Marli<\/strong> disse que quando a escola recebeu o aluno Felipe no ano passado, notou a paix\u00e3o que ele tem pela Vale do Mucury, ela conversou com a diretora C\u00e9lia, e o encontro foi intermediado pela vereadora V\u00e2nia Resende. \u201cPra gente mostrar que \u00e9 uma empresa que ajuda, participa da comunidade, e hoje nos acolheu com tanto carinho. E quando a gente fala de educa\u00e7\u00e3o especial, Felipe \u00e9 uma crian\u00e7a especial que nos faz ver o mundo de maneira especial\u201d, disse.<\/p>\n\n\n\n<p><strong>A professora Elis\u00e2ngela Evangelista de Souza, m\u00e3e de Felipe,<\/strong> disse que, desde que descobriu o autismo dele, ele sempre demonstrou ter um hiperfoco que \u00e9 chamado dentro do espectro, e tudo que tem quatro rodas ele gosta muito. \u201cE desde os 3 anos e meio ele desenvolveu esse interesse\u201d. (Texto e fotos: Di\u00e1rio Tribuna).<\/p>\n\n\n\n<pre class=\"wp-block-verse\"><strong>MOMENTOS QUE MARCARAM A ALEGRE VISITA DE FELIPE NA VIA\u00c7\u00c3O VALE DO MUCURY<\/strong><\/pre>\n\n\n\n<figure class=\"wp-block-gallery has-nested-images columns-default is-cropped wp-block-gallery-1 is-layout-flex wp-block-gallery-is-layout-flex\">\n<figure class=\"wp-block-image size-large is-style-default\"><img loading=\"lazy\" decoding=\"async\" width=\"600\" height=\"397\" data-id=\"19252\" src=\"https:\/\/diariotribuna.com.br\/wp-content\/uploads\/2023\/03\/10-1.jpg\" alt=\"\" class=\"wp-image-19252\" srcset=\"https:\/\/diariotribuna.com.br\/wp-content\/uploads\/2023\/03\/10-1.jpg 600w, https:\/\/diariotribuna.com.br\/wp-content\/uploads\/2023\/03\/10-1-300x199.jpg 300w\" sizes=\"(max-width: 600px) 100vw, 600px\" \/><\/figure>\n\n\n\n<figure class=\"wp-block-image size-large is-style-default\"><img loading=\"lazy\" decoding=\"async\" width=\"600\" height=\"419\" data-id=\"19246\" src=\"https:\/\/diariotribuna.com.br\/wp-content\/uploads\/2023\/03\/2-5.jpg\" alt=\"\" class=\"wp-image-19246\" srcset=\"https:\/\/diariotribuna.com.br\/wp-content\/uploads\/2023\/03\/2-5.jpg 600w, https:\/\/diariotribuna.com.br\/wp-content\/uploads\/2023\/03\/2-5-300x210.jpg 300w, https:\/\/diariotribuna.com.br\/wp-content\/uploads\/2023\/03\/2-5-100x70.jpg 100w\" sizes=\"(max-width: 600px) 100vw, 600px\" \/><\/figure>\n\n\n\n<figure class=\"wp-block-image size-large is-style-default\"><img loading=\"lazy\" decoding=\"async\" width=\"600\" height=\"438\" data-id=\"19259\" src=\"https:\/\/diariotribuna.com.br\/wp-content\/uploads\/2023\/03\/DSC_3625.jpg\" alt=\"\" class=\"wp-image-19259\" srcset=\"https:\/\/diariotribuna.com.br\/wp-content\/uploads\/2023\/03\/DSC_3625.jpg 600w, https:\/\/diariotribuna.com.br\/wp-content\/uploads\/2023\/03\/DSC_3625-300x219.jpg 300w, https:\/\/diariotribuna.com.br\/wp-content\/uploads\/2023\/03\/DSC_3625-575x420.jpg 575w\" sizes=\"(max-width: 600px) 100vw, 600px\" \/><\/figure>\n\n\n\n<figure class=\"wp-block-image size-large is-style-default\"><img loading=\"lazy\" decoding=\"async\" width=\"600\" height=\"437\" data-id=\"19257\" src=\"https:\/\/diariotribuna.com.br\/wp-content\/uploads\/2023\/03\/DSC_3609-Copia.jpg\" alt=\"\" class=\"wp-image-19257\" srcset=\"https:\/\/diariotribuna.com.br\/wp-content\/uploads\/2023\/03\/DSC_3609-Copia.jpg 600w, https:\/\/diariotribuna.com.br\/wp-content\/uploads\/2023\/03\/DSC_3609-Copia-300x219.jpg 300w, https:\/\/diariotribuna.com.br\/wp-content\/uploads\/2023\/03\/DSC_3609-Copia-324x235.jpg 324w, https:\/\/diariotribuna.com.br\/wp-content\/uploads\/2023\/03\/DSC_3609-Copia-577x420.jpg 577w\" sizes=\"(max-width: 600px) 100vw, 600px\" \/><\/figure>\n\n\n\n<figure class=\"wp-block-image size-large is-style-default\"><img loading=\"lazy\" decoding=\"async\" width=\"600\" height=\"376\" data-id=\"19255\" src=\"https:\/\/diariotribuna.com.br\/wp-content\/uploads\/2023\/03\/14-1.jpg\" alt=\"\" class=\"wp-image-19255\" srcset=\"https:\/\/diariotribuna.com.br\/wp-content\/uploads\/2023\/03\/14-1.jpg 600w, https:\/\/diariotribuna.com.br\/wp-content\/uploads\/2023\/03\/14-1-300x188.jpg 300w\" sizes=\"(max-width: 600px) 100vw, 600px\" \/><\/figure>\n\n\n\n<figure class=\"wp-block-image size-large is-style-default\"><img loading=\"lazy\" decoding=\"async\" width=\"600\" height=\"361\" data-id=\"19254\" src=\"https:\/\/diariotribuna.com.br\/wp-content\/uploads\/2023\/03\/12.jpg\" alt=\"\" class=\"wp-image-19254\" srcset=\"https:\/\/diariotribuna.com.br\/wp-content\/uploads\/2023\/03\/12.jpg 600w, https:\/\/diariotribuna.com.br\/wp-content\/uploads\/2023\/03\/12-300x181.jpg 300w\" sizes=\"(max-width: 600px) 100vw, 600px\" \/><\/figure>\n\n\n\n<figure class=\"wp-block-image size-large is-style-default\"><img loading=\"lazy\" decoding=\"async\" width=\"600\" height=\"408\" data-id=\"19253\" src=\"https:\/\/diariotribuna.com.br\/wp-content\/uploads\/2023\/03\/11-2.jpg\" alt=\"\" class=\"wp-image-19253\" srcset=\"https:\/\/diariotribuna.com.br\/wp-content\/uploads\/2023\/03\/11-2.jpg 600w, https:\/\/diariotribuna.com.br\/wp-content\/uploads\/2023\/03\/11-2-300x204.jpg 300w\" sizes=\"(max-width: 600px) 100vw, 600px\" \/><\/figure>\n\n\n\n<figure class=\"wp-block-image size-large is-style-default\"><img loading=\"lazy\" decoding=\"async\" width=\"600\" height=\"389\" data-id=\"19256\" src=\"https:\/\/diariotribuna.com.br\/wp-content\/uploads\/2023\/03\/3-5.jpg\" alt=\"\" class=\"wp-image-19256\" srcset=\"https:\/\/diariotribuna.com.br\/wp-content\/uploads\/2023\/03\/3-5.jpg 600w, https:\/\/diariotribuna.com.br\/wp-content\/uploads\/2023\/03\/3-5-300x195.jpg 300w\" sizes=\"(max-width: 600px) 100vw, 600px\" \/><\/figure>\n\n\n\n<figure class=\"wp-block-image size-large is-style-default\"><img loading=\"lazy\" decoding=\"async\" width=\"600\" height=\"402\" data-id=\"19251\" src=\"https:\/\/diariotribuna.com.br\/wp-content\/uploads\/2023\/03\/9-2.jpg\" alt=\"\" class=\"wp-image-19251\" srcset=\"https:\/\/diariotribuna.com.br\/wp-content\/uploads\/2023\/03\/9-2.jpg 600w, https:\/\/diariotribuna.com.br\/wp-content\/uploads\/2023\/03\/9-2-300x201.jpg 300w\" sizes=\"(max-width: 600px) 100vw, 600px\" \/><\/figure>\n\n\n\n<figure class=\"wp-block-image size-large is-style-default\"><img loading=\"lazy\" decoding=\"async\" width=\"600\" height=\"405\" data-id=\"19248\" src=\"https:\/\/diariotribuna.com.br\/wp-content\/uploads\/2023\/03\/13.jpg\" alt=\"\" class=\"wp-image-19248\" srcset=\"https:\/\/diariotribuna.com.br\/wp-content\/uploads\/2023\/03\/13.jpg 600w, https:\/\/diariotribuna.com.br\/wp-content\/uploads\/2023\/03\/13-300x203.jpg 300w\" sizes=\"(max-width: 600px) 100vw, 600px\" \/><\/figure>\n\n\n\n<figure class=\"wp-block-image size-large is-style-default\"><img loading=\"lazy\" decoding=\"async\" width=\"600\" height=\"395\" data-id=\"19249\" src=\"https:\/\/diariotribuna.com.br\/wp-content\/uploads\/2023\/03\/7-3.jpg\" alt=\"\" class=\"wp-image-19249\" srcset=\"https:\/\/diariotribuna.com.br\/wp-content\/uploads\/2023\/03\/7-3.jpg 600w, https:\/\/diariotribuna.com.br\/wp-content\/uploads\/2023\/03\/7-3-300x198.jpg 300w\" sizes=\"(max-width: 600px) 100vw, 600px\" \/><\/figure>\n\n\n\n<figure class=\"wp-block-image size-large is-style-default\"><img loading=\"lazy\" decoding=\"async\" width=\"600\" height=\"437\" data-id=\"19250\" src=\"https:\/\/diariotribuna.com.br\/wp-content\/uploads\/2023\/03\/5.bmp\" alt=\"\" class=\"wp-image-19250\" srcset=\"https:\/\/diariotribuna.com.br\/wp-content\/uploads\/2023\/03\/5.bmp 600w, https:\/\/diariotribuna.com.br\/wp-content\/uploads\/2023\/03\/5-300x219.jpg 300w, https:\/\/diariotribuna.com.br\/wp-content\/uploads\/2023\/03\/5-324x235.jpg 324w, https:\/\/diariotribuna.com.br\/wp-content\/uploads\/2023\/03\/5-577x420.jpg 577w\" sizes=\"(max-width: 600px) 100vw, 600px\" \/><\/figure>\n\n\n\n<figure class=\"wp-block-image size-large is-style-default\"><img loading=\"lazy\" decoding=\"async\" width=\"600\" height=\"403\" data-id=\"19247\" src=\"https:\/\/diariotribuna.com.br\/wp-content\/uploads\/2023\/03\/4-4.jpg\" alt=\"\" class=\"wp-image-19247\" srcset=\"https:\/\/diariotribuna.com.br\/wp-content\/uploads\/2023\/03\/4-4.jpg 600w, https:\/\/diariotribuna.com.br\/wp-content\/uploads\/2023\/03\/4-4-300x202.jpg 300w\" sizes=\"(max-width: 600px) 100vw, 600px\" \/><\/figure>\n\n\n\n<figure class=\"wp-block-image size-large is-style-default\"><img loading=\"lazy\" decoding=\"async\" width=\"600\" height=\"402\" data-id=\"19245\" src=\"https:\/\/diariotribuna.com.br\/wp-content\/uploads\/2023\/03\/6-5.jpg\" alt=\"\" class=\"wp-image-19245\" srcset=\"https:\/\/diariotribuna.com.br\/wp-content\/uploads\/2023\/03\/6-5.jpg 600w, https:\/\/diariotribuna.com.br\/wp-content\/uploads\/2023\/03\/6-5-300x201.jpg 300w\" sizes=\"(max-width: 600px) 100vw, 600px\" \/><\/figure>\n<\/figure>\n","protected":false},"excerpt":{"rendered":"<p>Te\u00f3filo Otoni &#8211; A ter\u00e7a-feira (14\/03), foi um dia especial na vida de Felipe Evangelista Oliveira, de 12 anos, aluno especial da Escola Municipal Honorinda Ferreira Cardoso, situada no Bairro Jardim S\u00e3o Paulo. Ele \u00e9 apaixonado por \u00f4nibus e realizou o sonho de conhecer a Via\u00e7\u00e3o Vale do Mucury. Felipe e seus coleguinhas, quase 30 [&hellip;]<\/p>\n","protected":false},"author":1,"featured_media":19258,"comment_status":"open","ping_status":"open","sticky":false,"template":"","format":"standard","meta":{"rop_custom_images_group":[],"rop_custom_messages_group":[],"rop_publish_now":"initial","rop_publish_now_accounts":[],"rop_publish_now_history":[],"rop_publish_now_status":"pending","footnotes":""},"categories":[25,17],"tags":[5264,5265,2407,5263,75,1510],"class_list":["post-19240","post","type-post","status-publish","format-standard","has-post-thumbnail","hentry","category-destaque","category-teofilootoni","tag-aluno-felipe","tag-escola-honorinda-ferreira-cardoso","tag-onibus","tag-passei","tag-teofilo-otoni","tag-viacao-vale-do-mucury"],"_links":{"self":[{"href":"https:\/\/diariotribuna.com.br\/index.php?rest_route=\/wp\/v2\/posts\/19240"}],"collection":[{"href":"https:\/\/diariotribuna.com.br\/index.php?rest_route=\/wp\/v2\/posts"}],"about":[{"href":"https:\/\/diariotribuna.com.br\/index.php?rest_route=\/wp\/v2\/types\/post"}],"author":[{"embeddable":true,"href":"https:\/\/diariotribuna.com.br\/index.php?rest_route=\/wp\/v2\/users\/1"}],"replies":[{"embeddable":true,"href":"https:\/\/diariotribuna.com.br\/index.php?rest_route=%2Fwp%2Fv2%2Fcomments&post=19240"}],"version-history":[{"count":1,"href":"https:\/\/diariotribuna.com.br\/index.php?rest_route=\/wp\/v2\/posts\/19240\/revisions"}],"predecessor-version":[{"id":19260,"href":"https:\/\/diariotribuna.com.br\/index.php?rest_route=\/wp\/v2\/posts\/19240\/revisions\/19260"}],"wp:featuredmedia":[{"embeddable":true,"href":"https:\/\/diariotribuna.com.br\/index.php?rest_route=\/wp\/v2\/media\/19258"}],"wp:attachment":[{"href":"https:\/\/diariotribuna.com.br\/index.php?rest_route=%2Fwp%2Fv2%2Fmedia&parent=19240"}],"wp:term":[{"taxonomy":"category","embeddable":true,"href":"https:\/\/diariotribuna.com.br\/index.php?rest_route=%2Fwp%2Fv2%2Fcategories&post=19240"},{"taxonomy":"post_tag","embeddable":true,"href":"https:\/\/diariotribuna.com.br\/index.php?rest_route=%2Fwp%2Fv2%2Ftags&post=19240"}],"curies":[{"name":"wp","href":"https:\/\/api.w.org\/{rel}","templated":true}]}}