{"id":1925,"date":"2020-07-24T11:27:23","date_gmt":"2020-07-24T14:27:23","guid":{"rendered":"https:\/\/diariotribuna.com.br\/?p=1925"},"modified":"2020-07-24T11:36:56","modified_gmt":"2020-07-24T14:36:56","slug":"apos-denuncia-policia-militar-prende-homem-com-moto-roubada-em-catuji","status":"publish","type":"post","link":"https:\/\/diariotribuna.com.br\/?p=1925","title":{"rendered":"Ap\u00f3s den\u00fancia Pol\u00edcia Militar prende homem com moto roubada em Catuji"},"content":{"rendered":"\n<figure class=\"wp-block-image size-large is-resized\"><img loading=\"lazy\" decoding=\"async\" src=\"https:\/\/diariotribuna.com.br\/wp-content\/uploads\/2020\/07\/7233b28e-de05-48cf-86e0-5bce04c25a3e.jpg\" alt=\"\" class=\"wp-image-1926\" width=\"331\" height=\"440\" srcset=\"https:\/\/diariotribuna.com.br\/wp-content\/uploads\/2020\/07\/7233b28e-de05-48cf-86e0-5bce04c25a3e.jpg 720w, https:\/\/diariotribuna.com.br\/wp-content\/uploads\/2020\/07\/7233b28e-de05-48cf-86e0-5bce04c25a3e-225x300.jpg 225w, https:\/\/diariotribuna.com.br\/wp-content\/uploads\/2020\/07\/7233b28e-de05-48cf-86e0-5bce04c25a3e-696x927.jpg 696w, https:\/\/diariotribuna.com.br\/wp-content\/uploads\/2020\/07\/7233b28e-de05-48cf-86e0-5bce04c25a3e-315x420.jpg 315w\" sizes=\"(max-width: 331px) 100vw, 331px\" \/><\/figure>\n\n\n\n<p>Durante opera\u00e7\u00e3o da Pol\u00edcia Militar na quarta- -feira (23\/07), no Bairro Manilhas, cidade de Catuji, os militares fizeram contato com moradores daquela localidade, e atrav\u00e9s de den\u00fancia an\u00f4nima localizaram numa casa em constru\u00e7\u00e3o uma motocicleta Honda Fan de cor preta, subtra\u00edda no roubo ocorrido h\u00e1 uma semana na zona rural daquela cidade.<\/p>\n\n\n\n<p>O ve\u00edculo foi apreendido e encaminhado ao p\u00e1tio conveniado ao Detran, em Novo Cruzeiro. Equipe: sargento Paulo Silva e cabo Fabiano. (Informa\u00e7\u00f5es\/Foto: Tenente Thalles Dohler Schutte\/comandante do 2\u00ba Pelot\u00e3o \/ 232\u00aa Cia PM)<\/p>\n","protected":false},"excerpt":{"rendered":"<p>Durante opera\u00e7\u00e3o da Pol\u00edcia Militar na quarta- -feira (23\/07), no Bairro Manilhas, cidade de Catuji, os militares fizeram contato com moradores daquela localidade, e atrav\u00e9s de den\u00fancia an\u00f4nima localizaram numa casa em constru\u00e7\u00e3o uma motocicleta Honda Fan de cor preta, subtra\u00edda no roubo ocorrido h\u00e1 uma semana na zona rural daquela cidade. O ve\u00edculo foi [&hellip;]<\/p>\n","protected":false},"author":1,"featured_media":1926,"comment_status":"open","ping_status":"open","sticky":false,"template":"","format":"standard","meta":{"rop_custom_images_group":[],"rop_custom_messages_group":[],"rop_publish_now":"initial","rop_publish_now_accounts":[],"rop_publish_now_history":[],"rop_publish_now_status":"pending","footnotes":""},"categories":[20],"tags":[186,695,696,76],"class_list":["post-1925","post","type-post","status-publish","format-standard","has-post-thumbnail","hentry","category-policia","tag-apreensao","tag-catuji","tag-moto-roubada","tag-policia-militar"],"_links":{"self":[{"href":"https:\/\/diariotribuna.com.br\/index.php?rest_route=\/wp\/v2\/posts\/1925"}],"collection":[{"href":"https:\/\/diariotribuna.com.br\/index.php?rest_route=\/wp\/v2\/posts"}],"about":[{"href":"https:\/\/diariotribuna.com.br\/index.php?rest_route=\/wp\/v2\/types\/post"}],"author":[{"embeddable":true,"href":"https:\/\/diariotribuna.com.br\/index.php?rest_route=\/wp\/v2\/users\/1"}],"replies":[{"embeddable":true,"href":"https:\/\/diariotribuna.com.br\/index.php?rest_route=%2Fwp%2Fv2%2Fcomments&post=1925"}],"version-history":[{"count":1,"href":"https:\/\/diariotribuna.com.br\/index.php?rest_route=\/wp\/v2\/posts\/1925\/revisions"}],"predecessor-version":[{"id":1927,"href":"https:\/\/diariotribuna.com.br\/index.php?rest_route=\/wp\/v2\/posts\/1925\/revisions\/1927"}],"wp:featuredmedia":[{"embeddable":true,"href":"https:\/\/diariotribuna.com.br\/index.php?rest_route=\/wp\/v2\/media\/1926"}],"wp:attachment":[{"href":"https:\/\/diariotribuna.com.br\/index.php?rest_route=%2Fwp%2Fv2%2Fmedia&parent=1925"}],"wp:term":[{"taxonomy":"category","embeddable":true,"href":"https:\/\/diariotribuna.com.br\/index.php?rest_route=%2Fwp%2Fv2%2Fcategories&post=1925"},{"taxonomy":"post_tag","embeddable":true,"href":"https:\/\/diariotribuna.com.br\/index.php?rest_route=%2Fwp%2Fv2%2Ftags&post=1925"}],"curies":[{"name":"wp","href":"https:\/\/api.w.org\/{rel}","templated":true}]}}