{"id":19261,"date":"2023-03-22T13:13:14","date_gmt":"2023-03-22T16:13:14","guid":{"rendered":"https:\/\/diariotribuna.com.br\/?p=19261"},"modified":"2023-03-27T01:10:20","modified_gmt":"2023-03-27T04:10:20","slug":"policia-civil-deflagra-a-operacao-ambitus-e-prende-vereadores-em-jacinto","status":"publish","type":"post","link":"https:\/\/diariotribuna.com.br\/?p=19261","title":{"rendered":"Pol\u00edcia Civil deflagra a opera\u00e7\u00e3o &#8220;Ambitus&#8221; e prende vereadores em Jacinto"},"content":{"rendered":"\n<p><em><strong>Tr\u00eas homens foram presos por crimes de explora\u00e7\u00e3o sexual de crian\u00e7a e adolescente, extors\u00e3o, pedofilia e corrup\u00e7\u00e3o de menores<\/strong><\/em><\/p>\n\n\n\n<figure class=\"wp-block-image size-full is-resized is-style-default\"><img loading=\"lazy\" decoding=\"async\" src=\"https:\/\/diariotribuna.com.br\/wp-content\/uploads\/2023\/03\/6dab1b60-75a4-4fe2-8875-585c4215d334.jpg\" alt=\"\" class=\"wp-image-19262\" width=\"546\" height=\"339\" srcset=\"https:\/\/diariotribuna.com.br\/wp-content\/uploads\/2023\/03\/6dab1b60-75a4-4fe2-8875-585c4215d334.jpg 700w, https:\/\/diariotribuna.com.br\/wp-content\/uploads\/2023\/03\/6dab1b60-75a4-4fe2-8875-585c4215d334-300x186.jpg 300w, https:\/\/diariotribuna.com.br\/wp-content\/uploads\/2023\/03\/6dab1b60-75a4-4fe2-8875-585c4215d334-356x220.jpg 356w, https:\/\/diariotribuna.com.br\/wp-content\/uploads\/2023\/03\/6dab1b60-75a4-4fe2-8875-585c4215d334-696x433.jpg 696w, https:\/\/diariotribuna.com.br\/wp-content\/uploads\/2023\/03\/6dab1b60-75a4-4fe2-8875-585c4215d334-676x420.jpg 676w\" sizes=\"(max-width: 546px) 100vw, 546px\" \/><\/figure>\n\n\n\n<p>A Pol\u00edcia Civil de Minas Gerais deflagrou nesta quarta-feira (22\/03\/23), a opera\u00e7\u00e3o &#8220;Ambitus&#8221; para cumprir 03 mandados de pris\u00e3o e 04 mandados de busca e apreens\u00e3o, em Jacinto, no Vale do Jequitinhonha. A investiga\u00e7\u00e3o realizada pela 17\u00aa Delegacia de Jacinto visou desarticular um elaborado esquema criminoso de pr\u00e1tica de crimes de extors\u00e3o, explora\u00e7\u00e3o sexual de crian\u00e7a e adolescente, corrup\u00e7\u00e3o de menores e pedofilia em redes sociais no \u00e2mbito da C\u00e2mara Municipal de Jacinto.<\/p>\n\n\n\n<p>Segundo a Pol\u00edcia Civil, foi apurado que um dos vereadores teria coagido uma adolescente, de 15 anos, a gravar uma videochamada com conte\u00fado sexual com seu advers\u00e1rio pol\u00edtico tamb\u00e9m vereador do munic\u00edpio. Conforme acertado, a jovem registrou o v\u00eddeo e enviou para um dos vereadores, que a partir disso come\u00e7ou a extorquir o advers\u00e1rio pol\u00edtico e publicou o v\u00eddeo em diversas redes sociais.<\/p>\n\n\n\n<p>A investiga\u00e7\u00e3o apontou ainda que um terceiro, que n\u00e3o \u00e9 pol\u00edtico, estaria explorando sexualmente a adolescente, inclusive realizando viagens com ela. Diante da gravidade dos fatos, o delegado de pol\u00edcia da comarca, dr. Diogo Quaresma dos Santos, representou por medidas cautelares pessoais e probat\u00f3rias contra os 03 envolvidos que tiveram as pris\u00f5es preventivas decretadas pelo Poder Judici\u00e1rio.<\/p>\n\n\n\n<p>Os tr\u00eas envolvidos foram presos e encaminhados ao pres\u00eddio local. Diversos materiais probat\u00f3rios foram apreendidos durante as buscas domiciliares e as investiga\u00e7\u00f5es prosseguem para esclarecimento de todas as circunst\u00e2ncias dos crimes e indiciamento dos envolvidos. (Informa\u00e7\u00f5es\/Fotos: assessoria de comunica\u00e7\u00e3o da PCMG\/ Te\u00f3filo Otoni).<\/p>\n\n\n\n<figure class=\"wp-block-image size-full is-resized is-style-default\"><img loading=\"lazy\" decoding=\"async\" src=\"https:\/\/diariotribuna.com.br\/wp-content\/uploads\/2023\/03\/d4b660be-5aa7-49c8-ac51-ef49f9b2a220.jpg\" alt=\"\" class=\"wp-image-19263\" width=\"485\" height=\"365\" srcset=\"https:\/\/diariotribuna.com.br\/wp-content\/uploads\/2023\/03\/d4b660be-5aa7-49c8-ac51-ef49f9b2a220.jpg 600w, https:\/\/diariotribuna.com.br\/wp-content\/uploads\/2023\/03\/d4b660be-5aa7-49c8-ac51-ef49f9b2a220-300x226.jpg 300w, https:\/\/diariotribuna.com.br\/wp-content\/uploads\/2023\/03\/d4b660be-5aa7-49c8-ac51-ef49f9b2a220-80x60.jpg 80w, https:\/\/diariotribuna.com.br\/wp-content\/uploads\/2023\/03\/d4b660be-5aa7-49c8-ac51-ef49f9b2a220-265x198.jpg 265w, https:\/\/diariotribuna.com.br\/wp-content\/uploads\/2023\/03\/d4b660be-5aa7-49c8-ac51-ef49f9b2a220-558x420.jpg 558w\" sizes=\"(max-width: 485px) 100vw, 485px\" \/><\/figure>\n","protected":false},"excerpt":{"rendered":"<p>Tr\u00eas homens foram presos por crimes de explora\u00e7\u00e3o sexual de crian\u00e7a e adolescente, extors\u00e3o, pedofilia e corrup\u00e7\u00e3o de menores A Pol\u00edcia Civil de Minas Gerais deflagrou nesta quarta-feira (22\/03\/23), a opera\u00e7\u00e3o &#8220;Ambitus&#8221; para cumprir 03 mandados de pris\u00e3o e 04 mandados de busca e apreens\u00e3o, em Jacinto, no Vale do Jequitinhonha. A investiga\u00e7\u00e3o realizada pela [&hellip;]<\/p>\n","protected":false},"author":1,"featured_media":19262,"comment_status":"open","ping_status":"open","sticky":false,"template":"","format":"standard","meta":{"rop_custom_images_group":[],"rop_custom_messages_group":[],"rop_publish_now":"initial","rop_publish_now_accounts":[],"rop_publish_now_history":[],"rop_publish_now_status":"pending","footnotes":""},"categories":[20],"tags":[737,5266,292,649,3135,5267],"class_list":["post-19261","post","type-post","status-publish","format-standard","has-post-thumbnail","hentry","category-policia","tag-jacinto","tag-operacao-ambitus","tag-policia-civil","tag-prisao","tag-vale-do-jequitinhonha","tag-vereadores"],"_links":{"self":[{"href":"https:\/\/diariotribuna.com.br\/index.php?rest_route=\/wp\/v2\/posts\/19261"}],"collection":[{"href":"https:\/\/diariotribuna.com.br\/index.php?rest_route=\/wp\/v2\/posts"}],"about":[{"href":"https:\/\/diariotribuna.com.br\/index.php?rest_route=\/wp\/v2\/types\/post"}],"author":[{"embeddable":true,"href":"https:\/\/diariotribuna.com.br\/index.php?rest_route=\/wp\/v2\/users\/1"}],"replies":[{"embeddable":true,"href":"https:\/\/diariotribuna.com.br\/index.php?rest_route=%2Fwp%2Fv2%2Fcomments&post=19261"}],"version-history":[{"count":1,"href":"https:\/\/diariotribuna.com.br\/index.php?rest_route=\/wp\/v2\/posts\/19261\/revisions"}],"predecessor-version":[{"id":19264,"href":"https:\/\/diariotribuna.com.br\/index.php?rest_route=\/wp\/v2\/posts\/19261\/revisions\/19264"}],"wp:featuredmedia":[{"embeddable":true,"href":"https:\/\/diariotribuna.com.br\/index.php?rest_route=\/wp\/v2\/media\/19262"}],"wp:attachment":[{"href":"https:\/\/diariotribuna.com.br\/index.php?rest_route=%2Fwp%2Fv2%2Fmedia&parent=19261"}],"wp:term":[{"taxonomy":"category","embeddable":true,"href":"https:\/\/diariotribuna.com.br\/index.php?rest_route=%2Fwp%2Fv2%2Fcategories&post=19261"},{"taxonomy":"post_tag","embeddable":true,"href":"https:\/\/diariotribuna.com.br\/index.php?rest_route=%2Fwp%2Fv2%2Ftags&post=19261"}],"curies":[{"name":"wp","href":"https:\/\/api.w.org\/{rel}","templated":true}]}}