{"id":19265,"date":"2023-03-22T13:44:30","date_gmt":"2023-03-22T16:44:30","guid":{"rendered":"https:\/\/diariotribuna.com.br\/?p=19265"},"modified":"2023-03-23T23:09:37","modified_gmt":"2023-03-24T02:09:37","slug":"diario-tribuna-22-de-marco-2023-teofilo-otoni-mg","status":"publish","type":"post","link":"https:\/\/diariotribuna.com.br\/?p=19265","title":{"rendered":"<strong>Di\u00e1rio Tribuna, 22 de Mar\u00e7o 2023, Te\u00f3filo Otoni &#8211; MG<\/strong>"},"content":{"rendered":"\n<figure class=\"wp-block-image size-full is-resized is-style-default\"><img loading=\"lazy\" decoding=\"async\" src=\"https:\/\/diariotribuna.com.br\/wp-content\/uploads\/2023\/03\/070e5f0a-5f31-493b-bb04-c9f4fe043d4e.jpg\" alt=\"\" class=\"wp-image-19267\" width=\"375\" height=\"534\" srcset=\"https:\/\/diariotribuna.com.br\/wp-content\/uploads\/2023\/03\/070e5f0a-5f31-493b-bb04-c9f4fe043d4e.jpg 705w, https:\/\/diariotribuna.com.br\/wp-content\/uploads\/2023\/03\/070e5f0a-5f31-493b-bb04-c9f4fe043d4e-211x300.jpg 211w, https:\/\/diariotribuna.com.br\/wp-content\/uploads\/2023\/03\/070e5f0a-5f31-493b-bb04-c9f4fe043d4e-696x991.jpg 696w, https:\/\/diariotribuna.com.br\/wp-content\/uploads\/2023\/03\/070e5f0a-5f31-493b-bb04-c9f4fe043d4e-295x420.jpg 295w\" sizes=\"(max-width: 375px) 100vw, 375px\" \/><\/figure>\n\n\n\n<h2 class=\"wp-block-heading\"><strong><strong><mark style=\"background-color:rgba(0, 0, 0, 0)\" class=\"has-inline-color has-vivid-red-color\">Acesse o link abaixo e veja a edi\u00e7\u00e3o completa do Di\u00e1rio Tribuna desta quarta-feira (22\/03\/2023)<\/mark><\/strong><\/strong><\/h2>\n\n\n\n<h2 class=\"wp-block-heading\"><a href=\"https:\/\/diariotribuna.com.br\/wp-content\/uploads\/2023\/03\/DIARIO-TRIBUNA-53-ANOS-22-MARCO-2023.pdf\"><strong><mark style=\"background-color:rgba(0, 0, 0, 0)\" class=\"has-inline-color has-vivid-red-color\">https:\/\/diariotribuna.com.br\/wp-content\/uploads\/2023\/03\/DIARIO-TRIBUNA-53-ANOS-22-MARCO-2023.pdf<\/mark><\/strong><\/a><\/h2>\n","protected":false},"excerpt":{"rendered":"<p>Acesse o link abaixo e veja a edi\u00e7\u00e3o completa do Di\u00e1rio Tribuna desta quarta-feira (22\/03\/2023) https:\/\/diariotribuna.com.br\/wp-content\/uploads\/2023\/03\/DIARIO-TRIBUNA-53-ANOS-22-MARCO-2023.pdf<\/p>\n","protected":false},"author":1,"featured_media":19267,"comment_status":"open","ping_status":"open","sticky":false,"template":"","format":"standard","meta":{"rop_custom_images_group":[],"rop_custom_messages_group":[],"rop_publish_now":"initial","rop_publish_now_accounts":[],"rop_publish_now_history":[],"rop_publish_now_status":"pending","footnotes":""},"categories":[17,23],"tags":[5268,42,1010,75,867],"class_list":["post-19265","post","type-post","status-publish","format-standard","has-post-thumbnail","hentry","category-teofilootoni","category-ultimaedicao","tag-22-03-2023","tag-diario-tribuna","tag-nordeste-mineiro","tag-teofilo-otoni","tag-vale-do-mucuri"],"_links":{"self":[{"href":"https:\/\/diariotribuna.com.br\/index.php?rest_route=\/wp\/v2\/posts\/19265"}],"collection":[{"href":"https:\/\/diariotribuna.com.br\/index.php?rest_route=\/wp\/v2\/posts"}],"about":[{"href":"https:\/\/diariotribuna.com.br\/index.php?rest_route=\/wp\/v2\/types\/post"}],"author":[{"embeddable":true,"href":"https:\/\/diariotribuna.com.br\/index.php?rest_route=\/wp\/v2\/users\/1"}],"replies":[{"embeddable":true,"href":"https:\/\/diariotribuna.com.br\/index.php?rest_route=%2Fwp%2Fv2%2Fcomments&post=19265"}],"version-history":[{"count":1,"href":"https:\/\/diariotribuna.com.br\/index.php?rest_route=\/wp\/v2\/posts\/19265\/revisions"}],"predecessor-version":[{"id":19268,"href":"https:\/\/diariotribuna.com.br\/index.php?rest_route=\/wp\/v2\/posts\/19265\/revisions\/19268"}],"wp:featuredmedia":[{"embeddable":true,"href":"https:\/\/diariotribuna.com.br\/index.php?rest_route=\/wp\/v2\/media\/19267"}],"wp:attachment":[{"href":"https:\/\/diariotribuna.com.br\/index.php?rest_route=%2Fwp%2Fv2%2Fmedia&parent=19265"}],"wp:term":[{"taxonomy":"category","embeddable":true,"href":"https:\/\/diariotribuna.com.br\/index.php?rest_route=%2Fwp%2Fv2%2Fcategories&post=19265"},{"taxonomy":"post_tag","embeddable":true,"href":"https:\/\/diariotribuna.com.br\/index.php?rest_route=%2Fwp%2Fv2%2Ftags&post=19265"}],"curies":[{"name":"wp","href":"https:\/\/api.w.org\/{rel}","templated":true}]}}