{"id":19269,"date":"2023-03-22T14:55:17","date_gmt":"2023-03-22T17:55:17","guid":{"rendered":"https:\/\/diariotribuna.com.br\/?p=19269"},"modified":"2023-03-22T14:59:03","modified_gmt":"2023-03-22T17:59:03","slug":"caminhao-sai-da-pista-capota-e-mata-o-motorista-na-mgc-418","status":"publish","type":"post","link":"https:\/\/diariotribuna.com.br\/?p=19269","title":{"rendered":"<strong>Caminh\u00e3o sai da pista, capota e mata o motorista, na MGC 418<\/strong>"},"content":{"rendered":"\n<figure class=\"wp-block-image size-full is-resized is-style-default\"><img loading=\"lazy\" decoding=\"async\" src=\"https:\/\/diariotribuna.com.br\/wp-content\/uploads\/2023\/03\/WhatsApp-Image-2023-03-22-at-14.43.46.jpeg\" alt=\"\" class=\"wp-image-19270\" width=\"471\" height=\"321\" srcset=\"https:\/\/diariotribuna.com.br\/wp-content\/uploads\/2023\/03\/WhatsApp-Image-2023-03-22-at-14.43.46.jpeg 699w, https:\/\/diariotribuna.com.br\/wp-content\/uploads\/2023\/03\/WhatsApp-Image-2023-03-22-at-14.43.46-300x205.jpeg 300w, https:\/\/diariotribuna.com.br\/wp-content\/uploads\/2023\/03\/WhatsApp-Image-2023-03-22-at-14.43.46-218x150.jpeg 218w, https:\/\/diariotribuna.com.br\/wp-content\/uploads\/2023\/03\/WhatsApp-Image-2023-03-22-at-14.43.46-696x475.jpeg 696w, https:\/\/diariotribuna.com.br\/wp-content\/uploads\/2023\/03\/WhatsApp-Image-2023-03-22-at-14.43.46-615x420.jpeg 615w\" sizes=\"(max-width: 471px) 100vw, 471px\" \/><\/figure>\n\n\n\n<p>A Pol\u00edcia Militar Rodovi\u00e1ria registrou o acidente, na ter\u00e7a-feira (21\/03), na MGC 418, logo ap\u00f3s o Posto Kalad\u00e3o, em Carlos Chagas. Conforme informa\u00e7\u00f5es o caminh\u00e3o seguia da cidade de Nanuque para Governador Valadares, transportando carga de carne, quando por motivos desconhecidos saiu da pista e capotou. N\u00e3o haviam marcas de frenagem na via.<\/p>\n\n\n\n<p>O condutor de 54 anos ficou preso \u00e0s ferragens, sendo desencarcerado pela equipe do Corpo de Bombeiros e ap\u00f3s a realiza\u00e7\u00e3o da per\u00edcia t\u00e9cnica no local, o corpo foi liberado e encaminhado ao Instituto M\u00e9dico Legal de Nanuque para ser necropsiado.<\/p>\n\n\n\n<p>\u201cLamentavelmente mais uma vida perdida em sinistro de tr\u00e2nsito. Deixamos nossos sinceros sentimentos aos familiares do caminhoneiro\u201d, lamentou o tenente Reinaldo Martins. A empresa respons\u00e1vel pela carga providenciou a retirada. A v\u00edtima fatal \u00e9 L\u00facio Afonso Staub, natural de Itapiranga, SC. (Informa\u00e7\u00f5es\/Fotos: 15\u00aa Cia PM RV).<\/p>\n","protected":false},"excerpt":{"rendered":"<p>A Pol\u00edcia Militar Rodovi\u00e1ria registrou o acidente, na ter\u00e7a-feira (21\/03), na MGC 418, logo ap\u00f3s o Posto Kalad\u00e3o, em Carlos Chagas. Conforme informa\u00e7\u00f5es o caminh\u00e3o seguia da cidade de Nanuque para Governador Valadares, transportando carga de carne, quando por motivos desconhecidos saiu da pista e capotou. N\u00e3o haviam marcas de frenagem na via. O condutor [&hellip;]<\/p>\n","protected":false},"author":1,"featured_media":19270,"comment_status":"open","ping_status":"open","sticky":false,"template":"","format":"standard","meta":{"rop_custom_images_group":[],"rop_custom_messages_group":[],"rop_publish_now":"initial","rop_publish_now_accounts":[],"rop_publish_now_history":[],"rop_publish_now_status":"pending","footnotes":""},"categories":[25,18],"tags":[125,650,95,2151,3488,735],"class_list":["post-19269","post","type-post","status-publish","format-standard","has-post-thumbnail","hentry","category-destaque","category-regiao","tag-acidente","tag-caminhoneiro","tag-carlos-chagas","tag-fatal","tag-kaladao","tag-mgc-418"],"_links":{"self":[{"href":"https:\/\/diariotribuna.com.br\/index.php?rest_route=\/wp\/v2\/posts\/19269"}],"collection":[{"href":"https:\/\/diariotribuna.com.br\/index.php?rest_route=\/wp\/v2\/posts"}],"about":[{"href":"https:\/\/diariotribuna.com.br\/index.php?rest_route=\/wp\/v2\/types\/post"}],"author":[{"embeddable":true,"href":"https:\/\/diariotribuna.com.br\/index.php?rest_route=\/wp\/v2\/users\/1"}],"replies":[{"embeddable":true,"href":"https:\/\/diariotribuna.com.br\/index.php?rest_route=%2Fwp%2Fv2%2Fcomments&post=19269"}],"version-history":[{"count":4,"href":"https:\/\/diariotribuna.com.br\/index.php?rest_route=\/wp\/v2\/posts\/19269\/revisions"}],"predecessor-version":[{"id":19276,"href":"https:\/\/diariotribuna.com.br\/index.php?rest_route=\/wp\/v2\/posts\/19269\/revisions\/19276"}],"wp:featuredmedia":[{"embeddable":true,"href":"https:\/\/diariotribuna.com.br\/index.php?rest_route=\/wp\/v2\/media\/19270"}],"wp:attachment":[{"href":"https:\/\/diariotribuna.com.br\/index.php?rest_route=%2Fwp%2Fv2%2Fmedia&parent=19269"}],"wp:term":[{"taxonomy":"category","embeddable":true,"href":"https:\/\/diariotribuna.com.br\/index.php?rest_route=%2Fwp%2Fv2%2Fcategories&post=19269"},{"taxonomy":"post_tag","embeddable":true,"href":"https:\/\/diariotribuna.com.br\/index.php?rest_route=%2Fwp%2Fv2%2Ftags&post=19269"}],"curies":[{"name":"wp","href":"https:\/\/api.w.org\/{rel}","templated":true}]}}