{"id":1928,"date":"2020-07-24T11:53:21","date_gmt":"2020-07-24T14:53:21","guid":{"rendered":"https:\/\/diariotribuna.com.br\/?p=1928"},"modified":"2020-07-24T11:55:21","modified_gmt":"2020-07-24T14:55:21","slug":"dia-dos-avos-26-07-pode-ser-comemorado-de-forma-diferente-em-tempo-de-pandemia","status":"publish","type":"post","link":"https:\/\/diariotribuna.com.br\/?p=1928","title":{"rendered":"Dia dos av\u00f3s (26\/07) pode ser comemorado de forma diferente em tempo de pandemia"},"content":{"rendered":"\n<figure class=\"wp-block-image size-large is-resized\"><img loading=\"lazy\" decoding=\"async\" src=\"https:\/\/diariotribuna.com.br\/wp-content\/uploads\/2020\/07\/1-25.jpg\" alt=\"\" class=\"wp-image-1934\" width=\"406\" height=\"305\" srcset=\"https:\/\/diariotribuna.com.br\/wp-content\/uploads\/2020\/07\/1-25.jpg 700w, https:\/\/diariotribuna.com.br\/wp-content\/uploads\/2020\/07\/1-25-300x225.jpg 300w, https:\/\/diariotribuna.com.br\/wp-content\/uploads\/2020\/07\/1-25-80x60.jpg 80w, https:\/\/diariotribuna.com.br\/wp-content\/uploads\/2020\/07\/1-25-265x198.jpg 265w, https:\/\/diariotribuna.com.br\/wp-content\/uploads\/2020\/07\/1-25-696x522.jpg 696w, https:\/\/diariotribuna.com.br\/wp-content\/uploads\/2020\/07\/1-25-560x420.jpg 560w\" sizes=\"(max-width: 406px) 100vw, 406px\" \/><figcaption><strong>Cida Johson e o Grupo da Terceira Idade de Te\u00f3filo Otoni<\/strong><\/figcaption><\/figure>\n\n\n\n<p>A coordenadora do Grupo Hidro-Idade e presidente da Associa\u00e7\u00e3o amigos da Terceira Idade (AATI) Cida Johnson, destacou a import\u00e2ncia do Dia dos Av\u00f3s, comemorado anualmente em 26 de julho. Cida destaca que celebrar esse dia signifi ca celebrar a experi\u00eancia de vida, reconhecer o valor da sabedoria adquirida, n\u00e3o apenas nos livros, nem nas escolas, mas no conv\u00edvio com as pessoas e com a pr\u00f3pria natureza. O papel simb\u00f3lico desempenhado pelos av\u00f3s \u00e9 muito importante para as crian\u00e7as.<\/p>\n\n\n\n<figure class=\"wp-block-gallery columns-3 is-cropped wp-block-gallery-1 is-layout-flex wp-block-gallery-is-layout-flex\"><ul class=\"blocks-gallery-grid\"><li class=\"blocks-gallery-item\"><figure><img loading=\"lazy\" decoding=\"async\" width=\"700\" height=\"525\" src=\"https:\/\/diariotribuna.com.br\/wp-content\/uploads\/2020\/07\/2-18.jpg\" alt=\"\" data-id=\"1930\" data-full-url=\"https:\/\/diariotribuna.com.br\/wp-content\/uploads\/2020\/07\/2-18.jpg\" data-link=\"https:\/\/diariotribuna.com.br\/?attachment_id=1930\" class=\"wp-image-1930\" srcset=\"https:\/\/diariotribuna.com.br\/wp-content\/uploads\/2020\/07\/2-18.jpg 700w, https:\/\/diariotribuna.com.br\/wp-content\/uploads\/2020\/07\/2-18-300x225.jpg 300w, https:\/\/diariotribuna.com.br\/wp-content\/uploads\/2020\/07\/2-18-80x60.jpg 80w, https:\/\/diariotribuna.com.br\/wp-content\/uploads\/2020\/07\/2-18-265x198.jpg 265w, https:\/\/diariotribuna.com.br\/wp-content\/uploads\/2020\/07\/2-18-696x522.jpg 696w, https:\/\/diariotribuna.com.br\/wp-content\/uploads\/2020\/07\/2-18-560x420.jpg 560w\" sizes=\"(max-width: 700px) 100vw, 700px\" \/><\/figure><\/li><li class=\"blocks-gallery-item\"><figure><img loading=\"lazy\" decoding=\"async\" width=\"700\" height=\"525\" src=\"https:\/\/diariotribuna.com.br\/wp-content\/uploads\/2020\/07\/3-21.jpg\" alt=\"\" data-id=\"1931\" data-full-url=\"https:\/\/diariotribuna.com.br\/wp-content\/uploads\/2020\/07\/3-21.jpg\" data-link=\"https:\/\/diariotribuna.com.br\/?attachment_id=1931\" class=\"wp-image-1931\" srcset=\"https:\/\/diariotribuna.com.br\/wp-content\/uploads\/2020\/07\/3-21.jpg 700w, https:\/\/diariotribuna.com.br\/wp-content\/uploads\/2020\/07\/3-21-300x225.jpg 300w, https:\/\/diariotribuna.com.br\/wp-content\/uploads\/2020\/07\/3-21-80x60.jpg 80w, https:\/\/diariotribuna.com.br\/wp-content\/uploads\/2020\/07\/3-21-265x198.jpg 265w, https:\/\/diariotribuna.com.br\/wp-content\/uploads\/2020\/07\/3-21-696x522.jpg 696w, https:\/\/diariotribuna.com.br\/wp-content\/uploads\/2020\/07\/3-21-560x420.jpg 560w\" sizes=\"(max-width: 700px) 100vw, 700px\" \/><\/figure><\/li><li class=\"blocks-gallery-item\"><figure><img loading=\"lazy\" decoding=\"async\" width=\"700\" height=\"466\" src=\"https:\/\/diariotribuna.com.br\/wp-content\/uploads\/2020\/07\/4-12.jpg\" alt=\"\" data-id=\"1932\" data-full-url=\"https:\/\/diariotribuna.com.br\/wp-content\/uploads\/2020\/07\/4-12.jpg\" data-link=\"https:\/\/diariotribuna.com.br\/?attachment_id=1932\" class=\"wp-image-1932\" srcset=\"https:\/\/diariotribuna.com.br\/wp-content\/uploads\/2020\/07\/4-12.jpg 700w, https:\/\/diariotribuna.com.br\/wp-content\/uploads\/2020\/07\/4-12-300x200.jpg 300w, https:\/\/diariotribuna.com.br\/wp-content\/uploads\/2020\/07\/4-12-696x463.jpg 696w, https:\/\/diariotribuna.com.br\/wp-content\/uploads\/2020\/07\/4-12-631x420.jpg 631w\" sizes=\"(max-width: 700px) 100vw, 700px\" \/><\/figure><\/li><\/ul><\/figure>\n\n\n\n<p>Para Cida, \u201cao contr\u00e1rio do que se pode pensar, os av\u00f3s fazem muito mais do que mimar os netos. Muitas vezes eles s\u00e3o o suporte afetivo e fi nanceiro de pais e fi lhos. Por isso, se diz que os av\u00f3s s\u00e3o pais duas vezes. Os av\u00f3s do s\u00e9culo XXI, certamente s\u00e3o diferentes aos do passado. Hoje o vov\u00f4 com a muleta e a vov\u00f3 na cadeira de balan\u00e7o n\u00e3o existem mais e est\u00e1 crescendo uma nova categoria de av\u00f3s e av\u00f4s, ainda cheios de vitalidade, que querem curtir o tempo e a liberdade alcan\u00e7ada depois de anos de sacrif\u00edcio e de trabalho\u201d.<\/p>\n\n\n\n<p>Av\u00f3s precisam ver respeitados seus limites, necessidades, interesses e privacidade. E os netinhos tamb\u00e9m. Nos tempos atuais, na casa dos av\u00f3s pode ter muito amor, carinho, mimos, mas sem achar que tudo pode porque est\u00e1 na casa da vov\u00f3. Mas nos tempos da pandemia, muita coisa mudou para aqueles vov\u00f4s mais de 60 anos, que al\u00e9m de estarem no grupo de risco, est\u00e3o entre os mais atingidos pela pandemia do novo coronav\u00edrus.<\/p>\n\n\n\n<p>Para alguns, lidar com o isolamento social \u00e9 ainda mais desafi ador, principal mente quando se vivem em abrigos, moram sozinhos e longe do seio familiar. Lembrando que o distanciamento social n\u00e3o \u00e9 isolamento afetivo, vamos dar um minuto do nosso tempo para nossos idosos, onde muitos s\u00e3o vov\u00f4s. Fa\u00e7a com que esse dia 26 de julho seja diferente, leve amor, carinho em uma simples liga\u00e7\u00e3o, um v\u00eddeo confer\u00eancia via Whatsapp, troque o presente por uma palavra de afeto.<\/p>\n\n\n\n<p>Todos devem fazer sua parte, neste momento de distanciamento social; levar a s\u00e9rio as recomenda\u00e7\u00f5es dos \u00f3rg\u00e3os de sa\u00fade, fi cando em casa e mantendo h\u00e1bitos de preven\u00e7\u00e3o para evitar a dissemina\u00e7\u00e3o do v\u00edrus. Mas lembrando que, cedo ou um pouco mais tarde, n\u00f3s vamos poder abra\u00e7ar quem amamos. Cida Johnson fi naliza dizendo que \u00e9 um privil\u00e9gio estar do lado desses vov\u00f4s e Vov\u00f3s e poder contribuir com a longevidade desse envelhecimento de respeito e valoriza\u00e7\u00e3o e parabeniza a todos por essa data especial. Parab\u00e9ns a todos os vov\u00f4s e vov\u00f3s!<\/p>\n","protected":false},"excerpt":{"rendered":"<p>A coordenadora do Grupo Hidro-Idade e presidente da Associa\u00e7\u00e3o amigos da Terceira Idade (AATI) Cida Johnson, destacou a import\u00e2ncia do Dia dos Av\u00f3s, comemorado anualmente em 26 de julho. Cida destaca que celebrar esse dia signifi ca celebrar a experi\u00eancia de vida, reconhecer o valor da sabedoria adquirida, n\u00e3o apenas nos livros, nem nas escolas, [&hellip;]<\/p>\n","protected":false},"author":1,"featured_media":1934,"comment_status":"open","ping_status":"open","sticky":false,"template":"","format":"standard","meta":{"rop_custom_images_group":[],"rop_custom_messages_group":[],"rop_publish_now":"initial","rop_publish_now_accounts":[],"rop_publish_now_history":[],"rop_publish_now_status":"pending","footnotes":""},"categories":[25,17],"tags":[48,697,699,698,700],"class_list":["post-1928","post","type-post","status-publish","format-standard","has-post-thumbnail","hentry","category-destaque","category-teofilootoni","tag-48","tag-cida","tag-dia-dos-avos","tag-johson","tag-terceira-idade"],"_links":{"self":[{"href":"https:\/\/diariotribuna.com.br\/index.php?rest_route=\/wp\/v2\/posts\/1928"}],"collection":[{"href":"https:\/\/diariotribuna.com.br\/index.php?rest_route=\/wp\/v2\/posts"}],"about":[{"href":"https:\/\/diariotribuna.com.br\/index.php?rest_route=\/wp\/v2\/types\/post"}],"author":[{"embeddable":true,"href":"https:\/\/diariotribuna.com.br\/index.php?rest_route=\/wp\/v2\/users\/1"}],"replies":[{"embeddable":true,"href":"https:\/\/diariotribuna.com.br\/index.php?rest_route=%2Fwp%2Fv2%2Fcomments&post=1928"}],"version-history":[{"count":2,"href":"https:\/\/diariotribuna.com.br\/index.php?rest_route=\/wp\/v2\/posts\/1928\/revisions"}],"predecessor-version":[{"id":1936,"href":"https:\/\/diariotribuna.com.br\/index.php?rest_route=\/wp\/v2\/posts\/1928\/revisions\/1936"}],"wp:featuredmedia":[{"embeddable":true,"href":"https:\/\/diariotribuna.com.br\/index.php?rest_route=\/wp\/v2\/media\/1934"}],"wp:attachment":[{"href":"https:\/\/diariotribuna.com.br\/index.php?rest_route=%2Fwp%2Fv2%2Fmedia&parent=1928"}],"wp:term":[{"taxonomy":"category","embeddable":true,"href":"https:\/\/diariotribuna.com.br\/index.php?rest_route=%2Fwp%2Fv2%2Fcategories&post=1928"},{"taxonomy":"post_tag","embeddable":true,"href":"https:\/\/diariotribuna.com.br\/index.php?rest_route=%2Fwp%2Fv2%2Ftags&post=1928"}],"curies":[{"name":"wp","href":"https:\/\/api.w.org\/{rel}","templated":true}]}}