{"id":19287,"date":"2023-03-24T20:51:31","date_gmt":"2023-03-24T23:51:31","guid":{"rendered":"https:\/\/diariotribuna.com.br\/?p=19287"},"modified":"2023-03-24T20:51:32","modified_gmt":"2023-03-24T23:51:32","slug":"policias-civil-e-militar-prendem-homem-que-matou-a-irma-com-golpes-de-machado","status":"publish","type":"post","link":"https:\/\/diariotribuna.com.br\/?p=19287","title":{"rendered":"Pol\u00edcias, Civil e Militar prendem homem que matou a irm\u00e3 com golpes de machado"},"content":{"rendered":"\n<figure class=\"wp-block-image size-full is-resized is-style-default\"><img loading=\"lazy\" decoding=\"async\" src=\"https:\/\/diariotribuna.com.br\/wp-content\/uploads\/2023\/03\/2e4222ab-9c4b-4f4d-b5f2-7db4753edc00.jpg\" alt=\"\" class=\"wp-image-19288\" width=\"469\" height=\"285\" srcset=\"https:\/\/diariotribuna.com.br\/wp-content\/uploads\/2023\/03\/2e4222ab-9c4b-4f4d-b5f2-7db4753edc00.jpg 700w, https:\/\/diariotribuna.com.br\/wp-content\/uploads\/2023\/03\/2e4222ab-9c4b-4f4d-b5f2-7db4753edc00-300x182.jpg 300w, https:\/\/diariotribuna.com.br\/wp-content\/uploads\/2023\/03\/2e4222ab-9c4b-4f4d-b5f2-7db4753edc00-696x423.jpg 696w, https:\/\/diariotribuna.com.br\/wp-content\/uploads\/2023\/03\/2e4222ab-9c4b-4f4d-b5f2-7db4753edc00-692x420.jpg 692w\" sizes=\"(max-width: 469px) 100vw, 469px\" \/><\/figure>\n\n\n\n<p><strong>Padre Para\u00edso \u2013<\/strong> As pol\u00edcias, Civil e Militar deflagraram uma opera\u00e7\u00e3o, na tarde deste s\u00e1bado (24\/03), e prenderam um homem, de 25 anos, que matou a pr\u00f3pria irm\u00e3, M\u00e1rcia Pereira Sena, de 39 anos, com golpes de machado na cabe\u00e7a, na frente da filha dela, de 14 anos, crime ocorrido no s\u00e1bado (18\/03), no C\u00f3rrego Sobradinho, zona rural de Padre Para\u00edso.<\/p>\n\n\n\n<p>Segundo a PM, testemunhas disseram que o autor do crime teria fugido para uma regi\u00e3o de mata fechada nas proximidades do local, ocasi\u00e3o em que foi feito rastreamentos com o apoio de um c\u00e3o farejador e o helic\u00f3ptero Pegasus da 11\u00aa Regi\u00e3o em Montes Claros, sendo localizada a espingarda calibre 22 pertencente ao autor. Ele n\u00e3o havia sido encontrado.<\/p>\n\n\n\n<p>Ap\u00f3s fazer levantamentos, durante a opera\u00e7\u00e3o conjunta, neste s\u00e1bado, os policiais foram informados que o homem teria retornado para a sua resid\u00eancia, e ele foi interceptado numa via vicinal pr\u00f3ximo \u00e0 Comunidade Encachoeirado, na zona da cidade. Ele foi preso e conduzido \u00e0 delegacia de Pol\u00edcia Civil local para demais provid\u00eancias de pol\u00edcia judici\u00e1ria.<\/p>\n\n\n\n<figure class=\"wp-block-image size-full is-resized is-style-default\"><img loading=\"lazy\" decoding=\"async\" src=\"https:\/\/diariotribuna.com.br\/wp-content\/uploads\/2023\/03\/7161fd06-74bf-4bbb-97c7-d8242d8b6f96.jpg\" alt=\"\" class=\"wp-image-19289\" width=\"301\" height=\"363\" srcset=\"https:\/\/diariotribuna.com.br\/wp-content\/uploads\/2023\/03\/7161fd06-74bf-4bbb-97c7-d8242d8b6f96.jpg 589w, https:\/\/diariotribuna.com.br\/wp-content\/uploads\/2023\/03\/7161fd06-74bf-4bbb-97c7-d8242d8b6f96-249x300.jpg 249w, https:\/\/diariotribuna.com.br\/wp-content\/uploads\/2023\/03\/7161fd06-74bf-4bbb-97c7-d8242d8b6f96-348x420.jpg 348w\" sizes=\"(max-width: 301px) 100vw, 301px\" \/><figcaption class=\"wp-element-caption\"><strong>M\u00e1rcia Pereira Sena, de 39 anos,<\/strong><br><strong>morta pelo irm\u00e3o, em Padre Para\u00edso<\/strong><\/figcaption><\/figure>\n\n\n\n<p><strong>O crime \u2013<\/strong> No s\u00e1bado (18), quando os militares chegaram \u00e0 casa da v\u00edtima, ela estava em um quarto dos fundos, em uma cama, com cortes contusos na cabe\u00e7a e sangramento, j\u00e1 em \u00f3bito constatado pela equipe do Samu. Testemunhas disseram que o irm\u00e3o dela teria chegado embriagado ao local horas antes e efetuado disparos de arma de fogo no im\u00f3vel, e instantes depois retornou ao local portando um machado, tendo efetuado 04 golpes na cabe\u00e7a dela.<\/p>\n","protected":false},"excerpt":{"rendered":"<p>Padre Para\u00edso \u2013 As pol\u00edcias, Civil e Militar deflagraram uma opera\u00e7\u00e3o, na tarde deste s\u00e1bado (24\/03), e prenderam um homem, de 25 anos, que matou a pr\u00f3pria irm\u00e3, M\u00e1rcia Pereira Sena, de 39 anos, com golpes de machado na cabe\u00e7a, na frente da filha dela, de 14 anos, crime ocorrido no s\u00e1bado (18\/03), no C\u00f3rrego [&hellip;]<\/p>\n","protected":false},"author":1,"featured_media":19288,"comment_status":"open","ping_status":"open","sticky":false,"template":"","format":"standard","meta":{"rop_custom_images_group":[],"rop_custom_messages_group":[],"rop_publish_now":"initial","rop_publish_now_accounts":[],"rop_publish_now_history":[],"rop_publish_now_status":"pending","footnotes":""},"categories":[25,20],"tags":[5272,5273,102,292,76,1276],"class_list":["post-19287","post","type-post","status-publish","format-standard","has-post-thumbnail","hentry","category-destaque","category-policia","tag-homem-que-matou-a-ima","tag-machado","tag-padre-paraiso","tag-policia-civil","tag-policia-militar","tag-preso"],"_links":{"self":[{"href":"https:\/\/diariotribuna.com.br\/index.php?rest_route=\/wp\/v2\/posts\/19287"}],"collection":[{"href":"https:\/\/diariotribuna.com.br\/index.php?rest_route=\/wp\/v2\/posts"}],"about":[{"href":"https:\/\/diariotribuna.com.br\/index.php?rest_route=\/wp\/v2\/types\/post"}],"author":[{"embeddable":true,"href":"https:\/\/diariotribuna.com.br\/index.php?rest_route=\/wp\/v2\/users\/1"}],"replies":[{"embeddable":true,"href":"https:\/\/diariotribuna.com.br\/index.php?rest_route=%2Fwp%2Fv2%2Fcomments&post=19287"}],"version-history":[{"count":1,"href":"https:\/\/diariotribuna.com.br\/index.php?rest_route=\/wp\/v2\/posts\/19287\/revisions"}],"predecessor-version":[{"id":19290,"href":"https:\/\/diariotribuna.com.br\/index.php?rest_route=\/wp\/v2\/posts\/19287\/revisions\/19290"}],"wp:featuredmedia":[{"embeddable":true,"href":"https:\/\/diariotribuna.com.br\/index.php?rest_route=\/wp\/v2\/media\/19288"}],"wp:attachment":[{"href":"https:\/\/diariotribuna.com.br\/index.php?rest_route=%2Fwp%2Fv2%2Fmedia&parent=19287"}],"wp:term":[{"taxonomy":"category","embeddable":true,"href":"https:\/\/diariotribuna.com.br\/index.php?rest_route=%2Fwp%2Fv2%2Fcategories&post=19287"},{"taxonomy":"post_tag","embeddable":true,"href":"https:\/\/diariotribuna.com.br\/index.php?rest_route=%2Fwp%2Fv2%2Ftags&post=19287"}],"curies":[{"name":"wp","href":"https:\/\/api.w.org\/{rel}","templated":true}]}}