{"id":19291,"date":"2023-03-25T20:50:57","date_gmt":"2023-03-25T23:50:57","guid":{"rendered":"https:\/\/diariotribuna.com.br\/?p=19291"},"modified":"2023-03-29T00:18:05","modified_gmt":"2023-03-29T03:18:05","slug":"pm-prende-um-homem-e-apreende-8-quilos-de-maconha-em-pedra-azul","status":"publish","type":"post","link":"https:\/\/diariotribuna.com.br\/?p=19291","title":{"rendered":"<strong>PM prende um homem e apreende 8 quilos de maconha em Pedra Azul<\/strong>"},"content":{"rendered":"\n<figure class=\"wp-block-image size-full is-resized is-style-default\"><img loading=\"lazy\" decoding=\"async\" src=\"https:\/\/diariotribuna.com.br\/wp-content\/uploads\/2023\/03\/2be13071-dc7a-4857-8cc5-6c8a89c0d411.jpg\" alt=\"\" class=\"wp-image-19292\" width=\"455\" height=\"329\" srcset=\"https:\/\/diariotribuna.com.br\/wp-content\/uploads\/2023\/03\/2be13071-dc7a-4857-8cc5-6c8a89c0d411.jpg 700w, https:\/\/diariotribuna.com.br\/wp-content\/uploads\/2023\/03\/2be13071-dc7a-4857-8cc5-6c8a89c0d411-300x217.jpg 300w, https:\/\/diariotribuna.com.br\/wp-content\/uploads\/2023\/03\/2be13071-dc7a-4857-8cc5-6c8a89c0d411-324x235.jpg 324w, https:\/\/diariotribuna.com.br\/wp-content\/uploads\/2023\/03\/2be13071-dc7a-4857-8cc5-6c8a89c0d411-696x503.jpg 696w, https:\/\/diariotribuna.com.br\/wp-content\/uploads\/2023\/03\/2be13071-dc7a-4857-8cc5-6c8a89c0d411-581x420.jpg 581w\" sizes=\"(max-width: 455px) 100vw, 455px\" \/><\/figure>\n\n\n\n<p>A Pol\u00edcia Militar realizou uma opera\u00e7\u00e3o em Pedra Azul, neste s\u00e1bado (25\/03), e apreendeu 8 quilos de maconha. Um homem de 25 anos, suspeito de associa\u00e7\u00e3o ao tr\u00e1fico de drogas, foi preso por guardar a droga. Ele foi conduzido para a delegacia de Pol\u00edcia Civil local, junto com o entorpecente, para as medidas de pol\u00edcia judici\u00e1ria. Tamb\u00e9m foram apreendidos um aparelho celular e uma balan\u00e7a de precis\u00e3o.<\/p>\n\n\n\n<p>A opera\u00e7\u00e3o foi desencadeada pelos militares do 44\u00ba Batalh\u00e3o, ap\u00f3s receberem den\u00fancia an\u00f4nima informando sobre a chegada da droga na cidade. Foram feitas v\u00e1rias dilig\u00eancias na regi\u00e3o conhecida como Serra do Lajedo, pr\u00f3ximo aos bairros Inconfidentes e Plataforma, um homem conhecido no meio policial foi monitorado e a equipe chegou \u00e0 localiza\u00e7\u00e3o da droga. (Informa\u00e7\u00f5es\/Foto: PMMG\/ Almenara).<\/p>\n","protected":false},"excerpt":{"rendered":"<p>A Pol\u00edcia Militar realizou uma opera\u00e7\u00e3o em Pedra Azul, neste s\u00e1bado (25\/03), e apreendeu 8 quilos de maconha. Um homem de 25 anos, suspeito de associa\u00e7\u00e3o ao tr\u00e1fico de drogas, foi preso por guardar a droga. Ele foi conduzido para a delegacia de Pol\u00edcia Civil local, junto com o entorpecente, para as medidas de pol\u00edcia [&hellip;]<\/p>\n","protected":false},"author":1,"featured_media":19292,"comment_status":"open","ping_status":"open","sticky":false,"template":"","format":"standard","meta":{"rop_custom_images_group":[],"rop_custom_messages_group":[],"rop_publish_now":"initial","rop_publish_now_accounts":[],"rop_publish_now_history":[],"rop_publish_now_status":"pending","footnotes":""},"categories":[20],"tags":[5274,186,1331,120,76,2484],"class_list":["post-19291","post","type-post","status-publish","format-standard","has-post-thumbnail","hentry","category-policia","tag-8-kg-maconha","tag-apreensao","tag-denuncia","tag-pedra-azul","tag-policia-militar","tag-um-preso"],"_links":{"self":[{"href":"https:\/\/diariotribuna.com.br\/index.php?rest_route=\/wp\/v2\/posts\/19291"}],"collection":[{"href":"https:\/\/diariotribuna.com.br\/index.php?rest_route=\/wp\/v2\/posts"}],"about":[{"href":"https:\/\/diariotribuna.com.br\/index.php?rest_route=\/wp\/v2\/types\/post"}],"author":[{"embeddable":true,"href":"https:\/\/diariotribuna.com.br\/index.php?rest_route=\/wp\/v2\/users\/1"}],"replies":[{"embeddable":true,"href":"https:\/\/diariotribuna.com.br\/index.php?rest_route=%2Fwp%2Fv2%2Fcomments&post=19291"}],"version-history":[{"count":1,"href":"https:\/\/diariotribuna.com.br\/index.php?rest_route=\/wp\/v2\/posts\/19291\/revisions"}],"predecessor-version":[{"id":19293,"href":"https:\/\/diariotribuna.com.br\/index.php?rest_route=\/wp\/v2\/posts\/19291\/revisions\/19293"}],"wp:featuredmedia":[{"embeddable":true,"href":"https:\/\/diariotribuna.com.br\/index.php?rest_route=\/wp\/v2\/media\/19292"}],"wp:attachment":[{"href":"https:\/\/diariotribuna.com.br\/index.php?rest_route=%2Fwp%2Fv2%2Fmedia&parent=19291"}],"wp:term":[{"taxonomy":"category","embeddable":true,"href":"https:\/\/diariotribuna.com.br\/index.php?rest_route=%2Fwp%2Fv2%2Fcategories&post=19291"},{"taxonomy":"post_tag","embeddable":true,"href":"https:\/\/diariotribuna.com.br\/index.php?rest_route=%2Fwp%2Fv2%2Ftags&post=19291"}],"curies":[{"name":"wp","href":"https:\/\/api.w.org\/{rel}","templated":true}]}}