{"id":19305,"date":"2023-03-27T01:31:55","date_gmt":"2023-03-27T04:31:55","guid":{"rendered":"https:\/\/diariotribuna.com.br\/?p=19305"},"modified":"2023-03-27T01:31:56","modified_gmt":"2023-03-27T04:31:56","slug":"a-primeira-mulher-da-regiao-a-integrar-a-forca-nacional-cabo-celia","status":"publish","type":"post","link":"https:\/\/diariotribuna.com.br\/?p=19305","title":{"rendered":"<strong>A primeira mulher da regi\u00e3o a integrar a For\u00e7a Nacional: Cabo C\u00e9lia<\/strong>"},"content":{"rendered":"\n<figure class=\"wp-block-image size-full is-resized is-style-default\"><img loading=\"lazy\" decoding=\"async\" src=\"https:\/\/diariotribuna.com.br\/wp-content\/uploads\/2023\/03\/Juliana-2.jpg\" alt=\"\" class=\"wp-image-19306\" width=\"342\" height=\"358\" srcset=\"https:\/\/diariotribuna.com.br\/wp-content\/uploads\/2023\/03\/Juliana-2.jpg 650w, https:\/\/diariotribuna.com.br\/wp-content\/uploads\/2023\/03\/Juliana-2-286x300.jpg 286w, https:\/\/diariotribuna.com.br\/wp-content\/uploads\/2023\/03\/Juliana-2-401x420.jpg 401w\" sizes=\"(max-width: 342px) 100vw, 342px\" \/><figcaption class=\"wp-element-caption\"><strong><strong>Juliana Lemes da Cruz.<\/strong><\/strong><br><strong><strong>Doutoranda em Pol\u00edtica Social \u2013 UFF.<\/strong><\/strong><br><strong><strong>Pesquisadora GEPAF\/UFVJM.<\/strong><\/strong><br><strong><strong>Coordenadora do Projeto MLV.<\/strong><\/strong><br><strong><strong>Contato: <\/strong><a href=\"mailto:julianalemes@id.uff.br\"><strong>julianalemes@id.uff.br<\/strong><\/a><\/strong><\/figcaption><\/figure>\n\n\n\n<p><strong>\u201cA versatilidade da mulher policial inspira\u201d<\/strong>. A frase simb\u00f3lica representa o dinamismo da Cabo C\u00e9lia, lotada em Governador Valadares, Leste de Minas. A policial foi a primeira mulher da sua regi\u00e3o a integrar a For\u00e7a Nacional de Seguran\u00e7a P\u00fablica, que exige alto grau de for\u00e7a e resist\u00eancia f\u00edsica para sucesso na sele\u00e7\u00e3o. C\u00e9lia atuou no estado do Rio de Janeiro durante as Olimp\u00edadas e Jogos Paral\u00edmpicos de 2016.<\/p>\n\n\n\n<p>\u201cA For\u00e7a Nacional de Seguran\u00e7a P\u00fablica (FNSP) \u00e9 um Programa de Coopera\u00e7\u00e3o Federativa do Governo Federal, composta por policiais militares, corpos de bombeiros militares, policiais civis e profissionais de per\u00edcia. [&#8230;] Atua em todo o territ\u00f3rio nacional mediante autoriza\u00e7\u00e3o do Minist\u00e9rio da Justi\u00e7a, na preserva\u00e7\u00e3o da ordem p\u00fablica, na seguran\u00e7a de pessoas e de patrim\u00f4nio e em emerg\u00eancias e calamidades p\u00fablicas\u201d. (Site oficial gov.br\/ justi\u00e7a-seguran\u00e7a-publica\/).<\/p>\n\n\n\n<p>No polo oposto, C\u00e9lia serviu por tr\u00eas anos na Patrulha de Preven\u00e7\u00e3o \u00e0 Viol\u00eancia Dom\u00e9stica do 6\u00ba Batalh\u00e3o em GV, atividade que demanda destacada habilidade dos militares no trato com as pessoas envolvidas, no contato interinstitucional e comunit\u00e1rio. Ambas as miss\u00f5es s\u00e3o desafiantes por serem muito espec\u00edficas. C\u00e9lia deu conta, e as cumpriu com excel\u00eancia. Trabalhou ainda no servi\u00e7o de intelig\u00eancia, na Base de Seguran\u00e7a Comunit\u00e1ria e ainda em 2023, Cabo C\u00e9lia participar\u00e1 do Curso Especial de Forma\u00e7\u00e3o de Sargentos.<\/p>\n\n\n\n<p>Quando ingressou na corpora\u00e7\u00e3o, no ano de 2007, em GV, C\u00e9lia residia em Montes Claros, norte de Minas. Seus dois filhos ainda eram crian\u00e7as. Apesar dos desafios ela graduou-se em geografia, e atualmente, v\u00ea-se orgulhosa da filha Gabrielle (27), que \u00e9 professora de hist\u00f3ria no ensino m\u00e9dio e pr\u00e9-vestibular; e do filho Vicente, que est\u00e1 finalizando o curso de medicina em Manaus, na Universidade Federal do Amazonas (UFAM).<\/p>\n\n\n\n<p>Cabo C\u00e9lia inspira as jovens mulheres que decidiram se candidatar ao pr\u00f3ximo concurso p\u00fablico da Pol\u00edcia Militar, que estar\u00e1 aberto para inscri\u00e7\u00f5es at\u00e9 o final do m\u00eas de mar\u00e7o. A remunera\u00e7\u00e3o \u00e9 atrativa, exige-se curso superior e a prova escrita tem previs\u00e3o para acontecer no in\u00edcio do m\u00eas de maio de 2023. A corpora\u00e7\u00e3o oferece in\u00fameras modalidades de atua\u00e7\u00e3o, mas, o curso de forma\u00e7\u00e3o para ingresso \u00e9 padronizado. Para saber mais, basta acessar o site oficial da PMMG: https:\/\/www.policiamilitar.mg.gov.br\/. Imagens: arquivo C\u00e9lia Vieira).<\/p>\n\n\n\n<figure class=\"wp-block-image size-large is-resized is-style-default\"><img loading=\"lazy\" decoding=\"async\" src=\"https:\/\/diariotribuna.com.br\/wp-content\/uploads\/2023\/03\/e31dec91-753a-409d-8900-e492a9bf4406-492x1024.jpg\" alt=\"\" class=\"wp-image-19307\" width=\"560\" height=\"1166\" srcset=\"https:\/\/diariotribuna.com.br\/wp-content\/uploads\/2023\/03\/e31dec91-753a-409d-8900-e492a9bf4406-492x1024.jpg 492w, https:\/\/diariotribuna.com.br\/wp-content\/uploads\/2023\/03\/e31dec91-753a-409d-8900-e492a9bf4406-144x300.jpg 144w, https:\/\/diariotribuna.com.br\/wp-content\/uploads\/2023\/03\/e31dec91-753a-409d-8900-e492a9bf4406-696x1448.jpg 696w, https:\/\/diariotribuna.com.br\/wp-content\/uploads\/2023\/03\/e31dec91-753a-409d-8900-e492a9bf4406-202x420.jpg 202w, https:\/\/diariotribuna.com.br\/wp-content\/uploads\/2023\/03\/e31dec91-753a-409d-8900-e492a9bf4406.jpg 700w\" sizes=\"(max-width: 560px) 100vw, 560px\" \/><\/figure>\n","protected":false},"excerpt":{"rendered":"<p>\u201cA versatilidade da mulher policial inspira\u201d. A frase simb\u00f3lica representa o dinamismo da Cabo C\u00e9lia, lotada em Governador Valadares, Leste de Minas. A policial foi a primeira mulher da sua regi\u00e3o a integrar a For\u00e7a Nacional de Seguran\u00e7a P\u00fablica, que exige alto grau de for\u00e7a e resist\u00eancia f\u00edsica para sucesso na sele\u00e7\u00e3o. C\u00e9lia atuou no [&hellip;]<\/p>\n","protected":false},"author":1,"featured_media":19306,"comment_status":"open","ping_status":"open","sticky":false,"template":"","format":"standard","meta":{"rop_custom_images_group":[],"rop_custom_messages_group":[],"rop_publish_now":"initial","rop_publish_now_accounts":[],"rop_publish_now_history":[],"rop_publish_now_status":"pending","footnotes":""},"categories":[25,24],"tags":[5277,5278,1194],"class_list":["post-19305","post","type-post","status-publish","format-standard","has-post-thumbnail","hentry","category-destaque","category-opiniao","tag-cabo-celia","tag-forca-nacional","tag-juliana-lemes"],"_links":{"self":[{"href":"https:\/\/diariotribuna.com.br\/index.php?rest_route=\/wp\/v2\/posts\/19305"}],"collection":[{"href":"https:\/\/diariotribuna.com.br\/index.php?rest_route=\/wp\/v2\/posts"}],"about":[{"href":"https:\/\/diariotribuna.com.br\/index.php?rest_route=\/wp\/v2\/types\/post"}],"author":[{"embeddable":true,"href":"https:\/\/diariotribuna.com.br\/index.php?rest_route=\/wp\/v2\/users\/1"}],"replies":[{"embeddable":true,"href":"https:\/\/diariotribuna.com.br\/index.php?rest_route=%2Fwp%2Fv2%2Fcomments&post=19305"}],"version-history":[{"count":1,"href":"https:\/\/diariotribuna.com.br\/index.php?rest_route=\/wp\/v2\/posts\/19305\/revisions"}],"predecessor-version":[{"id":19308,"href":"https:\/\/diariotribuna.com.br\/index.php?rest_route=\/wp\/v2\/posts\/19305\/revisions\/19308"}],"wp:featuredmedia":[{"embeddable":true,"href":"https:\/\/diariotribuna.com.br\/index.php?rest_route=\/wp\/v2\/media\/19306"}],"wp:attachment":[{"href":"https:\/\/diariotribuna.com.br\/index.php?rest_route=%2Fwp%2Fv2%2Fmedia&parent=19305"}],"wp:term":[{"taxonomy":"category","embeddable":true,"href":"https:\/\/diariotribuna.com.br\/index.php?rest_route=%2Fwp%2Fv2%2Fcategories&post=19305"},{"taxonomy":"post_tag","embeddable":true,"href":"https:\/\/diariotribuna.com.br\/index.php?rest_route=%2Fwp%2Fv2%2Ftags&post=19305"}],"curies":[{"name":"wp","href":"https:\/\/api.w.org\/{rel}","templated":true}]}}