{"id":19317,"date":"2023-03-28T18:05:20","date_gmt":"2023-03-28T21:05:20","guid":{"rendered":"https:\/\/diariotribuna.com.br\/?p=19317"},"modified":"2023-04-02T23:39:50","modified_gmt":"2023-04-03T02:39:50","slug":"bau-de-caminhao-rompe-lateral-e-parte-da-carga-de-5-000-quilos-de-explosivos-fica-espalhada-na-br-116","status":"publish","type":"post","link":"https:\/\/diariotribuna.com.br\/?p=19317","title":{"rendered":"Ba\u00fa de caminh\u00e3o rompe lateral e parte da carga de 5.000 quilos de explosivos fica espalhada na BR 116"},"content":{"rendered":"\n<figure class=\"wp-block-image size-full is-resized is-style-default\"><img loading=\"lazy\" decoding=\"async\" src=\"https:\/\/diariotribuna.com.br\/wp-content\/uploads\/2023\/03\/9f6c7484-d41a-47f3-8c80-740e090c5c4d.jpg\" alt=\"\" class=\"wp-image-19318\" width=\"537\" height=\"364\" srcset=\"https:\/\/diariotribuna.com.br\/wp-content\/uploads\/2023\/03\/9f6c7484-d41a-47f3-8c80-740e090c5c4d.jpg 700w, https:\/\/diariotribuna.com.br\/wp-content\/uploads\/2023\/03\/9f6c7484-d41a-47f3-8c80-740e090c5c4d-300x204.jpg 300w, https:\/\/diariotribuna.com.br\/wp-content\/uploads\/2023\/03\/9f6c7484-d41a-47f3-8c80-740e090c5c4d-696x472.jpg 696w, https:\/\/diariotribuna.com.br\/wp-content\/uploads\/2023\/03\/9f6c7484-d41a-47f3-8c80-740e090c5c4d-619x420.jpg 619w\" sizes=\"(max-width: 537px) 100vw, 537px\" \/><\/figure>\n\n\n\n<p><strong>Itaobim \u2013<\/strong> A Pol\u00edcia Rodovi\u00e1ria Federal registrou o acidente no km 127 da BR 116, em Itaobim, pr\u00f3ximo ao Auto Posto Transanimais, nesta ter\u00e7a-feira (28\/03). O ba\u00fa de um caminh\u00e3o rompeu a lateral e parte da carga de 5.000 quilos de explosivos (0241) ficou espalhada na rodovia.<strong> <\/strong>Militares do 3\u00b0 Pelot\u00e3o do Corpo de Bombeiros de Ara\u00e7ua\u00ed foram acionados para atendimento de ocorr\u00eancia, felizmente n\u00e3o houve v\u00edtimas.<strong><\/strong><\/p>\n\n\n\n<p>Foi feito o isolamento do local, a remo\u00e7\u00e3o de pessoas que se encontravam dentro da \u00e1rea de risco. Segundo informa\u00e7\u00f5es obtidas pelo Corpo de Bombeiros, o caminh\u00e3o saiu do Esp\u00edrito Santo com destino a Feira de Santana. Foi acionada a empresa respons\u00e1vel pelo transbordo, para realizar o transbordo do material.<\/p>\n\n\n\n<p>At\u00e9 \u00e0s 17h30 desta ter\u00e7a-feira, os bombeiros permaneciam no local, garantindo o isolamento do per\u00edmetro e controle de potenciais riscos, e equipe da Pol\u00edcia Rodovi\u00e1ria Federal tamb\u00e9m permaneceu no local, pois precisa aguardar a empresa especializada para fazer o transbordo da carga. A pista teve que ficar interditada por v\u00e1rias horas.<\/p>\n\n\n\n<p>Lamentavelmente, segundo a PRF, parte da carga explosiva foi saqueada. A PRF e Pol\u00edcia Militar conseguiram recuperar parte do material saqueado, que estava dentro do mato, nas imedia\u00e7\u00f5es. (Informa\u00e7\u00f5es: CBMMG\/Ara\u00e7ua\u00ed e PRF\/ Fotos: CBMMG).<\/p>\n\n\n\n<figure class=\"wp-block-gallery has-nested-images columns-2 is-cropped wp-block-gallery-1 is-layout-flex wp-block-gallery-is-layout-flex\">\n<figure class=\"wp-block-image size-large is-style-default\"><img loading=\"lazy\" decoding=\"async\" width=\"600\" height=\"414\" data-id=\"19325\" src=\"https:\/\/diariotribuna.com.br\/wp-content\/uploads\/2023\/03\/c6be31a1-04ba-46f0-8154-bbb5445c1a3d-1.jpg\" alt=\"\" class=\"wp-image-19325\" srcset=\"https:\/\/diariotribuna.com.br\/wp-content\/uploads\/2023\/03\/c6be31a1-04ba-46f0-8154-bbb5445c1a3d-1.jpg 600w, https:\/\/diariotribuna.com.br\/wp-content\/uploads\/2023\/03\/c6be31a1-04ba-46f0-8154-bbb5445c1a3d-1-300x207.jpg 300w, https:\/\/diariotribuna.com.br\/wp-content\/uploads\/2023\/03\/c6be31a1-04ba-46f0-8154-bbb5445c1a3d-1-100x70.jpg 100w, https:\/\/diariotribuna.com.br\/wp-content\/uploads\/2023\/03\/c6be31a1-04ba-46f0-8154-bbb5445c1a3d-1-218x150.jpg 218w\" sizes=\"(max-width: 600px) 100vw, 600px\" \/><\/figure>\n\n\n\n<figure class=\"wp-block-image size-large is-style-default\"><img loading=\"lazy\" decoding=\"async\" width=\"600\" height=\"418\" data-id=\"19326\" src=\"https:\/\/diariotribuna.com.br\/wp-content\/uploads\/2023\/03\/b16d0837-3cec-41c9-96df-ab34745cab28-1.jpg\" alt=\"\" class=\"wp-image-19326\" srcset=\"https:\/\/diariotribuna.com.br\/wp-content\/uploads\/2023\/03\/b16d0837-3cec-41c9-96df-ab34745cab28-1.jpg 600w, https:\/\/diariotribuna.com.br\/wp-content\/uploads\/2023\/03\/b16d0837-3cec-41c9-96df-ab34745cab28-1-300x209.jpg 300w, https:\/\/diariotribuna.com.br\/wp-content\/uploads\/2023\/03\/b16d0837-3cec-41c9-96df-ab34745cab28-1-100x70.jpg 100w\" sizes=\"(max-width: 600px) 100vw, 600px\" \/><\/figure>\n\n\n\n<figure class=\"wp-block-image size-large is-style-default\"><img loading=\"lazy\" decoding=\"async\" width=\"600\" height=\"405\" data-id=\"19322\" src=\"https:\/\/diariotribuna.com.br\/wp-content\/uploads\/2023\/03\/72b5b504-c222-450d-963d-88a7d4acece3.jpg\" alt=\"\" class=\"wp-image-19322\" srcset=\"https:\/\/diariotribuna.com.br\/wp-content\/uploads\/2023\/03\/72b5b504-c222-450d-963d-88a7d4acece3.jpg 600w, https:\/\/diariotribuna.com.br\/wp-content\/uploads\/2023\/03\/72b5b504-c222-450d-963d-88a7d4acece3-300x203.jpg 300w\" sizes=\"(max-width: 600px) 100vw, 600px\" \/><\/figure>\n\n\n\n<figure class=\"wp-block-image size-large is-style-default\"><img loading=\"lazy\" decoding=\"async\" width=\"600\" height=\"433\" data-id=\"19327\" src=\"https:\/\/diariotribuna.com.br\/wp-content\/uploads\/2023\/03\/8b2881ba-249f-4d59-aed1-31c8d7ff7fa9-1.jpg\" alt=\"\" class=\"wp-image-19327\" srcset=\"https:\/\/diariotribuna.com.br\/wp-content\/uploads\/2023\/03\/8b2881ba-249f-4d59-aed1-31c8d7ff7fa9-1.jpg 600w, https:\/\/diariotribuna.com.br\/wp-content\/uploads\/2023\/03\/8b2881ba-249f-4d59-aed1-31c8d7ff7fa9-1-300x217.jpg 300w, https:\/\/diariotribuna.com.br\/wp-content\/uploads\/2023\/03\/8b2881ba-249f-4d59-aed1-31c8d7ff7fa9-1-324x235.jpg 324w, https:\/\/diariotribuna.com.br\/wp-content\/uploads\/2023\/03\/8b2881ba-249f-4d59-aed1-31c8d7ff7fa9-1-582x420.jpg 582w\" sizes=\"(max-width: 600px) 100vw, 600px\" \/><\/figure>\n<\/figure>\n","protected":false},"excerpt":{"rendered":"<p>Itaobim \u2013 A Pol\u00edcia Rodovi\u00e1ria Federal registrou o acidente no km 127 da BR 116, em Itaobim, pr\u00f3ximo ao Auto Posto Transanimais, nesta ter\u00e7a-feira (28\/03). O ba\u00fa de um caminh\u00e3o rompeu a lateral e parte da carga de 5.000 quilos de explosivos (0241) ficou espalhada na rodovia. Militares do 3\u00b0 Pelot\u00e3o do Corpo de Bombeiros [&hellip;]<\/p>\n","protected":false},"author":1,"featured_media":19318,"comment_status":"open","ping_status":"open","sticky":false,"template":"","format":"standard","meta":{"rop_custom_images_group":[],"rop_custom_messages_group":[],"rop_publish_now":"initial","rop_publish_now_accounts":[],"rop_publish_now_history":[],"rop_publish_now_status":"pending","footnotes":""},"categories":[18],"tags":[1382,185,382,5281,173,184],"class_list":["post-19317","post","type-post","status-publish","format-standard","has-post-thumbnail","hentry","category-regiao","tag-br-116-2","tag-caminhao","tag-corpo-de-bombeiros","tag-derramamento-da-carga","tag-explosivos","tag-prf"],"_links":{"self":[{"href":"https:\/\/diariotribuna.com.br\/index.php?rest_route=\/wp\/v2\/posts\/19317"}],"collection":[{"href":"https:\/\/diariotribuna.com.br\/index.php?rest_route=\/wp\/v2\/posts"}],"about":[{"href":"https:\/\/diariotribuna.com.br\/index.php?rest_route=\/wp\/v2\/types\/post"}],"author":[{"embeddable":true,"href":"https:\/\/diariotribuna.com.br\/index.php?rest_route=\/wp\/v2\/users\/1"}],"replies":[{"embeddable":true,"href":"https:\/\/diariotribuna.com.br\/index.php?rest_route=%2Fwp%2Fv2%2Fcomments&post=19317"}],"version-history":[{"count":2,"href":"https:\/\/diariotribuna.com.br\/index.php?rest_route=\/wp\/v2\/posts\/19317\/revisions"}],"predecessor-version":[{"id":19328,"href":"https:\/\/diariotribuna.com.br\/index.php?rest_route=\/wp\/v2\/posts\/19317\/revisions\/19328"}],"wp:featuredmedia":[{"embeddable":true,"href":"https:\/\/diariotribuna.com.br\/index.php?rest_route=\/wp\/v2\/media\/19318"}],"wp:attachment":[{"href":"https:\/\/diariotribuna.com.br\/index.php?rest_route=%2Fwp%2Fv2%2Fmedia&parent=19317"}],"wp:term":[{"taxonomy":"category","embeddable":true,"href":"https:\/\/diariotribuna.com.br\/index.php?rest_route=%2Fwp%2Fv2%2Fcategories&post=19317"},{"taxonomy":"post_tag","embeddable":true,"href":"https:\/\/diariotribuna.com.br\/index.php?rest_route=%2Fwp%2Fv2%2Ftags&post=19317"}],"curies":[{"name":"wp","href":"https:\/\/api.w.org\/{rel}","templated":true}]}}