{"id":19329,"date":"2023-03-28T23:58:43","date_gmt":"2023-03-29T02:58:43","guid":{"rendered":"https:\/\/diariotribuna.com.br\/?p=19329"},"modified":"2023-04-03T00:11:36","modified_gmt":"2023-04-03T03:11:36","slug":"policia-militar-prende-homem-que-assaltou-e-agrediu-uma-idosa-em-jequitinhonha","status":"publish","type":"post","link":"https:\/\/diariotribuna.com.br\/?p=19329","title":{"rendered":"<strong>Pol\u00edcia Militar prende homem que assaltou e agrediu uma idosa em Jequitinhonha<\/strong>"},"content":{"rendered":"\n<figure class=\"wp-block-image size-full is-resized is-style-default\"><img loading=\"lazy\" decoding=\"async\" src=\"https:\/\/diariotribuna.com.br\/wp-content\/uploads\/2023\/03\/Logo-policia.jpg\" alt=\"\" class=\"wp-image-19332\" width=\"436\" height=\"276\" srcset=\"https:\/\/diariotribuna.com.br\/wp-content\/uploads\/2023\/03\/Logo-policia.jpg 524w, https:\/\/diariotribuna.com.br\/wp-content\/uploads\/2023\/03\/Logo-policia-300x190.jpg 300w\" sizes=\"(max-width: 436px) 100vw, 436px\" \/><\/figure>\n\n\n\n<p>A Pol\u00edcia Militar prendeu um homem de 26 anos, na segunda-feira (20\/03), que invadiu a casa de uma idosa de 77 anos, no centro de Jequitinhonha, assaltou e agrediu a v\u00edtima com um tapa no rosto. Ele dominou a v\u00edtima com for\u00e7a f\u00edsica, sem uso de arma e subtraiu na casa dela a quantia de R$ 100,00. Ela ainda tentou reagir, mas foi amea\u00e7ada de morte. &nbsp;<\/p>\n\n\n\n<p>Ap\u00f3s o ocorrido, a Pol\u00edcia Militar foi acionada e uma equipe foi ao local, onde a v\u00edtima relatou que viu um homem tentando entrar na casa de uma vizinha, e minutos depois viu esse mesmo homem pr\u00f3ximo \u00e0 sua resid\u00eancia. Quando ele avistou a v\u00edtima, pulou na casa dela, e com atitude violenta, levou a idosa para dentro do im\u00f3vel, desferiu um tapa no rosto dela, causando les\u00f5es.<\/p>\n\n\n\n<p>Segundo a v\u00edtima, a todo momento ele dizia que queria dinheiro e a amea\u00e7ava de morte. Ele revirou a casa e localizou R$ 100,00, amea\u00e7ou novamente a v\u00edtima e fugiu. Os militares fizeram rastreamentos e conseguiram identificar e localizar o autor na casa da sua am\u00e1sia. Ele j\u00e1 \u00e9 contumaz na pr\u00e1tica de furto e roubo, e foi reconhecido atrav\u00e9s de c\u00e2meras de monitoramento da localidade. Equipe: sargentos Lemos, Viana e Zuville, cabo Mendes. (Informa\u00e7\u00f5es\/Foto: PMMG).<\/p>\n","protected":false},"excerpt":{"rendered":"<p>A Pol\u00edcia Militar prendeu um homem de 26 anos, na segunda-feira (20\/03), que invadiu a casa de uma idosa de 77 anos, no centro de Jequitinhonha, assaltou e agrediu a v\u00edtima com um tapa no rosto. Ele dominou a v\u00edtima com for\u00e7a f\u00edsica, sem uso de arma e subtraiu na casa dela a quantia de [&hellip;]<\/p>\n","protected":false},"author":1,"featured_media":19332,"comment_status":"open","ping_status":"open","sticky":false,"template":"","format":"standard","meta":{"rop_custom_images_group":[],"rop_custom_messages_group":[],"rop_publish_now":"initial","rop_publish_now_accounts":[],"rop_publish_now_history":[],"rop_publish_now_status":"pending","footnotes":""},"categories":[20],"tags":[5282,5283,297,76,649],"class_list":["post-19329","post","type-post","status-publish","format-standard","has-post-thumbnail","hentry","category-policia","tag-assaltante","tag-idosa-vitima","tag-jequitinhonha","tag-policia-militar","tag-prisao"],"_links":{"self":[{"href":"https:\/\/diariotribuna.com.br\/index.php?rest_route=\/wp\/v2\/posts\/19329"}],"collection":[{"href":"https:\/\/diariotribuna.com.br\/index.php?rest_route=\/wp\/v2\/posts"}],"about":[{"href":"https:\/\/diariotribuna.com.br\/index.php?rest_route=\/wp\/v2\/types\/post"}],"author":[{"embeddable":true,"href":"https:\/\/diariotribuna.com.br\/index.php?rest_route=\/wp\/v2\/users\/1"}],"replies":[{"embeddable":true,"href":"https:\/\/diariotribuna.com.br\/index.php?rest_route=%2Fwp%2Fv2%2Fcomments&post=19329"}],"version-history":[{"count":2,"href":"https:\/\/diariotribuna.com.br\/index.php?rest_route=\/wp\/v2\/posts\/19329\/revisions"}],"predecessor-version":[{"id":19333,"href":"https:\/\/diariotribuna.com.br\/index.php?rest_route=\/wp\/v2\/posts\/19329\/revisions\/19333"}],"wp:featuredmedia":[{"embeddable":true,"href":"https:\/\/diariotribuna.com.br\/index.php?rest_route=\/wp\/v2\/media\/19332"}],"wp:attachment":[{"href":"https:\/\/diariotribuna.com.br\/index.php?rest_route=%2Fwp%2Fv2%2Fmedia&parent=19329"}],"wp:term":[{"taxonomy":"category","embeddable":true,"href":"https:\/\/diariotribuna.com.br\/index.php?rest_route=%2Fwp%2Fv2%2Fcategories&post=19329"},{"taxonomy":"post_tag","embeddable":true,"href":"https:\/\/diariotribuna.com.br\/index.php?rest_route=%2Fwp%2Fv2%2Ftags&post=19329"}],"curies":[{"name":"wp","href":"https:\/\/api.w.org\/{rel}","templated":true}]}}