{"id":19368,"date":"2023-03-30T23:55:15","date_gmt":"2023-03-31T02:55:15","guid":{"rendered":"https:\/\/diariotribuna.com.br\/?p=19368"},"modified":"2023-03-31T10:27:00","modified_gmt":"2023-03-31T13:27:00","slug":"sindcomercio-teofilo-otoni-agradece-ao-deputado-federal-hercilio-diniz-pela-destinacao-de-recurso-para-o-projeto-frutificar","status":"publish","type":"post","link":"https:\/\/diariotribuna.com.br\/?p=19368","title":{"rendered":"Sindcom\u00e9rcio Te\u00f3filo Otoni agradece ao Deputado Federal Herc\u00edlio Diniz pela destina\u00e7\u00e3o de recurso para o Projeto Frutificar"},"content":{"rendered":"\n<figure class=\"wp-block-image size-full is-resized is-style-default\"><img loading=\"lazy\" decoding=\"async\" src=\"https:\/\/diariotribuna.com.br\/wp-content\/uploads\/2023\/03\/dffc0290-c4b8-4392-8793-744509254a81.jpg\" alt=\"\" class=\"wp-image-19370\" width=\"540\" height=\"405\" srcset=\"https:\/\/diariotribuna.com.br\/wp-content\/uploads\/2023\/03\/dffc0290-c4b8-4392-8793-744509254a81.jpg 700w, https:\/\/diariotribuna.com.br\/wp-content\/uploads\/2023\/03\/dffc0290-c4b8-4392-8793-744509254a81-300x225.jpg 300w, https:\/\/diariotribuna.com.br\/wp-content\/uploads\/2023\/03\/dffc0290-c4b8-4392-8793-744509254a81-80x60.jpg 80w, https:\/\/diariotribuna.com.br\/wp-content\/uploads\/2023\/03\/dffc0290-c4b8-4392-8793-744509254a81-265x198.jpg 265w, https:\/\/diariotribuna.com.br\/wp-content\/uploads\/2023\/03\/dffc0290-c4b8-4392-8793-744509254a81-696x521.jpg 696w, https:\/\/diariotribuna.com.br\/wp-content\/uploads\/2023\/03\/dffc0290-c4b8-4392-8793-744509254a81-561x420.jpg 561w\" sizes=\"(max-width: 540px) 100vw, 540px\" \/><figcaption class=\"wp-element-caption\"><strong>Deputado Federal Herc\u00edlio Diniz (centro), recebendo a visita do<\/strong><br><strong>presidente do Sindcom\u00e9rcio Te\u00f3filo Otoni, L\u00e9o Ramos (\u00e0 direita)<\/strong><br><strong>juntamente com o diretor Iesser Lauar (\u00e0 esquerda)<\/strong><\/figcaption><\/figure>\n\n\n\n<p>O Sindcom\u00e9rcio de Te\u00f3filo Otoni se reuniu, nesta quinta-feira (30\/03), com o Deputado Federal Herc\u00edlio Diniz, em Belo Horizonte, para agradecer pelos recursos direcionados para nossa regi\u00e3o de Te\u00f3filo Otoni.<\/p>\n\n\n\n<p>O presidente Leonardo Ramos e o diretor Iesser Lauar enfatizaram que a destina\u00e7\u00e3o do recurso, no valor de R$ 300.000,00, ser\u00e1 para a aquisi\u00e7\u00e3o de um terreno e \u00e0 constru\u00e7\u00e3o de um galp\u00e3o na regi\u00e3o da Lajinha. <\/p>\n\n\n\n<p>O objetivo principal desse recurso \u00e9 estabelecer um centro de comercializa\u00e7\u00e3o de produtos agr\u00edcolas provenientes do Projeto Frutificar, voltado para a agricultura familiar. O galp\u00e3o ser\u00e1 de grande relev\u00e2ncia para os produtores da regi\u00e3o, pois vai permitir a eles escoar suas produ\u00e7\u00f5es com maior facilidade.<\/p>\n\n\n\n<figure class=\"wp-block-video\"><video controls src=\"https:\/\/diariotribuna.com.br\/wp-content\/uploads\/2023\/03\/VID-20230330-WA0217.mp4\"><\/video><\/figure>\n\n\n\n<p><\/p>\n","protected":false},"excerpt":{"rendered":"<p>O Sindcom\u00e9rcio de Te\u00f3filo Otoni se reuniu, nesta quinta-feira (30\/03), com o Deputado Federal Herc\u00edlio Diniz, em Belo Horizonte, para agradecer pelos recursos direcionados para nossa regi\u00e3o de Te\u00f3filo Otoni. O presidente Leonardo Ramos e o diretor Iesser Lauar enfatizaram que a destina\u00e7\u00e3o do recurso, no valor de R$ 300.000,00, ser\u00e1 para a aquisi\u00e7\u00e3o de [&hellip;]<\/p>\n","protected":false},"author":1,"featured_media":19370,"comment_status":"open","ping_status":"open","sticky":false,"template":"","format":"standard","meta":{"rop_custom_images_group":[],"rop_custom_messages_group":[],"rop_publish_now":"initial","rop_publish_now_accounts":[],"rop_publish_now_history":[],"rop_publish_now_status":"pending","footnotes":""},"categories":[25,19],"tags":[2832,5290,3267,5291,5292,221,75],"class_list":["post-19368","post","type-post","status-publish","format-standard","has-post-thumbnail","hentry","category-destaque","category-gerais","tag-galpao","tag-hercilio-diniz","tag-lajinha","tag-projeto-frutificar","tag-recursos","tag-sindcomercio","tag-teofilo-otoni"],"_links":{"self":[{"href":"https:\/\/diariotribuna.com.br\/index.php?rest_route=\/wp\/v2\/posts\/19368"}],"collection":[{"href":"https:\/\/diariotribuna.com.br\/index.php?rest_route=\/wp\/v2\/posts"}],"about":[{"href":"https:\/\/diariotribuna.com.br\/index.php?rest_route=\/wp\/v2\/types\/post"}],"author":[{"embeddable":true,"href":"https:\/\/diariotribuna.com.br\/index.php?rest_route=\/wp\/v2\/users\/1"}],"replies":[{"embeddable":true,"href":"https:\/\/diariotribuna.com.br\/index.php?rest_route=%2Fwp%2Fv2%2Fcomments&post=19368"}],"version-history":[{"count":6,"href":"https:\/\/diariotribuna.com.br\/index.php?rest_route=\/wp\/v2\/posts\/19368\/revisions"}],"predecessor-version":[{"id":19379,"href":"https:\/\/diariotribuna.com.br\/index.php?rest_route=\/wp\/v2\/posts\/19368\/revisions\/19379"}],"wp:featuredmedia":[{"embeddable":true,"href":"https:\/\/diariotribuna.com.br\/index.php?rest_route=\/wp\/v2\/media\/19370"}],"wp:attachment":[{"href":"https:\/\/diariotribuna.com.br\/index.php?rest_route=%2Fwp%2Fv2%2Fmedia&parent=19368"}],"wp:term":[{"taxonomy":"category","embeddable":true,"href":"https:\/\/diariotribuna.com.br\/index.php?rest_route=%2Fwp%2Fv2%2Fcategories&post=19368"},{"taxonomy":"post_tag","embeddable":true,"href":"https:\/\/diariotribuna.com.br\/index.php?rest_route=%2Fwp%2Fv2%2Ftags&post=19368"}],"curies":[{"name":"wp","href":"https:\/\/api.w.org\/{rel}","templated":true}]}}