{"id":1937,"date":"2020-07-24T12:24:05","date_gmt":"2020-07-24T15:24:05","guid":{"rendered":"https:\/\/diariotribuna.com.br\/?p=1937"},"modified":"2020-07-24T12:24:06","modified_gmt":"2020-07-24T15:24:06","slug":"policia-civil-prende-um-dos-envolvidos-em-homicidio-em-malacacheta","status":"publish","type":"post","link":"https:\/\/diariotribuna.com.br\/?p=1937","title":{"rendered":"Pol\u00edcia Civil prende um dos envolvidos em homic\u00eddio em Malacacheta"},"content":{"rendered":"\n<figure class=\"wp-block-image size-large is-resized\"><img loading=\"lazy\" decoding=\"async\" src=\"https:\/\/diariotribuna.com.br\/wp-content\/uploads\/2020\/07\/b21c7429-95d7-496e-b3cc-b2f7e2f2da22.jpg\" alt=\"\" class=\"wp-image-1938\" width=\"403\" height=\"302\" srcset=\"https:\/\/diariotribuna.com.br\/wp-content\/uploads\/2020\/07\/b21c7429-95d7-496e-b3cc-b2f7e2f2da22.jpg 700w, https:\/\/diariotribuna.com.br\/wp-content\/uploads\/2020\/07\/b21c7429-95d7-496e-b3cc-b2f7e2f2da22-300x225.jpg 300w, https:\/\/diariotribuna.com.br\/wp-content\/uploads\/2020\/07\/b21c7429-95d7-496e-b3cc-b2f7e2f2da22-80x60.jpg 80w, https:\/\/diariotribuna.com.br\/wp-content\/uploads\/2020\/07\/b21c7429-95d7-496e-b3cc-b2f7e2f2da22-265x198.jpg 265w, https:\/\/diariotribuna.com.br\/wp-content\/uploads\/2020\/07\/b21c7429-95d7-496e-b3cc-b2f7e2f2da22-696x522.jpg 696w, https:\/\/diariotribuna.com.br\/wp-content\/uploads\/2020\/07\/b21c7429-95d7-496e-b3cc-b2f7e2f2da22-560x420.jpg 560w\" sizes=\"(max-width: 403px) 100vw, 403px\" \/><\/figure>\n\n\n\n<p>Nesta quinta-feira (23\/07), a Pol\u00edcia Civil de Minas Gerais, por meio da delegacia de Malacacheta, cumpriu mandado de busca e apreens\u00e3o e de pris\u00e3o tempor\u00e1ria contra um homem, que aponta fortes ind\u00edcios de participa\u00e7\u00e3o no resultado da a\u00e7\u00e3o que culminou no homic\u00eddio de Edenilson Alves de Macedo, 37 anos, no dia 15 de junho de 2020, na zona rural de Malacacheta.<\/p>\n\n\n\n<p>A Pol\u00edcia Civil informa que, trata-se da terceira pris\u00e3o realizada na investiga\u00e7\u00e3o em ep\u00edgrafe, sendo que os dois executores foram presos no dia 16 de junho de 2020, tamb\u00e9m em decorr\u00eancia de representa\u00e7\u00e3o da autoridade policial<\/p>\n\n\n\n<p>A partir disso, em continuidade \u00e0 investiga\u00e7\u00e3o chegou-se \u00e0 suspei\u00e7\u00e3o e ind\u00edcios de participa\u00e7\u00e3o do investigado, sendo que, com os elementos de informa\u00e7\u00e3o colhidos, a Pol\u00edcia Civil representou junto ao Poder Judici\u00e1rio pela pris\u00e3o tempor\u00e1ria dele, que foi deferida juntamente com um mandado de busca e apreens\u00e3o na sua resid\u00eancia. Os dois mandados judiciais foram cumpridos nesta data.<\/p>\n\n\n\n<p>Ap\u00f3s as formalidades necess\u00e1rias, o preso foi encaminhado \u00e0 penitenci\u00e1ria de Te\u00f3filo Otoni, onde permanece \u00e0 disposi\u00e7\u00e3o da justi\u00e7a. Equipe: delegado de Pol\u00edcia, dr. Robert Salles Oliveira. Inspetor Edilson Martins de Sousa. Investigadores Ermenegildo Cardoso dos Santos, Ad\u00e3o Marcos Pereira Coelho. Escriv\u00e3o \u00canio Queiroz da Silva.<\/p>\n","protected":false},"excerpt":{"rendered":"<p>Nesta quinta-feira (23\/07), a Pol\u00edcia Civil de Minas Gerais, por meio da delegacia de Malacacheta, cumpriu mandado de busca e apreens\u00e3o e de pris\u00e3o tempor\u00e1ria contra um homem, que aponta fortes ind\u00edcios de participa\u00e7\u00e3o no resultado da a\u00e7\u00e3o que culminou no homic\u00eddio de Edenilson Alves de Macedo, 37 anos, no dia 15 de junho de [&hellip;]<\/p>\n","protected":false},"author":1,"featured_media":1938,"comment_status":"open","ping_status":"open","sticky":false,"template":"","format":"standard","meta":{"rop_custom_images_group":[],"rop_custom_messages_group":[],"rop_publish_now":"initial","rop_publish_now_accounts":[],"rop_publish_now_history":[],"rop_publish_now_status":"pending","footnotes":""},"categories":[20],"tags":[107,444,292,701],"class_list":["post-1937","post","type-post","status-publish","format-standard","has-post-thumbnail","hentry","category-policia","tag-homicidio","tag-malacacheta","tag-policia-civil","tag-prisao-de-autores"],"_links":{"self":[{"href":"https:\/\/diariotribuna.com.br\/index.php?rest_route=\/wp\/v2\/posts\/1937"}],"collection":[{"href":"https:\/\/diariotribuna.com.br\/index.php?rest_route=\/wp\/v2\/posts"}],"about":[{"href":"https:\/\/diariotribuna.com.br\/index.php?rest_route=\/wp\/v2\/types\/post"}],"author":[{"embeddable":true,"href":"https:\/\/diariotribuna.com.br\/index.php?rest_route=\/wp\/v2\/users\/1"}],"replies":[{"embeddable":true,"href":"https:\/\/diariotribuna.com.br\/index.php?rest_route=%2Fwp%2Fv2%2Fcomments&post=1937"}],"version-history":[{"count":1,"href":"https:\/\/diariotribuna.com.br\/index.php?rest_route=\/wp\/v2\/posts\/1937\/revisions"}],"predecessor-version":[{"id":1939,"href":"https:\/\/diariotribuna.com.br\/index.php?rest_route=\/wp\/v2\/posts\/1937\/revisions\/1939"}],"wp:featuredmedia":[{"embeddable":true,"href":"https:\/\/diariotribuna.com.br\/index.php?rest_route=\/wp\/v2\/media\/1938"}],"wp:attachment":[{"href":"https:\/\/diariotribuna.com.br\/index.php?rest_route=%2Fwp%2Fv2%2Fmedia&parent=1937"}],"wp:term":[{"taxonomy":"category","embeddable":true,"href":"https:\/\/diariotribuna.com.br\/index.php?rest_route=%2Fwp%2Fv2%2Fcategories&post=1937"},{"taxonomy":"post_tag","embeddable":true,"href":"https:\/\/diariotribuna.com.br\/index.php?rest_route=%2Fwp%2Fv2%2Ftags&post=1937"}],"curies":[{"name":"wp","href":"https:\/\/api.w.org\/{rel}","templated":true}]}}