{"id":19396,"date":"2023-04-03T00:11:25","date_gmt":"2023-04-03T03:11:25","guid":{"rendered":"https:\/\/diariotribuna.com.br\/?p=19396"},"modified":"2023-04-03T23:36:46","modified_gmt":"2023-04-04T02:36:46","slug":"policia-civil-deflagra-operacao-e-cumpre-8-mandados-judiciais-em-nanuque","status":"publish","type":"post","link":"https:\/\/diariotribuna.com.br\/?p=19396","title":{"rendered":"Pol\u00edcia Civil deflagra opera\u00e7\u00e3o e cumpre 8 mandados judiciais em Nanuque"},"content":{"rendered":"\n<figure class=\"wp-block-image size-full is-resized is-style-default\"><img loading=\"lazy\" decoding=\"async\" src=\"https:\/\/diariotribuna.com.br\/wp-content\/uploads\/2023\/04\/92524073-21e6-4f83-8392-e88571a5bfb5.jpg\" alt=\"\" class=\"wp-image-19397\" width=\"556\" height=\"322\" srcset=\"https:\/\/diariotribuna.com.br\/wp-content\/uploads\/2023\/04\/92524073-21e6-4f83-8392-e88571a5bfb5.jpg 700w, https:\/\/diariotribuna.com.br\/wp-content\/uploads\/2023\/04\/92524073-21e6-4f83-8392-e88571a5bfb5-300x174.jpg 300w, https:\/\/diariotribuna.com.br\/wp-content\/uploads\/2023\/04\/92524073-21e6-4f83-8392-e88571a5bfb5-696x403.jpg 696w\" sizes=\"(max-width: 556px) 100vw, 556px\" \/><\/figure>\n\n\n\n<p>Na sexta-feira (31\/03), a Pol\u00edcia Civil de Minas Gerais, por meio da 4\u00aa Delegacia Regional de Nanuque, deu cumprimento a oito medidas cautelares, sendo 02 mandados de pris\u00e3o e 06 mandados de busca e apreens\u00e3o, em Nanuque. A a\u00e7\u00e3o visou o combate da pr\u00e1tica de crimes contra o patrim\u00f4nio e resultou na pris\u00e3o de dois homens, de 31 e 61 anos, alvos dos mandados, al\u00e9m da apreens\u00e3o de diversos materiais de origem il\u00edcita, como ta\u00e7as de cristal, aparelhos de celular e uma televis\u00e3o de 70\u201d.<\/p>\n\n\n\n<p>As investiga\u00e7\u00f5es tiveram in\u00edcio h\u00e1 cerca de dois meses, ap\u00f3s o furto ocorrido em uma cl\u00ednica m\u00e9dica da cidade, ressaltando que parte do produto furtado foi recuperado nesta data. As investiga\u00e7\u00f5es seguem em andamento e os autores foram encaminhados ao sistema prisional, onde permanecer\u00e3o \u00e0 disposi\u00e7\u00e3o da justi\u00e7a. A opera\u00e7\u00e3o que foi conduzida pelo delegado titular da Delegacia de Crimes contra o Patrim\u00f4nio, Luciano Lauton, contou com 12 policiais civis.<\/p>\n\n\n\n<p>Equipe: Delegado Regional Jo\u00e3o Augusto Ferraz. Delegados Luciano Lauton e Luiz Bernardo Rodrigues. Escriv\u00e3 de Pol\u00edcia Thalita da Silva. Investigadores Paola Trov\u00f5es, Rog\u00e9rio Luiz, Jo\u00e3o Gilvan \u00cdndio, Davi Andrade, Marcos In\u00e1cio, Chalme dos Santos, Adriane Tameira, Evando Costa e Welington Ferreira. (Informa\u00e7\u00f5es\/Fotos: assessoria de comunica\u00e7\u00e3o da PCMG\/ Nanuque).<\/p>\n","protected":false},"excerpt":{"rendered":"<p>Na sexta-feira (31\/03), a Pol\u00edcia Civil de Minas Gerais, por meio da 4\u00aa Delegacia Regional de Nanuque, deu cumprimento a oito medidas cautelares, sendo 02 mandados de pris\u00e3o e 06 mandados de busca e apreens\u00e3o, em Nanuque. A a\u00e7\u00e3o visou o combate da pr\u00e1tica de crimes contra o patrim\u00f4nio e resultou na pris\u00e3o de dois [&hellip;]<\/p>\n","protected":false},"author":1,"featured_media":19397,"comment_status":"open","ping_status":"open","sticky":false,"template":"","format":"standard","meta":{"rop_custom_images_group":[],"rop_custom_messages_group":[],"rop_publish_now":"initial","rop_publish_now_accounts":[],"rop_publish_now_history":[],"rop_publish_now_status":"pending","footnotes":""},"categories":[20],"tags":[5296,1592,122,80,292],"class_list":["post-19396","post","type-post","status-publish","format-standard","has-post-thumbnail","hentry","category-policia","tag-crimes-contra-patrimonio","tag-mandados-judiciais","tag-nanuque","tag-operacao","tag-policia-civil"],"_links":{"self":[{"href":"https:\/\/diariotribuna.com.br\/index.php?rest_route=\/wp\/v2\/posts\/19396"}],"collection":[{"href":"https:\/\/diariotribuna.com.br\/index.php?rest_route=\/wp\/v2\/posts"}],"about":[{"href":"https:\/\/diariotribuna.com.br\/index.php?rest_route=\/wp\/v2\/types\/post"}],"author":[{"embeddable":true,"href":"https:\/\/diariotribuna.com.br\/index.php?rest_route=\/wp\/v2\/users\/1"}],"replies":[{"embeddable":true,"href":"https:\/\/diariotribuna.com.br\/index.php?rest_route=%2Fwp%2Fv2%2Fcomments&post=19396"}],"version-history":[{"count":1,"href":"https:\/\/diariotribuna.com.br\/index.php?rest_route=\/wp\/v2\/posts\/19396\/revisions"}],"predecessor-version":[{"id":19398,"href":"https:\/\/diariotribuna.com.br\/index.php?rest_route=\/wp\/v2\/posts\/19396\/revisions\/19398"}],"wp:featuredmedia":[{"embeddable":true,"href":"https:\/\/diariotribuna.com.br\/index.php?rest_route=\/wp\/v2\/media\/19397"}],"wp:attachment":[{"href":"https:\/\/diariotribuna.com.br\/index.php?rest_route=%2Fwp%2Fv2%2Fmedia&parent=19396"}],"wp:term":[{"taxonomy":"category","embeddable":true,"href":"https:\/\/diariotribuna.com.br\/index.php?rest_route=%2Fwp%2Fv2%2Fcategories&post=19396"},{"taxonomy":"post_tag","embeddable":true,"href":"https:\/\/diariotribuna.com.br\/index.php?rest_route=%2Fwp%2Fv2%2Ftags&post=19396"}],"curies":[{"name":"wp","href":"https:\/\/api.w.org\/{rel}","templated":true}]}}