{"id":19417,"date":"2023-04-03T13:15:35","date_gmt":"2023-04-03T16:15:35","guid":{"rendered":"https:\/\/diariotribuna.com.br\/?p=19417"},"modified":"2023-04-03T13:27:53","modified_gmt":"2023-04-03T16:27:53","slug":"corpo-de-bombeiros-debela-incendio-em-carreta-que-transportava-medicamentos","status":"publish","type":"post","link":"https:\/\/diariotribuna.com.br\/?p=19417","title":{"rendered":"Corpo de Bombeiros debela inc\u00eandio em carreta que transportava medicamentos"},"content":{"rendered":"\n<figure class=\"wp-block-image size-full is-resized is-style-default\"><img loading=\"lazy\" decoding=\"async\" src=\"https:\/\/diariotribuna.com.br\/wp-content\/uploads\/2023\/04\/ca6931e3-ddc6-48b4-b40a-16a8b733470f.jpg\" alt=\"\" class=\"wp-image-19424\" width=\"581\" height=\"408\" srcset=\"https:\/\/diariotribuna.com.br\/wp-content\/uploads\/2023\/04\/ca6931e3-ddc6-48b4-b40a-16a8b733470f.jpg 700w, https:\/\/diariotribuna.com.br\/wp-content\/uploads\/2023\/04\/ca6931e3-ddc6-48b4-b40a-16a8b733470f-300x211.jpg 300w, https:\/\/diariotribuna.com.br\/wp-content\/uploads\/2023\/04\/ca6931e3-ddc6-48b4-b40a-16a8b733470f-100x70.jpg 100w, https:\/\/diariotribuna.com.br\/wp-content\/uploads\/2023\/04\/ca6931e3-ddc6-48b4-b40a-16a8b733470f-696x489.jpg 696w, https:\/\/diariotribuna.com.br\/wp-content\/uploads\/2023\/04\/ca6931e3-ddc6-48b4-b40a-16a8b733470f-598x420.jpg 598w\" sizes=\"(max-width: 581px) 100vw, 581px\" \/><\/figure>\n\n\n\n<p>Na manh\u00e3 de domingo (02\/04), ocorreu um inc\u00eandio em uma carreta semirreboque \u00e0s margens da rodovia BR 116, no km 132, pr\u00f3ximo \u00e0 cidade Ponto dos Volantes. A carreta trafegava em dire\u00e7\u00e3o a Itaobim transportando medicamentos, quando come\u00e7ou a sair fuma\u00e7a do eixo, e logo ap\u00f3s surgiram chamas no ba\u00fa.<\/p>\n\n\n\n<p>Os bombeiros do 3\u00ba Pelot\u00e3o BM de Ara\u00e7ua\u00ed foram acionados e ap\u00f3s fazerem o reconhecimento da cena, combateram as chamas utilizando aproximadamente 10.000 litros de \u00e1gua, e utilizando materiais de sapa (ferramentas como: Enxadas, enxad\u00f5es, rastelo e p\u00e9 de cabra).<\/p>\n\n\n\n<p>Devido ao amontoado de carga, foi necess\u00e1rio fazer um buraco na parte frontal do ba\u00fa, para que fosse combatido diretamente o foco com mais facilidade, e por fim extinguisse o inc\u00eandio. Felizmente n\u00e3o houve v\u00edtimas. Em caso de emerg\u00eancia ligue 193. Bombeiro, o amigo certo nas horas incertas. (Informa\u00e7\u00f5es\/Foto: CBMMG\/ Ara\u00e7ua\u00ed).<\/p>\n\n\n\n<figure class=\"wp-block-gallery has-nested-images columns-2 is-cropped wp-block-gallery-1 is-layout-flex wp-block-gallery-is-layout-flex\">\n<figure class=\"wp-block-image size-large is-style-default\"><img loading=\"lazy\" decoding=\"async\" width=\"600\" height=\"800\" data-id=\"19420\" src=\"https:\/\/diariotribuna.com.br\/wp-content\/uploads\/2023\/04\/de505e06-368d-416a-82dd-53851a32dde7.jpg\" alt=\"\" class=\"wp-image-19420\" srcset=\"https:\/\/diariotribuna.com.br\/wp-content\/uploads\/2023\/04\/de505e06-368d-416a-82dd-53851a32dde7.jpg 600w, https:\/\/diariotribuna.com.br\/wp-content\/uploads\/2023\/04\/de505e06-368d-416a-82dd-53851a32dde7-225x300.jpg 225w, https:\/\/diariotribuna.com.br\/wp-content\/uploads\/2023\/04\/de505e06-368d-416a-82dd-53851a32dde7-315x420.jpg 315w\" sizes=\"(max-width: 600px) 100vw, 600px\" \/><\/figure>\n\n\n\n<figure class=\"wp-block-image size-large is-style-default\"><img loading=\"lazy\" decoding=\"async\" width=\"700\" height=\"475\" data-id=\"19425\" src=\"https:\/\/diariotribuna.com.br\/wp-content\/uploads\/2023\/04\/d74789d7-0995-4294-bb64-f88dc8972fed-1.jpg\" alt=\"\" class=\"wp-image-19425\" srcset=\"https:\/\/diariotribuna.com.br\/wp-content\/uploads\/2023\/04\/d74789d7-0995-4294-bb64-f88dc8972fed-1.jpg 700w, https:\/\/diariotribuna.com.br\/wp-content\/uploads\/2023\/04\/d74789d7-0995-4294-bb64-f88dc8972fed-1-300x204.jpg 300w, https:\/\/diariotribuna.com.br\/wp-content\/uploads\/2023\/04\/d74789d7-0995-4294-bb64-f88dc8972fed-1-696x472.jpg 696w, https:\/\/diariotribuna.com.br\/wp-content\/uploads\/2023\/04\/d74789d7-0995-4294-bb64-f88dc8972fed-1-619x420.jpg 619w\" sizes=\"(max-width: 700px) 100vw, 700px\" \/><\/figure>\n\n\n\n<figure class=\"wp-block-image size-large is-style-default\"><img loading=\"lazy\" decoding=\"async\" width=\"600\" height=\"992\" data-id=\"19421\" src=\"https:\/\/diariotribuna.com.br\/wp-content\/uploads\/2023\/04\/fda06ceb-abd9-40ce-a808-f7b841b732a3.jpg\" alt=\"\" class=\"wp-image-19421\" srcset=\"https:\/\/diariotribuna.com.br\/wp-content\/uploads\/2023\/04\/fda06ceb-abd9-40ce-a808-f7b841b732a3.jpg 600w, https:\/\/diariotribuna.com.br\/wp-content\/uploads\/2023\/04\/fda06ceb-abd9-40ce-a808-f7b841b732a3-181x300.jpg 181w, https:\/\/diariotribuna.com.br\/wp-content\/uploads\/2023\/04\/fda06ceb-abd9-40ce-a808-f7b841b732a3-254x420.jpg 254w\" sizes=\"(max-width: 600px) 100vw, 600px\" \/><\/figure>\n\n\n\n<figure class=\"wp-block-image size-large is-style-default\"><img loading=\"lazy\" decoding=\"async\" width=\"600\" height=\"464\" data-id=\"19419\" src=\"https:\/\/diariotribuna.com.br\/wp-content\/uploads\/2023\/04\/3141bc21-a1dc-4d91-ab80-dd34b13920a3.jpg\" alt=\"\" class=\"wp-image-19419\" srcset=\"https:\/\/diariotribuna.com.br\/wp-content\/uploads\/2023\/04\/3141bc21-a1dc-4d91-ab80-dd34b13920a3.jpg 600w, https:\/\/diariotribuna.com.br\/wp-content\/uploads\/2023\/04\/3141bc21-a1dc-4d91-ab80-dd34b13920a3-300x232.jpg 300w, https:\/\/diariotribuna.com.br\/wp-content\/uploads\/2023\/04\/3141bc21-a1dc-4d91-ab80-dd34b13920a3-543x420.jpg 543w\" sizes=\"(max-width: 600px) 100vw, 600px\" \/><\/figure>\n<\/figure>\n","protected":false},"excerpt":{"rendered":"<p>Na manh\u00e3 de domingo (02\/04), ocorreu um inc\u00eandio em uma carreta semirreboque \u00e0s margens da rodovia BR 116, no km 132, pr\u00f3ximo \u00e0 cidade Ponto dos Volantes. A carreta trafegava em dire\u00e7\u00e3o a Itaobim transportando medicamentos, quando come\u00e7ou a sair fuma\u00e7a do eixo, e logo ap\u00f3s surgiram chamas no ba\u00fa. Os bombeiros do 3\u00ba Pelot\u00e3o [&hellip;]<\/p>\n","protected":false},"author":1,"featured_media":19424,"comment_status":"open","ping_status":"open","sticky":false,"template":"","format":"standard","meta":{"rop_custom_images_group":[],"rop_custom_messages_group":[],"rop_publish_now":"initial","rop_publish_now_accounts":[],"rop_publish_now_history":[],"rop_publish_now_status":"pending","footnotes":""},"categories":[25,18],"tags":[380,1382,5298,4140,382,1343,4574],"class_list":["post-19417","post","type-post","status-publish","format-standard","has-post-thumbnail","hentry","category-destaque","category-regiao","tag-aracuai","tag-br-116-2","tag-carga-medicamentos","tag-carreta","tag-corpo-de-bombeiros","tag-incendio","tag-ponto-dos-volantes"],"_links":{"self":[{"href":"https:\/\/diariotribuna.com.br\/index.php?rest_route=\/wp\/v2\/posts\/19417"}],"collection":[{"href":"https:\/\/diariotribuna.com.br\/index.php?rest_route=\/wp\/v2\/posts"}],"about":[{"href":"https:\/\/diariotribuna.com.br\/index.php?rest_route=\/wp\/v2\/types\/post"}],"author":[{"embeddable":true,"href":"https:\/\/diariotribuna.com.br\/index.php?rest_route=\/wp\/v2\/users\/1"}],"replies":[{"embeddable":true,"href":"https:\/\/diariotribuna.com.br\/index.php?rest_route=%2Fwp%2Fv2%2Fcomments&post=19417"}],"version-history":[{"count":2,"href":"https:\/\/diariotribuna.com.br\/index.php?rest_route=\/wp\/v2\/posts\/19417\/revisions"}],"predecessor-version":[{"id":19427,"href":"https:\/\/diariotribuna.com.br\/index.php?rest_route=\/wp\/v2\/posts\/19417\/revisions\/19427"}],"wp:featuredmedia":[{"embeddable":true,"href":"https:\/\/diariotribuna.com.br\/index.php?rest_route=\/wp\/v2\/media\/19424"}],"wp:attachment":[{"href":"https:\/\/diariotribuna.com.br\/index.php?rest_route=%2Fwp%2Fv2%2Fmedia&parent=19417"}],"wp:term":[{"taxonomy":"category","embeddable":true,"href":"https:\/\/diariotribuna.com.br\/index.php?rest_route=%2Fwp%2Fv2%2Fcategories&post=19417"},{"taxonomy":"post_tag","embeddable":true,"href":"https:\/\/diariotribuna.com.br\/index.php?rest_route=%2Fwp%2Fv2%2Ftags&post=19417"}],"curies":[{"name":"wp","href":"https:\/\/api.w.org\/{rel}","templated":true}]}}