{"id":1943,"date":"2020-07-24T12:37:24","date_gmt":"2020-07-24T15:37:24","guid":{"rendered":"https:\/\/diariotribuna.com.br\/?p=1943"},"modified":"2020-07-24T12:37:26","modified_gmt":"2020-07-24T15:37:26","slug":"painel-de-internacao-hospitalar-em-teofilo-otoni-em-23-07-2020","status":"publish","type":"post","link":"https:\/\/diariotribuna.com.br\/?p=1943","title":{"rendered":"Painel de interna\u00e7\u00e3o hospitalar em Te\u00f3filo Otoni em 23\/07\/2020"},"content":{"rendered":"\n<figure class=\"wp-block-image size-large is-resized\"><img loading=\"lazy\" decoding=\"async\" src=\"https:\/\/diariotribuna.com.br\/wp-content\/uploads\/2020\/07\/image-1.jpg\" alt=\"\" class=\"wp-image-1944\" width=\"424\" height=\"264\" srcset=\"https:\/\/diariotribuna.com.br\/wp-content\/uploads\/2020\/07\/image-1.jpg 747w, https:\/\/diariotribuna.com.br\/wp-content\/uploads\/2020\/07\/image-1-300x187.jpg 300w, https:\/\/diariotribuna.com.br\/wp-content\/uploads\/2020\/07\/image-1-696x434.jpg 696w, https:\/\/diariotribuna.com.br\/wp-content\/uploads\/2020\/07\/image-1-673x420.jpg 673w\" sizes=\"(max-width: 424px) 100vw, 424px\" \/><\/figure>\n\n\n\n<p>A Secretaria Municipal de Sa\u00fade divulgou na noite desta quinta-feira (23\/07\/2020), o Painel de Interna\u00e7\u00e3o Hospitalar em Te\u00f3filo Otoni, dados coletados at\u00e9 esta data. De acordo com a secretaria, os <strong>leitos de UTI Covid-19 SUS<\/strong> s\u00e3o 32 dispon\u00edveis, sendo que 15 est\u00e3o ocupados, ou seja, 46,87% da taxa de ocupa\u00e7\u00e3o. S\u00e3o 10 mun\u00edcipes de Te\u00f3filo Otoni e 05 de outras cidades. Dos <strong>leitos cl\u00ednicos Covid-19 SUS<\/strong>, s\u00e3o 53 dispon\u00edveis, sendo que 25 est\u00e3o ocupados, ou seja, 47,16% de ocupa\u00e7\u00e3o. S\u00e3o 16 mun\u00edcipes de Te\u00f3filo Otoni e 09 de outras cidades.<\/p>\n\n\n\n<p><strong>Dos 40 pacientes internados pelo SUS:<\/strong> 26 s\u00e3o de Te\u00f3filo Otoni, 04 de Novo Oriente de Minas, 02 de Atal\u00e9ia, 02 de Itambacuri, 01 de Almenara, 01 de Nanuque, 01 de Belo Horizonte, 01 de Cris\u00f3lita, 01 de Cara\u00ed e 01 de \u00c1guas Formosas.<\/p>\n\n\n\n<p><strong>Dos 06 pacientes internados por Conv\u00eanio\/Particular:<\/strong> 03 est\u00e3o em leitos de UTI, sendo 01 de Nanuque, 01 de Serra dos Aimor\u00e9s e 01 de Te\u00f3filo Otoni. Tem ainda, 03 pacientes internados em leitos cl\u00ednicos, todos de Te\u00f3filo Otoni.<\/p>\n\n\n\n<h2 class=\"wp-block-heading\"><strong>Taxa de ocupa\u00e7\u00e3o nos hospitais:<\/strong><\/h2>\n\n\n\n<p><strong>Hospital Bom Samaritano:<\/strong> disponibilizou 10 leitos de UTI SUS, e tem 05 ocupados. Viabilizou ainda 22 leitos cl\u00ednicos SUS, e tem 11 ocupados.<\/p>\n\n\n\n<p><strong>Hospital Philadelfia:<\/strong> Habilitou 07 leitos de UTI SUS junto ao Minist\u00e9rio da Sa\u00fade, tem 01 ocupado com paciente Covid SUS. Disponibilizou tamb\u00e9m 04 leitos cl\u00ednicos SUS, e nesta data tem 02 leitos ocupados.<\/p>\n\n\n\n<p><strong>Hospital Santa Ros\u00e1lia:<\/strong> Habilitou 10 leitos de UTI SUS junto ao Minist\u00e9rio da Sa\u00fade, nesta data tem 05 ocupados com pacientes Covid\/SUS. Viabilizou tamb\u00e9m 10 leitos cl\u00ednicos SUS, nesta data tem 03 ocupados.<\/p>\n\n\n\n<p><strong>UPA 24 Horas:<\/strong> Disponibilizou 05 leitos de UTI SUS, nesta data tem 04 ocupados com pacientes Covid SUS. Viabilizou ainda 17 leitos cl\u00ednicos SUS, sendo que nesta data tem 09 ocupados.<\/p>\n","protected":false},"excerpt":{"rendered":"<p>A Secretaria Municipal de Sa\u00fade divulgou na noite desta quinta-feira (23\/07\/2020), o Painel de Interna\u00e7\u00e3o Hospitalar em Te\u00f3filo Otoni, dados coletados at\u00e9 esta data. De acordo com a secretaria, os leitos de UTI Covid-19 SUS s\u00e3o 32 dispon\u00edveis, sendo que 15 est\u00e3o ocupados, ou seja, 46,87% da taxa de ocupa\u00e7\u00e3o. S\u00e3o 10 mun\u00edcipes de Te\u00f3filo [&hellip;]<\/p>\n","protected":false},"author":1,"featured_media":1944,"comment_status":"open","ping_status":"open","sticky":false,"template":"","format":"standard","meta":{"rop_custom_images_group":[],"rop_custom_messages_group":[],"rop_publish_now":"initial","rop_publish_now_accounts":[],"rop_publish_now_history":[],"rop_publish_now_status":"pending","footnotes":""},"categories":[192],"tags":[686,65,702,75],"class_list":["post-1943","post","type-post","status-publish","format-standard","has-post-thumbnail","hentry","category-covid19","tag-23-07-2020","tag-covid","tag-painel-de-internacao-hospitalar","tag-teofilo-otoni"],"_links":{"self":[{"href":"https:\/\/diariotribuna.com.br\/index.php?rest_route=\/wp\/v2\/posts\/1943"}],"collection":[{"href":"https:\/\/diariotribuna.com.br\/index.php?rest_route=\/wp\/v2\/posts"}],"about":[{"href":"https:\/\/diariotribuna.com.br\/index.php?rest_route=\/wp\/v2\/types\/post"}],"author":[{"embeddable":true,"href":"https:\/\/diariotribuna.com.br\/index.php?rest_route=\/wp\/v2\/users\/1"}],"replies":[{"embeddable":true,"href":"https:\/\/diariotribuna.com.br\/index.php?rest_route=%2Fwp%2Fv2%2Fcomments&post=1943"}],"version-history":[{"count":1,"href":"https:\/\/diariotribuna.com.br\/index.php?rest_route=\/wp\/v2\/posts\/1943\/revisions"}],"predecessor-version":[{"id":1945,"href":"https:\/\/diariotribuna.com.br\/index.php?rest_route=\/wp\/v2\/posts\/1943\/revisions\/1945"}],"wp:featuredmedia":[{"embeddable":true,"href":"https:\/\/diariotribuna.com.br\/index.php?rest_route=\/wp\/v2\/media\/1944"}],"wp:attachment":[{"href":"https:\/\/diariotribuna.com.br\/index.php?rest_route=%2Fwp%2Fv2%2Fmedia&parent=1943"}],"wp:term":[{"taxonomy":"category","embeddable":true,"href":"https:\/\/diariotribuna.com.br\/index.php?rest_route=%2Fwp%2Fv2%2Fcategories&post=1943"},{"taxonomy":"post_tag","embeddable":true,"href":"https:\/\/diariotribuna.com.br\/index.php?rest_route=%2Fwp%2Fv2%2Ftags&post=1943"}],"curies":[{"name":"wp","href":"https:\/\/api.w.org\/{rel}","templated":true}]}}