{"id":19458,"date":"2023-04-04T16:49:19","date_gmt":"2023-04-04T19:49:19","guid":{"rendered":"https:\/\/diariotribuna.com.br\/?p=19458"},"modified":"2023-04-04T16:49:20","modified_gmt":"2023-04-04T19:49:20","slug":"colunista-do-jornal-diario-tribuna-foi-eleita-membro-do-conselho-do-forum-brasileiro-de-seguranca-publica-2022-2024","status":"publish","type":"post","link":"https:\/\/diariotribuna.com.br\/?p=19458","title":{"rendered":"Colunista do Jornal Di\u00e1rio Tribuna foi eleita membro do Conselho do F\u00f3rum Brasileiro de Seguran\u00e7a P\u00fablica (2022 \u2013 2024)"},"content":{"rendered":"\n<pre class=\"wp-block-verse\"><em>Aconteceu na segunda quinzena do m\u00eas de mar\u00e7o, em S\u00e3o Paulo\/SP, a reuni\u00e3o do Conselho do F\u00f3rum Brasileiro de Seguran\u00e7a P\u00fablica (FBSP), com recep\u00e7\u00e3o dos novos membros, eleitos no final de 2022. Dentre os quais, Juliana Lemes, colunista do Jornal Di\u00e1rio Tribuna desde 2019<\/em><\/pre>\n\n\n\n<figure class=\"wp-block-image size-full is-resized is-style-default\"><img loading=\"lazy\" decoding=\"async\" src=\"https:\/\/diariotribuna.com.br\/wp-content\/uploads\/2023\/04\/Diretores-e-Conselheiros-do-FBSP.jpg\" alt=\"\" class=\"wp-image-19461\" width=\"627\" height=\"425\" srcset=\"https:\/\/diariotribuna.com.br\/wp-content\/uploads\/2023\/04\/Diretores-e-Conselheiros-do-FBSP.jpg 700w, https:\/\/diariotribuna.com.br\/wp-content\/uploads\/2023\/04\/Diretores-e-Conselheiros-do-FBSP-300x203.jpg 300w, https:\/\/diariotribuna.com.br\/wp-content\/uploads\/2023\/04\/Diretores-e-Conselheiros-do-FBSP-696x471.jpg 696w, https:\/\/diariotribuna.com.br\/wp-content\/uploads\/2023\/04\/Diretores-e-Conselheiros-do-FBSP-620x420.jpg 620w\" sizes=\"(max-width: 627px) 100vw, 627px\" \/><figcaption class=\"wp-element-caption\"><strong>Diretores e Conselheiros do F\u00f3rum Brasileiro de Seguran\u00e7a P\u00fablica (FBSP)<br>Da esquerda para a direita: Em p\u00e9<\/strong> \u2013 Roberto Uch\u00f4a; Edson Ramos; Samira Bueno;<br>David Marques; Juliana Martins; Daniel Cerqueira; Denice Santiago; C\u00e1ssio Rosa; <br>Juliana Lemes; L\u00edvio Rocha. <strong>Sentados <\/strong>&#8211; Rodrigo Alvarez (facilitador, da Mobiliza);<br>Patr\u00edcia Nogueira; Arthur Trindade; Paula Poncioni; Elizabeth Leeds; Renato S\u00e9rgio<br>de Lima; e Marlene Spaniol<\/figcaption><\/figure>\n\n\n\n<p>O F\u00f3rum Brasileiro de Seguran\u00e7a P\u00fablica \u00e9 uma organiza\u00e7\u00e3o da sociedade civil, reconhecida pela excel\u00eancia nos estudos sobre seguran\u00e7a p\u00fablica e criminalidade no Brasil, e que publica o Anu\u00e1rio Brasileiro de Seguran\u00e7a P\u00fablica, refer\u00eancia para formula\u00e7\u00e3o de pol\u00edticas p\u00fablicas desde o n\u00edvel local ao nacional. \u201cA finalidade do encontro foi tra\u00e7ar as novas metas e objetivos da entidade, que se prop\u00f5e a colaborar para que a seguran\u00e7a p\u00fablica seja efetivada como um direito dos cidad\u00e3os brasileiros, por meio da produ\u00e7\u00e3o de dados e informa\u00e7\u00f5es que tenham impacto no debate sobre os temas relacionados \u00e0 \u00e1rea\u201d (@forumseguranca).<\/p>\n\n\n\n<p>A ocupa\u00e7\u00e3o de uma das cadeiras do conselho de administra\u00e7\u00e3o do FBSP representa a oportunidade de participar das decis\u00f5es e estreitar alian\u00e7as que permitir\u00e3o o acesso ao que h\u00e1 de mais atual no Brasil sobre Seguran\u00e7a P\u00fablica, por meio do seleto grupo de pesquisadores e profissionais que dedicam seus esfor\u00e7os na produ\u00e7\u00e3o de documentos t\u00e9cnicos baseados em evid\u00eancias sobre a realidade da seguran\u00e7a p\u00fablica do pa\u00eds. Trata-se de pesquisadores de renomadas universidades do Brasil com atua\u00e7\u00e3o sobre a \u00e1rea, al\u00e9m de membros das pol\u00edcias Federal, e Rodovi\u00e1ria Federal, civis, militares e penais dos estados, e Guardas Municipais.<\/p>\n\n\n\n<p>Juliana integra os quadros da seguran\u00e7a p\u00fablica mineira h\u00e1 quase 13 anos e tem relevantes servi\u00e7os prestados enquanto profissional da \u00e1rea, especialmente associada \u00e0 grande \u00e1rea dos estudos sobre \u201cviol\u00eancia contra as mulheres\u201d, bem como, disp\u00f5e de experi\u00eancia de campo em raz\u00e3o, tanto da profiss\u00e3o (policial), quanto da iniciativa que idealizou e implementou em parceria com algumas institui\u00e7\u00f5es junto \u00e0s meninas e mulheres de munic\u00edpios de sua regi\u00e3o, o Projeto Mulher Livre de Viol\u00eancia.<\/p>\n\n\n\n<p><strong>O F\u00f3rum foi criado em 2004 e \u00e9 presidido por Renato S\u00e9rgio de Lima. Tem Samira Bueno como diretora executiva, Juliana Martins como coordenadora institucional e David Marques como coordenador de projetos. Comp\u00f5em o Conselho de Administra\u00e7\u00e3o os seguintes:<\/strong><\/p>\n\n\n\n<p><strong>Presidente:<\/strong> C\u00e1ssio Rosa, policial civil do Distrito Federal aposentado, perito judicial do TJDFT, professor PC, PM e For\u00e7a Nacional, assistente t\u00e9cnico e consultor, colaborador Senasp, atuante na \u00e1rea de criminal\u00edstica.<\/p>\n\n\n\n<p><strong>Presidente de honra:<\/strong> Elizabeth Leeds, nascida em Worcester, Massachusetts, Estados Unidos, \u00e9 co-fundadora do FBSP. Atua como pesquisadora Associada no Centro de Estudos Internacionais do Instituto de Tecnologia de Massachusetts (MIT). \u201cComo membro do programa da Funda\u00e7\u00e3o Ford para governan\u00e7a e sociedade civil no Brasil, entre 1997 e 2003, desenvolveu uma iniciativa de policiamento democr\u00e1tico\u201d (Fiocruz.br).<\/p>\n\n\n\n<p><strong>Conselheiros policiais:<\/strong> <strong>1.<\/strong> Alexandre Rocha \u2013 policial civil no Distrito Federal, doutor (UNB), diretor adjunto da unidade de estat\u00edstica e an\u00e1lise criminal da PCDF. Pesquisador nas \u00e1reas de seguran\u00e7a p\u00fablica, viol\u00eancia e organiza\u00e7\u00f5es policiais; <strong>2.<\/strong> Denice Santiago: Major da Pol\u00edcia Militar da Bahia, doutoranda, fundadora da Ronda Maria da Penha; <strong>3.<\/strong> Juliana Lemes: Cabo da Pol\u00edcia Militar de Minas Gerais, doutoranda, idealizadora do Projeto MLV; <strong>4.<\/strong> Marlene Spaniol: Capit\u00e3 da reserva remunerada da Brigada Militar do Rio Grande do Sul, pesquisadora, p\u00f3s-doutoranda PUCRS; <strong>5.<\/strong> Roberto Uch\u00f4a: Policial Federal (RJ), mestre e pesquisador do mercado de armas de fogo no Brasil.<\/p>\n\n\n\n<p><strong>Conselheiros civis:<\/strong> <strong>1.<\/strong> Arthur Trindade: Professor da UNB, doutor, ex-secret\u00e1rio de Seguran\u00e7a P\u00fablica do Distrito Federal; <strong>2.<\/strong> Daniel Cerqueira: Especialista do Instituto de Pesquisa Econ\u00f4mica Aplicada \u2013 IPEA, professor doutor e pesquisador do campo da seguran\u00e7a p\u00fablica; <strong>3.<\/strong> Edson Ramos: Professor doutor na Universidade Federal do Par\u00e1, pesquisador do campo da seguran\u00e7a p\u00fablica; 4. Paula Poncioni: Professora, p\u00f3s-doutora pela UNB\/ Kings College, Londres; e editora-chefe da Revista Brasileira de Seguran\u00e7a P\u00fablica;<\/p>\n\n\n\n<p><strong>Comp\u00f5em o Conselho Fiscal:1.<\/strong> L\u00edvio Rocha: Policial Civil em S\u00e3o Paulo; doutorando, pesquisador e consultor do campo da seguran\u00e7a p\u00fablica; e <strong>2.<\/strong> Patr\u00edcia Nogueira: Diretora de opera\u00e7\u00f5es globais na Vital Strategies, mestre (FGV), com experi\u00eancia em organiza\u00e7\u00f5es n\u00e3o-governamentais. (Imagens: @joelsilvaretratos \/ arquivo do Conselho FBSP; Fonte: <a href=\"https:\/\/forumseguranca.org.br\/\">https:\/\/forumseguranca.org.br\/<\/a>).<\/p>\n\n\n\n<figure class=\"wp-block-gallery has-nested-images columns-default is-cropped wp-block-gallery-1 is-layout-flex wp-block-gallery-is-layout-flex\">\n<figure class=\"wp-block-image size-large is-style-default\"><img loading=\"lazy\" decoding=\"async\" width=\"600\" height=\"401\" data-id=\"19466\" src=\"https:\/\/diariotribuna.com.br\/wp-content\/uploads\/2023\/04\/Grupo-tematico-III.jpg\" alt=\"\" class=\"wp-image-19466\" srcset=\"https:\/\/diariotribuna.com.br\/wp-content\/uploads\/2023\/04\/Grupo-tematico-III.jpg 600w, https:\/\/diariotribuna.com.br\/wp-content\/uploads\/2023\/04\/Grupo-tematico-III-300x201.jpg 300w\" sizes=\"(max-width: 600px) 100vw, 600px\" \/><figcaption class=\"wp-element-caption\"><strong>Grupo tem\u00e1tico III<\/strong><\/figcaption><\/figure>\n\n\n\n<figure class=\"wp-block-image size-large is-style-default\"><img loading=\"lazy\" decoding=\"async\" width=\"600\" height=\"416\" data-id=\"19464\" src=\"https:\/\/diariotribuna.com.br\/wp-content\/uploads\/2023\/04\/Grupo-tematico.jpg\" alt=\"\" class=\"wp-image-19464\" srcset=\"https:\/\/diariotribuna.com.br\/wp-content\/uploads\/2023\/04\/Grupo-tematico.jpg 600w, https:\/\/diariotribuna.com.br\/wp-content\/uploads\/2023\/04\/Grupo-tematico-300x208.jpg 300w, https:\/\/diariotribuna.com.br\/wp-content\/uploads\/2023\/04\/Grupo-tematico-100x70.jpg 100w, https:\/\/diariotribuna.com.br\/wp-content\/uploads\/2023\/04\/Grupo-tematico-218x150.jpg 218w\" sizes=\"(max-width: 600px) 100vw, 600px\" \/><figcaption class=\"wp-element-caption\"><strong>Grupo tem\u00e1tico<\/strong><\/figcaption><\/figure>\n\n\n\n<figure class=\"wp-block-image size-large is-style-default\"><img loading=\"lazy\" decoding=\"async\" width=\"600\" height=\"387\" data-id=\"19465\" src=\"https:\/\/diariotribuna.com.br\/wp-content\/uploads\/2023\/04\/GT.jpg\" alt=\"\" class=\"wp-image-19465\" srcset=\"https:\/\/diariotribuna.com.br\/wp-content\/uploads\/2023\/04\/GT.jpg 600w, https:\/\/diariotribuna.com.br\/wp-content\/uploads\/2023\/04\/GT-300x194.jpg 300w\" sizes=\"(max-width: 600px) 100vw, 600px\" \/><figcaption class=\"wp-element-caption\"><strong>Grupo tem\u00e1tico<\/strong><\/figcaption><\/figure>\n\n\n\n<figure class=\"wp-block-image size-large is-style-default\"><img loading=\"lazy\" decoding=\"async\" width=\"600\" height=\"349\" data-id=\"19463\" src=\"https:\/\/diariotribuna.com.br\/wp-content\/uploads\/2023\/04\/Mediacao-da-equipe.jpg\" alt=\"\" class=\"wp-image-19463\" srcset=\"https:\/\/diariotribuna.com.br\/wp-content\/uploads\/2023\/04\/Mediacao-da-equipe.jpg 600w, https:\/\/diariotribuna.com.br\/wp-content\/uploads\/2023\/04\/Mediacao-da-equipe-300x175.jpg 300w\" sizes=\"(max-width: 600px) 100vw, 600px\" \/><figcaption class=\"wp-element-caption\"><strong>Media\u00e7\u00e3o da equipe<\/strong><\/figcaption><\/figure>\n\n\n\n<figure class=\"wp-block-image size-large is-style-default\"><img loading=\"lazy\" decoding=\"async\" width=\"600\" height=\"396\" data-id=\"19462\" src=\"https:\/\/diariotribuna.com.br\/wp-content\/uploads\/2023\/04\/Atividade-inicial.jpg\" alt=\"\" class=\"wp-image-19462\" srcset=\"https:\/\/diariotribuna.com.br\/wp-content\/uploads\/2023\/04\/Atividade-inicial.jpg 600w, https:\/\/diariotribuna.com.br\/wp-content\/uploads\/2023\/04\/Atividade-inicial-300x198.jpg 300w\" sizes=\"(max-width: 600px) 100vw, 600px\" \/><figcaption class=\"wp-element-caption\"><strong>Atividade inicial<\/strong><\/figcaption><\/figure>\n<\/figure>\n","protected":false},"excerpt":{"rendered":"<p>Aconteceu na segunda quinzena do m\u00eas de mar\u00e7o, em S\u00e3o Paulo\/SP, a reuni\u00e3o do Conselho do F\u00f3rum Brasileiro de Seguran\u00e7a P\u00fablica (FBSP), com recep\u00e7\u00e3o dos novos membros, eleitos no final de 2022. Dentre os quais, Juliana Lemes, colunista do Jornal Di\u00e1rio Tribuna desde 2019 O F\u00f3rum Brasileiro de Seguran\u00e7a P\u00fablica \u00e9 uma organiza\u00e7\u00e3o da sociedade [&hellip;]<\/p>\n","protected":false},"author":1,"featured_media":19461,"comment_status":"open","ping_status":"open","sticky":false,"template":"","format":"standard","meta":{"rop_custom_images_group":[],"rop_custom_messages_group":[],"rop_publish_now":"initial","rop_publish_now_accounts":[],"rop_publish_now_history":[],"rop_publish_now_status":"pending","footnotes":""},"categories":[25,19],"tags":[5303,5302,3914,1194,5301],"class_list":["post-19458","post","type-post","status-publish","format-standard","has-post-thumbnail","hentry","category-destaque","category-gerais","tag-2022-2024","tag-conselho-do-forum-brasileiro-de-seguranca-publica","tag-eleicao","tag-juliana-lemes","tag-membro"],"_links":{"self":[{"href":"https:\/\/diariotribuna.com.br\/index.php?rest_route=\/wp\/v2\/posts\/19458"}],"collection":[{"href":"https:\/\/diariotribuna.com.br\/index.php?rest_route=\/wp\/v2\/posts"}],"about":[{"href":"https:\/\/diariotribuna.com.br\/index.php?rest_route=\/wp\/v2\/types\/post"}],"author":[{"embeddable":true,"href":"https:\/\/diariotribuna.com.br\/index.php?rest_route=\/wp\/v2\/users\/1"}],"replies":[{"embeddable":true,"href":"https:\/\/diariotribuna.com.br\/index.php?rest_route=%2Fwp%2Fv2%2Fcomments&post=19458"}],"version-history":[{"count":1,"href":"https:\/\/diariotribuna.com.br\/index.php?rest_route=\/wp\/v2\/posts\/19458\/revisions"}],"predecessor-version":[{"id":19467,"href":"https:\/\/diariotribuna.com.br\/index.php?rest_route=\/wp\/v2\/posts\/19458\/revisions\/19467"}],"wp:featuredmedia":[{"embeddable":true,"href":"https:\/\/diariotribuna.com.br\/index.php?rest_route=\/wp\/v2\/media\/19461"}],"wp:attachment":[{"href":"https:\/\/diariotribuna.com.br\/index.php?rest_route=%2Fwp%2Fv2%2Fmedia&parent=19458"}],"wp:term":[{"taxonomy":"category","embeddable":true,"href":"https:\/\/diariotribuna.com.br\/index.php?rest_route=%2Fwp%2Fv2%2Fcategories&post=19458"},{"taxonomy":"post_tag","embeddable":true,"href":"https:\/\/diariotribuna.com.br\/index.php?rest_route=%2Fwp%2Fv2%2Ftags&post=19458"}],"curies":[{"name":"wp","href":"https:\/\/api.w.org\/{rel}","templated":true}]}}