{"id":1957,"date":"2020-07-25T15:09:34","date_gmt":"2020-07-25T18:09:34","guid":{"rendered":"https:\/\/diariotribuna.com.br\/?p=1957"},"modified":"2020-07-25T15:09:36","modified_gmt":"2020-07-25T18:09:36","slug":"cemig-orienta-clientes-que-utilizam-equipamentos-de-preservacao-a-vida","status":"publish","type":"post","link":"https:\/\/diariotribuna.com.br\/?p=1957","title":{"rendered":"Cemig orienta clientes que utilizam equipamentos de preserva\u00e7\u00e3o \u00e0 vida"},"content":{"rendered":"\n<p>Ap\u00f3s o cadastramento, a Cemig enviar\u00e1 avisos de forma preferencial e obrigat\u00f3ria por meio de documento escrito e personalizado, com anteced\u00eancia de cinco dias \u00fateis<\/p>\n\n\n\n<figure class=\"wp-block-image size-large is-resized\"><img loading=\"lazy\" decoding=\"async\" src=\"https:\/\/diariotribuna.com.br\/wp-content\/uploads\/2020\/07\/Eletricista-cemig-Copia.jpg\" alt=\"\" class=\"wp-image-1958\" width=\"408\" height=\"272\" srcset=\"https:\/\/diariotribuna.com.br\/wp-content\/uploads\/2020\/07\/Eletricista-cemig-Copia.jpg 500w, https:\/\/diariotribuna.com.br\/wp-content\/uploads\/2020\/07\/Eletricista-cemig-Copia-300x200.jpg 300w\" sizes=\"(max-width: 408px) 100vw, 408px\" \/><\/figure>\n\n\n\n<p>Voc\u00ea sabia que os clientes usu\u00e1rios de equipamentos de autonomia limitada, vitais \u00e0 preserva\u00e7\u00e3o da vida humana e dependentes de energia el\u00e9trica t\u00eam direito ao recebimento de aviso personalizado de interrup\u00e7\u00e3o programada para manuten\u00e7\u00e3o na rede el\u00e9trica? Para isso, \u00e9 necess\u00e1rio fazer um cadastro junto \u00e0 empresa, conforme determina a Resolu\u00e7\u00e3o 414\/2010 da Ag\u00eancia Nacional de Energia El\u00e9trica (Aneel).<\/p>\n\n\n\n<p>De acordo com o gerente de Relacionamento com Clientes da Cemig, Luciano Jos\u00e9 de Oliveira, o cadastro s\u00f3 \u00e9 realizado mediante solicita\u00e7\u00e3o expressa do titular da conta e com comprova\u00e7\u00e3o m\u00e9dica da condi\u00e7\u00e3o do usu\u00e1rio. \u201cCom o cadastro, esse cliente vai receber de forma antecipada e preferencial os nossos avisos sobre manuten\u00e7\u00f5es no sistema el\u00e9trico, que requerem o desligamento da rede de energia\u201d, explica.<\/p>\n\n\n\n<p>Para se cadastrar, o cliente deve apresentar \u00e0 companhia, por meio dos seus canais digitais, a declara\u00e7\u00e3o m\u00e9dica (atestado\/laudo) com o nome completo do paciente, o c\u00f3digo do tipo de doen\u00e7a (CID \u2013 Classifica\u00e7\u00e3o Internacional de Doen\u00e7as), tipo de aparelho utilizado, endere\u00e7o da unidade consumidora e a previs\u00e3o do per\u00edodo de utiliza\u00e7\u00e3o do respectivo aparelho el\u00e9trico para tratamento. \u201cAp\u00f3s o cadastramento, a Cemig enviar\u00e1 os avisos por escrito e personalizados, com anteced\u00eancia de cinco dias \u00fateis, em rela\u00e7\u00e3o a data da interrup\u00e7\u00e3o programada\u201d, explica Luciano. Vale destacar tamb\u00e9m que, anualmente, a Cemig vai enviar correspond\u00eancia ao cliente solicitante a renova\u00e7\u00e3o do cadastro. A n\u00e3o renova\u00e7\u00e3o por responsabilidade do cliente implicar\u00e1 na exclus\u00e3o do cadastro da resid\u00eancia.<\/p>\n\n\n\n<p><strong>Tarifa Social<\/strong> &#8211; Al\u00e9m do benef\u00edcio do aviso antecipado, a fam\u00edlia que tenha portador de doen\u00e7a ou defici\u00eancia (f\u00edsica, motora, auditiva, visual, intelectual e m\u00faltipla) cujo tratamento, procedimento m\u00e9dico ou terap\u00eautico requeira o uso continuado de aparelhos el\u00e9tricos, podem ser beneficiados com a Tarifa Social de Energia El\u00e9trica (TSEE), desde que seja inscrita no Cadastro \u00danico (Cad\u00fanico) e que tenha renda mensal de at\u00e9 3 (tr\u00eas) sal\u00e1rios m\u00ednimos.<\/p>\n\n\n\n<p>Para solicitar o benef\u00edcio, um dos integrantes da fam\u00edlia deve solicitar \u00e0 sua distribuidora de energia el\u00e9trica, no caso a Cemig, a classifica\u00e7\u00e3o da unidade consumidora na subclasse residencial baixa renda, informando:<\/p>\n\n\n\n<p>&#8211; Nome, CPF e Carteira de Identidade ou, na inexist\u00eancia desta, outro documento de identifica\u00e7\u00e3o oficial com foto, ou ainda, o RANI, no caso de ind\u00edgenas;<\/p>\n\n\n\n<p>&#8211; C\u00f3digo da unidade consumidora a ser beneficiada;<\/p>\n\n\n\n<p>&#8211; N\u00famero de identifica\u00e7\u00e3o social \u2013 NIS e\/ou o C\u00f3digo Familiar no Cadastro \u00danico ou o N\u00famero do Benef\u00edcio \u2013 NB quando do recebimento do Benef\u00edcio de Presta\u00e7\u00e3o Continuada \u2013 BPC; e<\/p>\n\n\n\n<p>&#8211; Apresentar o relat\u00f3rio e atestado subscrito por profissional m\u00e9dico, somente nos casos de fam\u00edlias com uso continuado de aparelhos.<\/p>\n\n\n\n<p>O respons\u00e1vel pela unidade consumidora ou o pr\u00f3prio portador da doen\u00e7a ou com defici\u00eancia dever\u00e1 apresentar \u00e0 distribuidora relat\u00f3rio e atestado subscrito por profissional m\u00e9dico, que dever\u00e1 certificar a situa\u00e7\u00e3o cl\u00ednica e de sa\u00fade do morador portador da doen\u00e7a ou com defici\u00eancia, bem como a previs\u00e3o do per\u00edodo de uso continuado de aparelhos, equipamentos ou instrumentos que, para o seu funcionamento, demandem consumo de energia el\u00e9trica e, ainda, as seguintes informa\u00e7\u00f5es:<\/p>\n\n\n\n<p>I &#8211; Classifica\u00e7\u00e3o Estat\u00edstica Internacional de Doen\u00e7as e Problemas Relacionados \u00e0 Sa\u00fade \u2013 CID;<\/p>\n\n\n\n<p>II &#8211; descri\u00e7\u00e3o dos aparelhos, equipamentos utilizados na resid\u00eancia que, para o seu funcionamento, demandem consumo de energia el\u00e9trica;<\/p>\n\n\n\n<p>III &#8211; n\u00famero de horas mensais de utiliza\u00e7\u00e3o de cada aparelho, equipamento ou instrumento;<\/p>\n\n\n\n<p>IV &#8211; endere\u00e7o da unidade consumidora. (Cemig).<\/p>\n","protected":false},"excerpt":{"rendered":"<p>Ap\u00f3s o cadastramento, a Cemig enviar\u00e1 avisos de forma preferencial e obrigat\u00f3ria por meio de documento escrito e personalizado, com anteced\u00eancia de cinco dias \u00fateis Voc\u00ea sabia que os clientes usu\u00e1rios de equipamentos de autonomia limitada, vitais \u00e0 preserva\u00e7\u00e3o da vida humana e dependentes de energia el\u00e9trica t\u00eam direito ao recebimento de aviso personalizado de [&hellip;]<\/p>\n","protected":false},"author":1,"featured_media":1958,"comment_status":"open","ping_status":"open","sticky":false,"template":"","format":"standard","meta":{"rop_custom_images_group":[],"rop_custom_messages_group":[],"rop_publish_now":"initial","rop_publish_now_accounts":[],"rop_publish_now_history":[],"rop_publish_now_status":"pending","footnotes":""},"categories":[19],"tags":[72,707,70,708,138],"class_list":["post-1957","post","type-post","status-publish","format-standard","has-post-thumbnail","hentry","category-gerais","tag-cemig","tag-equipamentos","tag-minas-gerais","tag-preservacao","tag-vida"],"_links":{"self":[{"href":"https:\/\/diariotribuna.com.br\/index.php?rest_route=\/wp\/v2\/posts\/1957"}],"collection":[{"href":"https:\/\/diariotribuna.com.br\/index.php?rest_route=\/wp\/v2\/posts"}],"about":[{"href":"https:\/\/diariotribuna.com.br\/index.php?rest_route=\/wp\/v2\/types\/post"}],"author":[{"embeddable":true,"href":"https:\/\/diariotribuna.com.br\/index.php?rest_route=\/wp\/v2\/users\/1"}],"replies":[{"embeddable":true,"href":"https:\/\/diariotribuna.com.br\/index.php?rest_route=%2Fwp%2Fv2%2Fcomments&post=1957"}],"version-history":[{"count":1,"href":"https:\/\/diariotribuna.com.br\/index.php?rest_route=\/wp\/v2\/posts\/1957\/revisions"}],"predecessor-version":[{"id":1959,"href":"https:\/\/diariotribuna.com.br\/index.php?rest_route=\/wp\/v2\/posts\/1957\/revisions\/1959"}],"wp:featuredmedia":[{"embeddable":true,"href":"https:\/\/diariotribuna.com.br\/index.php?rest_route=\/wp\/v2\/media\/1958"}],"wp:attachment":[{"href":"https:\/\/diariotribuna.com.br\/index.php?rest_route=%2Fwp%2Fv2%2Fmedia&parent=1957"}],"wp:term":[{"taxonomy":"category","embeddable":true,"href":"https:\/\/diariotribuna.com.br\/index.php?rest_route=%2Fwp%2Fv2%2Fcategories&post=1957"},{"taxonomy":"post_tag","embeddable":true,"href":"https:\/\/diariotribuna.com.br\/index.php?rest_route=%2Fwp%2Fv2%2Ftags&post=1957"}],"curies":[{"name":"wp","href":"https:\/\/api.w.org\/{rel}","templated":true}]}}