{"id":1969,"date":"2020-07-25T16:54:27","date_gmt":"2020-07-25T19:54:27","guid":{"rendered":"https:\/\/diariotribuna.com.br\/?p=1969"},"modified":"2020-07-25T16:54:28","modified_gmt":"2020-07-25T19:54:28","slug":"em-defesa-da-liberdade-de-pensamento","status":"publish","type":"post","link":"https:\/\/diariotribuna.com.br\/?p=1969","title":{"rendered":"Em defesa da liberdade de pensamento"},"content":{"rendered":"\n<p>Superintendente de Equidade do TJMG, desembargadora Maria In\u00eas Rodrigues quer afastar pr\u00e1ticas discriminat\u00f3rias no ambiente interno<\/p>\n\n\n\n<figure class=\"wp-block-image size-large is-resized\"><img loading=\"lazy\" decoding=\"async\" src=\"https:\/\/diariotribuna.com.br\/wp-content\/uploads\/2020\/07\/unnamed-2-6.jpg\" alt=\"\" class=\"wp-image-1970\" width=\"469\" height=\"312\" srcset=\"https:\/\/diariotribuna.com.br\/wp-content\/uploads\/2020\/07\/unnamed-2-6.jpg 700w, https:\/\/diariotribuna.com.br\/wp-content\/uploads\/2020\/07\/unnamed-2-6-300x200.jpg 300w, https:\/\/diariotribuna.com.br\/wp-content\/uploads\/2020\/07\/unnamed-2-6-696x463.jpg 696w, https:\/\/diariotribuna.com.br\/wp-content\/uploads\/2020\/07\/unnamed-2-6-631x420.jpg 631w\" sizes=\"(max-width: 469px) 100vw, 469px\" \/><figcaption><strong>O presidente do TJMG, Gilson Lemes, com a superintendente de Equidade, desembargadora Maria In\u00eas, o desembargador J\u00falio C\u00e9sar Gutierrez e o magistrado de Juiz de Fora, Evaldo Elias Penna Gavazza<\/strong><\/figcaption><\/figure>\n\n\n\n<p>O presidente do Tribunal de Jusi\u00e7a de Minas Gerais (TJMG), desembargador Gilson Soares Lemes, reuniu-se na tarde desta quinta-feira (23\/7), com a desembargadora Maria In\u00eas Rodrigues de Souza, superintendente de Equidade, para tra\u00e7ar as principais diretrizes de atua\u00e7\u00e3o desta gest\u00e3o na rec\u00e9m-criada \u00e1rea. A linha mestra ser\u00e1 o respeito \u00e0 liberdade de pensamento como forma de se afastar a pr\u00e1tica discriminat\u00f3ria nas suas diferentes vertentes.<\/p>\n\n\n\n<p>Durante o encontro, a desembargadora Maria In\u00eas Rodrigues de Souza explicou que o primeiro passo de atua\u00e7\u00e3o ser\u00e1 voltado ao p\u00fablico interno, de modo a se &#8220;promover a conscientiza\u00e7\u00e3o da necessidade de respeito \u00e0 diversidade&#8221;. Para a magistrada, \u00e9 necess\u00e1rio ainda se &#8220;criar um ambiente de trabalho que garanta a seguran\u00e7a, a sa\u00fade, o bem estar f\u00edsico e psicol\u00f3gico de magistrados, servidores e colaboradores que perten\u00e7am a grupos historicamente discriminados.&#8221;<\/p>\n\n\n\n<p>Como forma de disseminar informa\u00e7\u00e3o e garantir a pluralidade de pensamento, a desembargadora Maria In\u00eas Rodrigues de Souza pretende realizar eventos e cursos voltados \u00e0 diversidade, visando a forma\u00e7\u00e3o e o aperfei\u00e7oamento do p\u00fablico interno e a proposi\u00e7\u00e3o de solu\u00e7\u00f5es, com o objetivo de erradicar preconceitos no \u00e2mbito do TJMG. Pra dar maior efic\u00e1cia, o TJMG tamb\u00e9m vai criar um canal de comunica\u00e7\u00e3o para receber den\u00fancias de pr\u00e1ticas discriminat\u00f3rias.<\/p>\n\n\n\n<p>Apesar de a primeira preocupa\u00e7\u00e3o ser o p\u00fablico interno, a Superintend\u00eancia da Equidade vai buscar tamb\u00e9m di\u00e1logo com os movimentos sociais organizados, para conhecer suas demandas relativas \u00e0 diversidade. Os princ\u00edpios norteadores de atua\u00e7\u00e3o ser\u00e3o a dignidade da pessoa humana, cidadania, inclus\u00e3o social, equidade, acessibilidade, pluralismo cultural, liberdade de consci\u00eancia e de cren\u00e7a, liberdade de convic\u00e7\u00e3o filos\u00f3fica ou pol\u00edtica, e qualidade de vida no ambiente de trabalho.<\/p>\n\n\n\n<p><strong>Assessoria de Comunica\u00e7\u00e3o Institucional &#8211; Ascom<br>Tribunal de Justi\u00e7a de Minas Gerais &#8211; TJMG<\/strong><\/p>\n","protected":false},"excerpt":{"rendered":"<p>Superintendente de Equidade do TJMG, desembargadora Maria In\u00eas Rodrigues quer afastar pr\u00e1ticas discriminat\u00f3rias no ambiente interno O presidente do Tribunal de Jusi\u00e7a de Minas Gerais (TJMG), desembargador Gilson Soares Lemes, reuniu-se na tarde desta quinta-feira (23\/7), com a desembargadora Maria In\u00eas Rodrigues de Souza, superintendente de Equidade, para tra\u00e7ar as principais diretrizes de atua\u00e7\u00e3o desta [&hellip;]<\/p>\n","protected":false},"author":1,"featured_media":1970,"comment_status":"open","ping_status":"open","sticky":false,"template":"","format":"standard","meta":{"rop_custom_images_group":[],"rop_custom_messages_group":[],"rop_publish_now":"initial","rop_publish_now_accounts":[],"rop_publish_now_history":[],"rop_publish_now_status":"pending","footnotes":""},"categories":[25,31],"tags":[716,91,53],"class_list":["post-1969","post","type-post","status-publish","format-standard","has-post-thumbnail","hentry","category-destaque","category-juridico","tag-liberdade-de-pensamento","tag-minas","tag-tjmg"],"_links":{"self":[{"href":"https:\/\/diariotribuna.com.br\/index.php?rest_route=\/wp\/v2\/posts\/1969"}],"collection":[{"href":"https:\/\/diariotribuna.com.br\/index.php?rest_route=\/wp\/v2\/posts"}],"about":[{"href":"https:\/\/diariotribuna.com.br\/index.php?rest_route=\/wp\/v2\/types\/post"}],"author":[{"embeddable":true,"href":"https:\/\/diariotribuna.com.br\/index.php?rest_route=\/wp\/v2\/users\/1"}],"replies":[{"embeddable":true,"href":"https:\/\/diariotribuna.com.br\/index.php?rest_route=%2Fwp%2Fv2%2Fcomments&post=1969"}],"version-history":[{"count":1,"href":"https:\/\/diariotribuna.com.br\/index.php?rest_route=\/wp\/v2\/posts\/1969\/revisions"}],"predecessor-version":[{"id":1971,"href":"https:\/\/diariotribuna.com.br\/index.php?rest_route=\/wp\/v2\/posts\/1969\/revisions\/1971"}],"wp:featuredmedia":[{"embeddable":true,"href":"https:\/\/diariotribuna.com.br\/index.php?rest_route=\/wp\/v2\/media\/1970"}],"wp:attachment":[{"href":"https:\/\/diariotribuna.com.br\/index.php?rest_route=%2Fwp%2Fv2%2Fmedia&parent=1969"}],"wp:term":[{"taxonomy":"category","embeddable":true,"href":"https:\/\/diariotribuna.com.br\/index.php?rest_route=%2Fwp%2Fv2%2Fcategories&post=1969"},{"taxonomy":"post_tag","embeddable":true,"href":"https:\/\/diariotribuna.com.br\/index.php?rest_route=%2Fwp%2Fv2%2Ftags&post=1969"}],"curies":[{"name":"wp","href":"https:\/\/api.w.org\/{rel}","templated":true}]}}