{"id":1972,"date":"2020-07-25T17:02:29","date_gmt":"2020-07-25T20:02:29","guid":{"rendered":"https:\/\/diariotribuna.com.br\/?p=1972"},"modified":"2020-07-25T17:02:30","modified_gmt":"2020-07-25T20:02:30","slug":"presidente-do-tribunal-de-justica-de-mg-suspende-liminar-que-autorizava-funcionamento-de-restaurantes-em-belo-horizonte","status":"publish","type":"post","link":"https:\/\/diariotribuna.com.br\/?p=1972","title":{"rendered":"Presidente do Tribunal de Justi\u00e7a de MG suspende liminar que autorizava funcionamento de restaurantes em Belo Horizonte"},"content":{"rendered":"\n<figure class=\"wp-block-image size-large is-resized\"><img loading=\"lazy\" decoding=\"async\" src=\"https:\/\/diariotribuna.com.br\/wp-content\/uploads\/2020\/07\/not-restaurante.jpg\" alt=\"\" class=\"wp-image-1973\" width=\"481\" height=\"320\" srcset=\"https:\/\/diariotribuna.com.br\/wp-content\/uploads\/2020\/07\/not-restaurante.jpg 700w, https:\/\/diariotribuna.com.br\/wp-content\/uploads\/2020\/07\/not-restaurante-300x200.jpg 300w, https:\/\/diariotribuna.com.br\/wp-content\/uploads\/2020\/07\/not-restaurante-696x463.jpg 696w, https:\/\/diariotribuna.com.br\/wp-content\/uploads\/2020\/07\/not-restaurante-631x420.jpg 631w\" sizes=\"(max-width: 481px) 100vw, 481px\" \/><figcaption><strong>Com suspens\u00e3o de liminar, restaurantes e lanchonetes<br>da capital mineira ter\u00e3o que seguir fechados<\/strong><\/figcaption><\/figure>\n\n\n\n<p>O presidente do Tribunal de Justi\u00e7a de Minas Gerais (TJMG), desembargador Gilson Soares Lemes, determinou, na tarde desta quarta-feira (22\/07), a suspens\u00e3o de liminar concedida em mandado de seguran\u00e7a coletivo, impetrado pela Associa\u00e7\u00e3o Brasileira de Bares e Restaurantes (Abrasel) em Minas Gerais contra ato do prefeito de Belo Horizonte, Alexandre Kalil.<\/p>\n\n\n\n<p>A liminar autorizava a reabertura de restaurantes e lanchonetes da capital mineira, e foi concedida na segunda-feira (20\/07), em raz\u00e3o do fechamento determinado em decreto municipal como forma de conter o avan\u00e7o da pandemia de covid-19 na capital mineira. A suspens\u00e3o da medida foi pedida, em recurso \u00e0 decis\u00e3o de primeira inst\u00e2ncia da Justi\u00e7a, pela Prefeitura de Belo Horizonte, que alegou a necessidade de conter o avan\u00e7o do coronav\u00edrus na cidade.<\/p>\n\n\n\n<p>Em sua decis\u00e3o, o presidente do TJMG, Gilson Lemes, destacou que a liminar \u00e9 ofensiva \u00e0 Delibera\u00e7\u00e3o n\u00ba 17\/2020, elaborada pelo Comit\u00ea Extraordin\u00e1rio Covid-19, e ainda \u00e0 cautelar provis\u00f3ria concedida em A\u00e7\u00e3o Declarat\u00f3ria de Constitucionalidade (ADC) n\u00ba 1000020459246- 3\/000, que foi concedida pela desembargadora M\u00e1rcia Milanez.<\/p>\n\n\n\n<p>Al\u00e9m disso, destacou o presidente, &#8220;a decis\u00e3o hostilizada n\u00e3o atende plenamente os interesses da Abrasel, conforme por ela mesmo declarado, e tamb\u00e9m n\u00e3o se mostra adequada para o momento, tendo em vista o avan\u00e7o da pandemia no munic\u00edpio.&#8221;<\/p>\n\n\n\n<p><strong>Assessoria de Comunica\u00e7\u00e3o Institucional (Ascom) &#8211; Tribunal de Justi\u00e7a de Minas Gerais \u2013 TJMG<\/strong><\/p>\n","protected":false},"excerpt":{"rendered":"<p>O presidente do Tribunal de Justi\u00e7a de Minas Gerais (TJMG), desembargador Gilson Soares Lemes, determinou, na tarde desta quarta-feira (22\/07), a suspens\u00e3o de liminar concedida em mandado de seguran\u00e7a coletivo, impetrado pela Associa\u00e7\u00e3o Brasileira de Bares e Restaurantes (Abrasel) em Minas Gerais contra ato do prefeito de Belo Horizonte, Alexandre Kalil. A liminar autorizava a [&hellip;]<\/p>\n","protected":false},"author":1,"featured_media":1973,"comment_status":"open","ping_status":"open","sticky":false,"template":"","format":"standard","meta":{"rop_custom_images_group":[],"rop_custom_messages_group":[],"rop_publish_now":"initial","rop_publish_now_accounts":[],"rop_publish_now_history":[],"rop_publish_now_status":"pending","footnotes":""},"categories":[31],"tags":[717,718,53],"class_list":["post-1972","post","type-post","status-publish","format-standard","has-post-thumbnail","hentry","category-juridico","tag-funcionamento-de-restaurantes","tag-suspende-liminar","tag-tjmg"],"_links":{"self":[{"href":"https:\/\/diariotribuna.com.br\/index.php?rest_route=\/wp\/v2\/posts\/1972"}],"collection":[{"href":"https:\/\/diariotribuna.com.br\/index.php?rest_route=\/wp\/v2\/posts"}],"about":[{"href":"https:\/\/diariotribuna.com.br\/index.php?rest_route=\/wp\/v2\/types\/post"}],"author":[{"embeddable":true,"href":"https:\/\/diariotribuna.com.br\/index.php?rest_route=\/wp\/v2\/users\/1"}],"replies":[{"embeddable":true,"href":"https:\/\/diariotribuna.com.br\/index.php?rest_route=%2Fwp%2Fv2%2Fcomments&post=1972"}],"version-history":[{"count":1,"href":"https:\/\/diariotribuna.com.br\/index.php?rest_route=\/wp\/v2\/posts\/1972\/revisions"}],"predecessor-version":[{"id":1974,"href":"https:\/\/diariotribuna.com.br\/index.php?rest_route=\/wp\/v2\/posts\/1972\/revisions\/1974"}],"wp:featuredmedia":[{"embeddable":true,"href":"https:\/\/diariotribuna.com.br\/index.php?rest_route=\/wp\/v2\/media\/1973"}],"wp:attachment":[{"href":"https:\/\/diariotribuna.com.br\/index.php?rest_route=%2Fwp%2Fv2%2Fmedia&parent=1972"}],"wp:term":[{"taxonomy":"category","embeddable":true,"href":"https:\/\/diariotribuna.com.br\/index.php?rest_route=%2Fwp%2Fv2%2Fcategories&post=1972"},{"taxonomy":"post_tag","embeddable":true,"href":"https:\/\/diariotribuna.com.br\/index.php?rest_route=%2Fwp%2Fv2%2Ftags&post=1972"}],"curies":[{"name":"wp","href":"https:\/\/api.w.org\/{rel}","templated":true}]}}