{"id":1975,"date":"2020-07-25T17:08:49","date_gmt":"2020-07-25T20:08:49","guid":{"rendered":"https:\/\/diariotribuna.com.br\/?p=1975"},"modified":"2020-07-25T17:08:50","modified_gmt":"2020-07-25T20:08:50","slug":"mineradoras-indenizam-pescadores-apos-rompimento-de-barragem","status":"publish","type":"post","link":"https:\/\/diariotribuna.com.br\/?p=1975","title":{"rendered":"Mineradoras indenizam pescadores ap\u00f3s rompimento de barragem"},"content":{"rendered":"\n<p>Eles iniciaram a\u00e7\u00f5es individuais, anos depois da trag\u00e9dia em Mariana<\/p>\n\n\n\n<figure class=\"wp-block-image size-large is-resized\"><img loading=\"lazy\" decoding=\"async\" src=\"https:\/\/diariotribuna.com.br\/wp-content\/uploads\/2020\/07\/unnamed-30.jpg\" alt=\"\" class=\"wp-image-1976\" width=\"507\" height=\"337\" srcset=\"https:\/\/diariotribuna.com.br\/wp-content\/uploads\/2020\/07\/unnamed-30.jpg 700w, https:\/\/diariotribuna.com.br\/wp-content\/uploads\/2020\/07\/unnamed-30-300x200.jpg 300w, https:\/\/diariotribuna.com.br\/wp-content\/uploads\/2020\/07\/unnamed-30-696x463.jpg 696w, https:\/\/diariotribuna.com.br\/wp-content\/uploads\/2020\/07\/unnamed-30-631x420.jpg 631w\" sizes=\"(max-width: 507px) 100vw, 507px\" \/><figcaption><strong>As mineradoras Samarco, Vale e BHP v\u00e3o pagar indeniza\u00e7\u00e3o por danos morais e materiais aos pescadores<\/strong><\/figcaption><\/figure>\n\n\n\n<p>Dois pescadores conseguiram na Justi\u00e7a indeniza\u00e7\u00e3o por danos morais e materiais para reparar as consequ\u00eancias sofridas em decorr\u00eancia da trag\u00e9dia ocasionada pelo colapso da Barragem de Fund\u00e3o, na cidade mineira de Mariana, em novembro de 2015.<\/p>\n\n\n\n<p>O juiz da 2\u00aa Vara C\u00edvel de Ponte Nova, Bruno Henrique Ten\u00f3rio Taveira, condenou as mineradoras Samarco, Vale e BHP Billiton Brasil a pagarem R$ 18 mil e R$ 25 mil, respectivamente, aos pescadores Joaquim Bas\u00edlio Victor e Expedito da Luz In\u00e1cio.<\/p>\n\n\n\n<p>Os dois v\u00e3o receber tamb\u00e9m valores mensais de R$ 300 e de R$ 1,5 mil, retroativos \u00e0 data em que ocorreu o rompimento da barragem. A diferen\u00e7a nos valores deve-se \u00e0 comprova\u00e7\u00e3o do exerc\u00edcio da atividade, na condi\u00e7\u00e3o, respectivamente, de pescador amador e profissional.<\/p>\n\n\n\n<p>Para ambos, o trabalho era um complemento da renda na subsist\u00eancia de suas fam\u00edlias. Diariamente, pescavam no Rio Doce e, em decorr\u00eancia do desastre, n\u00e3o podem exercer a ocupa\u00e7\u00e3o at\u00e9 hoje.<\/p>\n\n\n\n<p>Na Justi\u00e7a, os pescadores alegaram que atravessam s\u00e9rias dificuldades financeiras, al\u00e9m da vergonha de n\u00e3o poder honrar compromissos e oferecer o sustento das pr\u00f3prias casas. Os dois afirmam que tentaram um acordo amig\u00e1vel com as empresas por meio da Funda\u00e7\u00e3o Renova, na qual realizaram um pr\u00e9-cadastro, mas n\u00e3o tiveram retorno.<\/p>\n\n\n\n<p>Para o juiz Bruno Taveira, a contamina\u00e7\u00e3o dos cursos d\u2019\u00e1gua da regi\u00e3o atingida pela cat\u00e1strofe ambiental e outros danos relacionados ao epis\u00f3dio produziram efeitos econ\u00f4micos negativos na vida da popula\u00e7\u00e3o local, principalmente dos pescadores.<\/p>\n\n\n\n<p>&#8220;A perda brusca do meio para obten\u00e7\u00e3o de renda complementar pode ser comparada com a perda (na trag\u00e9dia) de uma propriedade im\u00f3vel utilizada para moradia ou para fins comerciais, pois em ambos os casos a parte se v\u00ea obrigada a modificar totalmente seu modo de vida&#8221;, disse.<\/p>\n\n\n\n<p>O magistrado completou, afirmando que n\u00e3o h\u00e1 d\u00favidas de que o dano gerado a um pescador prolonga-se indefinidamente no tempo, ao contr\u00e1rio do gerado \u00e0queles que tiveram seu im\u00f3vel atingido.<\/p>\n\n\n\n<p>Consulte a \u00edntegra da decis\u00e3o e o andamento dos processos, de n\u00fameros&nbsp;<a href=\"https:\/\/yraawiytiinerle.i-mpr.com\/link.php?code=bDpodHRwJTNBJTJGJTJGcGplLnRqbWcuanVzLmJyJTJGcGplJTJGQ29uc3VsdGFQdWJsaWNhJTJGRGV0YWxoZVByb2Nlc3NvQ29uc3VsdGFQdWJsaWNhJTJGbGlzdFZpZXcuc2VhbSUzRmNhJTNEZDlkMmJkODBhMWQ4NzUxYTAyNTMzMzkyZjBkOWVlMDgyMTk4M2JiYjg4NTY4MWVjOjIzNjEzOTE4NzQ6dHJpYnVuYWRvbXVjdXJpQGdtYWlsLmNvbTpkNTBiMDY=\" target=\"_blank\" rel=\"noreferrer noopener\">5001407-78.2018.8.13.0521<\/a>&nbsp;e&nbsp;<a href=\"https:\/\/yraawiytiinerle.i-mpr.com\/link.php?code=bDpodHRwJTNBJTJGJTJGcGplLnRqbWcuanVzLmJyJTJGcGplJTJGQ29uc3VsdGFQdWJsaWNhJTJGRGV0YWxoZVByb2Nlc3NvQ29uc3VsdGFQdWJsaWNhJTJGbGlzdFZpZXcuc2VhbSUzRmNhJTNEMTI4NjM2YWNhZDM2N2YzNjAyNTMzMzkyZjBkOWVlMDgyMTk4M2JiYjg4NTY4MWVjOjIzNjEzOTE4NzQ6dHJpYnVuYWRvbXVjdXJpQGdtYWlsLmNvbTplYzMxYTA=\" target=\"_blank\" rel=\"noreferrer noopener\">5001440-68.2018.8.13.0521<\/a>, no sistema PJe.<\/p>\n\n\n\n<p>Leia tamb\u00e9m:&nbsp;<a href=\"https:\/\/yraawiytiinerle.i-mpr.com\/link.php?code=bDpodHRwJTNBJTJGJTJGd3d3LnRqbWcuanVzLmJyJTJGcG9ydGFsLXRqbWclMkZub3RpY2lhcyUyRmp1c3RpY2EtZGUtcG9udGUtbm92YS1kZXRlcm1pbmEtaW5kZW5pemFjYW8tcGFyYS1wZXNjYWRvcmVzLThBODBCQ0U1NzI0RDEzNDYwMTczMDc3NENFMzYwRDZFLmh0bSUyMy5YeHNHWDFWS2dkVjoyMzYxMzkxODc0OnRyaWJ1bmFkb211Y3VyaUBnbWFpbC5jb206MTA4Yzg2\" target=\"_blank\" rel=\"noreferrer noopener\">Justi\u00e7a de Ponte Nova determina indeniza\u00e7\u00e3o para pescadores<\/a><\/p>\n\n\n\n<p><strong>Assessoria de Comunica\u00e7\u00e3o Institucional &#8211; Ascom<\/strong><br><strong>TJMG &#8211; Unidade F\u00f3rum Lafayette<\/strong><\/p>\n","protected":false},"excerpt":{"rendered":"<p>Eles iniciaram a\u00e7\u00f5es individuais, anos depois da trag\u00e9dia em Mariana Dois pescadores conseguiram na Justi\u00e7a indeniza\u00e7\u00e3o por danos morais e materiais para reparar as consequ\u00eancias sofridas em decorr\u00eancia da trag\u00e9dia ocasionada pelo colapso da Barragem de Fund\u00e3o, na cidade mineira de Mariana, em novembro de 2015. O juiz da 2\u00aa Vara C\u00edvel de Ponte Nova, [&hellip;]<\/p>\n","protected":false},"author":1,"featured_media":1976,"comment_status":"open","ping_status":"open","sticky":false,"template":"","format":"standard","meta":{"rop_custom_images_group":[],"rop_custom_messages_group":[],"rop_publish_now":"initial","rop_publish_now_accounts":[],"rop_publish_now_history":[],"rop_publish_now_status":"pending","footnotes":""},"categories":[31],"tags":[440,720,719,53],"class_list":["post-1975","post","type-post","status-publish","format-standard","has-post-thumbnail","hentry","category-juridico","tag-indenizacao","tag-mineradoras","tag-pescadores","tag-tjmg"],"_links":{"self":[{"href":"https:\/\/diariotribuna.com.br\/index.php?rest_route=\/wp\/v2\/posts\/1975"}],"collection":[{"href":"https:\/\/diariotribuna.com.br\/index.php?rest_route=\/wp\/v2\/posts"}],"about":[{"href":"https:\/\/diariotribuna.com.br\/index.php?rest_route=\/wp\/v2\/types\/post"}],"author":[{"embeddable":true,"href":"https:\/\/diariotribuna.com.br\/index.php?rest_route=\/wp\/v2\/users\/1"}],"replies":[{"embeddable":true,"href":"https:\/\/diariotribuna.com.br\/index.php?rest_route=%2Fwp%2Fv2%2Fcomments&post=1975"}],"version-history":[{"count":1,"href":"https:\/\/diariotribuna.com.br\/index.php?rest_route=\/wp\/v2\/posts\/1975\/revisions"}],"predecessor-version":[{"id":1977,"href":"https:\/\/diariotribuna.com.br\/index.php?rest_route=\/wp\/v2\/posts\/1975\/revisions\/1977"}],"wp:featuredmedia":[{"embeddable":true,"href":"https:\/\/diariotribuna.com.br\/index.php?rest_route=\/wp\/v2\/media\/1976"}],"wp:attachment":[{"href":"https:\/\/diariotribuna.com.br\/index.php?rest_route=%2Fwp%2Fv2%2Fmedia&parent=1975"}],"wp:term":[{"taxonomy":"category","embeddable":true,"href":"https:\/\/diariotribuna.com.br\/index.php?rest_route=%2Fwp%2Fv2%2Fcategories&post=1975"},{"taxonomy":"post_tag","embeddable":true,"href":"https:\/\/diariotribuna.com.br\/index.php?rest_route=%2Fwp%2Fv2%2Ftags&post=1975"}],"curies":[{"name":"wp","href":"https:\/\/api.w.org\/{rel}","templated":true}]}}