{"id":1978,"date":"2020-07-25T17:19:40","date_gmt":"2020-07-25T20:19:40","guid":{"rendered":"https:\/\/diariotribuna.com.br\/?p=1978"},"modified":"2020-07-25T17:19:41","modified_gmt":"2020-07-25T20:19:41","slug":"governador-anuncia-novo-secretario-de-infraestrutura-e-mobilidade","status":"publish","type":"post","link":"https:\/\/diariotribuna.com.br\/?p=1978","title":{"rendered":"Governador anuncia novo secret\u00e1rio de Infraestrutura e Mobilidade"},"content":{"rendered":"\n<p><em>Marco Aur\u00e9lio Barcelos ser\u00e1 substitu\u00eddo por Fernando Marcato<\/em><\/p>\n\n\n\n<figure class=\"wp-block-image size-large\"><img loading=\"lazy\" decoding=\"async\" width=\"640\" height=\"440\" src=\"https:\/\/diariotribuna.com.br\/wp-content\/uploads\/2020\/07\/fernando-marcato.jpg\" alt=\"\" class=\"wp-image-1979\" srcset=\"https:\/\/diariotribuna.com.br\/wp-content\/uploads\/2020\/07\/fernando-marcato.jpg 640w, https:\/\/diariotribuna.com.br\/wp-content\/uploads\/2020\/07\/fernando-marcato-300x206.jpg 300w, https:\/\/diariotribuna.com.br\/wp-content\/uploads\/2020\/07\/fernando-marcato-100x70.jpg 100w, https:\/\/diariotribuna.com.br\/wp-content\/uploads\/2020\/07\/fernando-marcato-218x150.jpg 218w, https:\/\/diariotribuna.com.br\/wp-content\/uploads\/2020\/07\/fernando-marcato-611x420.jpg 611w\" sizes=\"(max-width: 640px) 100vw, 640px\" \/><\/figure>\n\n\n\n<p>O governador Romeu Zema lamenta a sa\u00edda e agradece os relevantes servi\u00e7os prestados pelo secret\u00e1rio Marco Aur\u00e9lio Barcelos, que pediu para ser exonerado do cargo por motivos pessoais.<\/p>\n\n\n\n<p>No per\u00edodo que passou \u00e0 frente da&nbsp;<a href=\"http:\/\/www.infraestrutura.mg.gov.br\/\" target=\"_blank\" rel=\"noreferrer noopener\">Secretaria de Estado de Infraestrutura e Mobilidade (Seinfra)<\/a>, Minas Gerais viu avan\u00e7ar importantes projetos, como o Programa de Concess\u00f5es Rodovi\u00e1rias e o projeto de concess\u00e3o do Rodoanel da Regi\u00e3o Metropolitana de Belo Horizonte. O governador reitera o elevado respeito pelo trabalho e profissionalismo do secret\u00e1rio Marco Aur\u00e9lio e lhe deseja sucesso.<\/p>\n\n\n\n<p>O novo secret\u00e1rio ser\u00e1 Fernando Marcato, que re\u00fane todos os atributos necess\u00e1rios para dar continuidade \u00e0 agenda de infraestrutura no&nbsp;<a href=\"http:\/\/www.mg.gov.br\/\" target=\"_blank\" rel=\"noreferrer noopener\">Estado de Minas Gerais<\/a>. Fernando \u00e9 especialista na estrutura\u00e7\u00e3o de projetos de infraestrutura no Brasil e no exterior, professor da FGV Direito SP e mestre em Direito P\u00fablico pela Universidade de Paris 1.<\/p>\n\n\n\n<p>A publica\u00e7\u00e3o no Di\u00e1rio Oficial ser\u00e1 efetivada nos pr\u00f3ximos dias.<\/p>\n","protected":false},"excerpt":{"rendered":"<p>Marco Aur\u00e9lio Barcelos ser\u00e1 substitu\u00eddo por Fernando Marcato O governador Romeu Zema lamenta a sa\u00edda e agradece os relevantes servi\u00e7os prestados pelo secret\u00e1rio Marco Aur\u00e9lio Barcelos, que pediu para ser exonerado do cargo por motivos pessoais. No per\u00edodo que passou \u00e0 frente da&nbsp;Secretaria de Estado de Infraestrutura e Mobilidade (Seinfra), Minas Gerais viu avan\u00e7ar importantes [&hellip;]<\/p>\n","protected":false},"author":1,"featured_media":1979,"comment_status":"open","ping_status":"open","sticky":false,"template":"","format":"standard","meta":{"rop_custom_images_group":[],"rop_custom_messages_group":[],"rop_publish_now":"initial","rop_publish_now_accounts":[],"rop_publish_now_history":[],"rop_publish_now_status":"pending","footnotes":""},"categories":[21],"tags":[723,722,70,721],"class_list":["post-1978","post","type-post","status-publish","format-standard","has-post-thumbnail","hentry","category-politica","tag-fernando-marcato","tag-infraestrutura-e-mobilidade","tag-minas-gerais","tag-novo-secretario"],"_links":{"self":[{"href":"https:\/\/diariotribuna.com.br\/index.php?rest_route=\/wp\/v2\/posts\/1978"}],"collection":[{"href":"https:\/\/diariotribuna.com.br\/index.php?rest_route=\/wp\/v2\/posts"}],"about":[{"href":"https:\/\/diariotribuna.com.br\/index.php?rest_route=\/wp\/v2\/types\/post"}],"author":[{"embeddable":true,"href":"https:\/\/diariotribuna.com.br\/index.php?rest_route=\/wp\/v2\/users\/1"}],"replies":[{"embeddable":true,"href":"https:\/\/diariotribuna.com.br\/index.php?rest_route=%2Fwp%2Fv2%2Fcomments&post=1978"}],"version-history":[{"count":1,"href":"https:\/\/diariotribuna.com.br\/index.php?rest_route=\/wp\/v2\/posts\/1978\/revisions"}],"predecessor-version":[{"id":1980,"href":"https:\/\/diariotribuna.com.br\/index.php?rest_route=\/wp\/v2\/posts\/1978\/revisions\/1980"}],"wp:featuredmedia":[{"embeddable":true,"href":"https:\/\/diariotribuna.com.br\/index.php?rest_route=\/wp\/v2\/media\/1979"}],"wp:attachment":[{"href":"https:\/\/diariotribuna.com.br\/index.php?rest_route=%2Fwp%2Fv2%2Fmedia&parent=1978"}],"wp:term":[{"taxonomy":"category","embeddable":true,"href":"https:\/\/diariotribuna.com.br\/index.php?rest_route=%2Fwp%2Fv2%2Fcategories&post=1978"},{"taxonomy":"post_tag","embeddable":true,"href":"https:\/\/diariotribuna.com.br\/index.php?rest_route=%2Fwp%2Fv2%2Ftags&post=1978"}],"curies":[{"name":"wp","href":"https:\/\/api.w.org\/{rel}","templated":true}]}}