{"id":1981,"date":"2020-07-26T01:32:39","date_gmt":"2020-07-26T04:32:39","guid":{"rendered":"https:\/\/diariotribuna.com.br\/?p=1981"},"modified":"2020-07-26T01:32:40","modified_gmt":"2020-07-26T04:32:40","slug":"covid-19-teofilo-otoni-registra-1-234-casos-positivos-e-51o-obitos-em-25-07-2020","status":"publish","type":"post","link":"https:\/\/diariotribuna.com.br\/?p=1981","title":{"rendered":"Covid-19: Te\u00f3filo Otoni registra 1.234 casos positivos e 51\u00ba \u00f3bitos em 25\/07\/2020"},"content":{"rendered":"\n<figure class=\"wp-block-image size-large is-resized\"><img loading=\"lazy\" decoding=\"async\" src=\"https:\/\/diariotribuna.com.br\/wp-content\/uploads\/2020\/07\/Te\u00f3filo-Otoni-6.jpg\" alt=\"\" class=\"wp-image-1982\" width=\"352\" height=\"198\" srcset=\"https:\/\/diariotribuna.com.br\/wp-content\/uploads\/2020\/07\/Te\u00f3filo-Otoni-6.jpg 640w, https:\/\/diariotribuna.com.br\/wp-content\/uploads\/2020\/07\/Te\u00f3filo-Otoni-6-300x169.jpg 300w\" sizes=\"(max-width: 352px) 100vw, 352px\" \/><\/figure>\n\n\n\n<p>O boletim epidemiol\u00f3gico Covid-19 de s\u00e1bado (25\/07), divulgado pela Secretaria Municipal de Sa\u00fade, confirma 1.234 casos positivos da doen\u00e7a em Te\u00f3filo Otoni, 20 a mais nas \u00faltimas 24 horas, e mais 01 \u00f3bito foi registrado, totalizando 51. A secretaria informa que, dos 1.234 casos, 969 pessoas est\u00e3o recuperadas, 08 internadas em ala, 13 em UTI e 193 est\u00e3o em isolamento domiciliar.<\/p>\n\n\n\n<p>O <strong>51\u00ba \u00f3bito<\/strong> por complica\u00e7\u00e3o causada pela Covid-19, ocorrido na sexta-feira (17\/07\/2020), trata-se de um idoso de 65 anos, que apresentava comorbidades e esteve internado no Hospital Philadelfia, onde recebeu assist\u00eancia e tratamento necess\u00e1rios. O paciente teve o resultado confirmado por RT-PCR.<\/p>\n\n\n\n<p>Dos 124 suspeitos em investiga\u00e7\u00e3o e monitoramento, 104 pessoas est\u00e3o em isolamento domiciliar, 12 internadas em ala, 03 em UTI e 05 \u00f3bitos est\u00e3o em investiga\u00e7\u00e3o aguardando resultados de exames laboratoriais. Das 6.937 investiga\u00e7\u00f5es conclu\u00eddas, 4.463 foram descartadas por exame laboratorial e 2.474 monitoramentos foram conclu\u00eddos por crit\u00e9rio cl\u00ednico. At\u00e9 esta data foram notificadas 8.295 pessoas.<\/p>\n","protected":false},"excerpt":{"rendered":"<p>O boletim epidemiol\u00f3gico Covid-19 de s\u00e1bado (25\/07), divulgado pela Secretaria Municipal de Sa\u00fade, confirma 1.234 casos positivos da doen\u00e7a em Te\u00f3filo Otoni, 20 a mais nas \u00faltimas 24 horas, e mais 01 \u00f3bito foi registrado, totalizando 51. A secretaria informa que, dos 1.234 casos, 969 pessoas est\u00e3o recuperadas, 08 internadas em ala, 13 em UTI [&hellip;]<\/p>\n","protected":false},"author":1,"featured_media":1982,"comment_status":"open","ping_status":"open","sticky":false,"template":"","format":"standard","meta":{"rop_custom_images_group":[],"rop_custom_messages_group":[],"rop_publish_now":"initial","rop_publish_now_accounts":[],"rop_publish_now_history":[],"rop_publish_now_status":"pending","footnotes":""},"categories":[192],"tags":[724,67,65,75],"class_list":["post-1981","post","type-post","status-publish","format-standard","has-post-thumbnail","hentry","category-covid19","tag-25-07","tag-boletim","tag-covid","tag-teofilo-otoni"],"_links":{"self":[{"href":"https:\/\/diariotribuna.com.br\/index.php?rest_route=\/wp\/v2\/posts\/1981"}],"collection":[{"href":"https:\/\/diariotribuna.com.br\/index.php?rest_route=\/wp\/v2\/posts"}],"about":[{"href":"https:\/\/diariotribuna.com.br\/index.php?rest_route=\/wp\/v2\/types\/post"}],"author":[{"embeddable":true,"href":"https:\/\/diariotribuna.com.br\/index.php?rest_route=\/wp\/v2\/users\/1"}],"replies":[{"embeddable":true,"href":"https:\/\/diariotribuna.com.br\/index.php?rest_route=%2Fwp%2Fv2%2Fcomments&post=1981"}],"version-history":[{"count":1,"href":"https:\/\/diariotribuna.com.br\/index.php?rest_route=\/wp\/v2\/posts\/1981\/revisions"}],"predecessor-version":[{"id":1983,"href":"https:\/\/diariotribuna.com.br\/index.php?rest_route=\/wp\/v2\/posts\/1981\/revisions\/1983"}],"wp:featuredmedia":[{"embeddable":true,"href":"https:\/\/diariotribuna.com.br\/index.php?rest_route=\/wp\/v2\/media\/1982"}],"wp:attachment":[{"href":"https:\/\/diariotribuna.com.br\/index.php?rest_route=%2Fwp%2Fv2%2Fmedia&parent=1981"}],"wp:term":[{"taxonomy":"category","embeddable":true,"href":"https:\/\/diariotribuna.com.br\/index.php?rest_route=%2Fwp%2Fv2%2Fcategories&post=1981"},{"taxonomy":"post_tag","embeddable":true,"href":"https:\/\/diariotribuna.com.br\/index.php?rest_route=%2Fwp%2Fv2%2Ftags&post=1981"}],"curies":[{"name":"wp","href":"https:\/\/api.w.org\/{rel}","templated":true}]}}