{"id":1987,"date":"2020-07-26T16:12:22","date_gmt":"2020-07-26T19:12:22","guid":{"rendered":"https:\/\/diariotribuna.com.br\/?p=1987"},"modified":"2020-07-26T16:12:24","modified_gmt":"2020-07-26T19:12:24","slug":"minas-gerais-informe-epidemiologico-coronavirus-26-7-2020","status":"publish","type":"post","link":"https:\/\/diariotribuna.com.br\/?p=1987","title":{"rendered":"Minas Gerais: Informe Epidemiol\u00f3gico Coronav\u00edrus 26\/7\/2020"},"content":{"rendered":"\n<figure class=\"wp-block-image size-large is-resized\"><img loading=\"lazy\" decoding=\"async\" src=\"https:\/\/diariotribuna.com.br\/wp-content\/uploads\/2020\/07\/Sem-t\u00edtulo-7.png\" alt=\"\" class=\"wp-image-1988\" width=\"516\" height=\"373\" srcset=\"https:\/\/diariotribuna.com.br\/wp-content\/uploads\/2020\/07\/Sem-t\u00edtulo-7.png 715w, https:\/\/diariotribuna.com.br\/wp-content\/uploads\/2020\/07\/Sem-t\u00edtulo-7-300x217.png 300w, https:\/\/diariotribuna.com.br\/wp-content\/uploads\/2020\/07\/Sem-t\u00edtulo-7-324x235.png 324w, https:\/\/diariotribuna.com.br\/wp-content\/uploads\/2020\/07\/Sem-t\u00edtulo-7-696x504.png 696w, https:\/\/diariotribuna.com.br\/wp-content\/uploads\/2020\/07\/Sem-t\u00edtulo-7-580x420.png 580w\" sizes=\"(max-width: 516px) 100vw, 516px\" \/><\/figure>\n\n\n\n<p>At\u00e9 o momento foram 112.571 casos confirmados*. Est\u00e3o em acompanhamento** 26.931 casos e s\u00e3o 83.211 casos recuperados***. Est\u00e3o confirmados 2.429 \u00f3bitos. S\u00e3o 13.165 casos de interna\u00e7\u00e3o hospitalar na rede p\u00fablica e privada e a letalidade da doen\u00e7a \u00e9 de 2,1%. A SES-MG refor\u00e7a que o n\u00famero de casos e \u00f3bitos confirmados nas \u00faltimas 24h pode n\u00e3o retratar a ocorr\u00eancia de novos casos no per\u00edodo, mas o total de casos notificados \u00e0 SES\/MG nas \u00faltimas 24h.<\/p>\n\n\n\n<p><strong>*Total de casos confirmados:<\/strong> soma dos casos confirmados, que n\u00e3o evolu\u00edram para \u00f3bito e dos \u00f3bitos confirmados por covid-19.<\/p>\n\n\n\n<p><strong>**Casos em acompanhamento:<\/strong> casos confirmados de covid-19, que n\u00e3o evolu\u00edram para \u00f3bito, cuja condi\u00e7\u00e3o cl\u00ednica permanece sendo acompanhada ou aguarda atualiza\u00e7\u00e3o pelos munic\u00edpios.<\/p>\n\n\n\n<p><strong>***Casos recuperados:<\/strong> casos confirmados de covid-19 que receberam alta hospitalar e\/ou cumpriram isolamento domiciliar de 14 dias sem intercorr\u00eancias.<\/p>\n\n\n\n<p><strong>\u00d3bitos confirmados:<\/strong> \u00f3bitos confirmados para covid-19.<\/p>\n\n\n\n<p><strong>Dos \u00f3bitos notificados (N=4.115):<\/strong> 2.429 foram confirmados, 122 encontram-se em investiga\u00e7\u00e3o e 1.564 foram descartados para covid-19.<\/p>\n\n\n\n<p><strong>Sobre casos suspeitos:<\/strong> conforme nova defini\u00e7\u00e3o de caso preconizada pelo Minist\u00e9rio da Sa\u00fade e Secretaria de Estado de Sa\u00fade de Minas Gerais &#8211; SES, os casos anteriormente definidos como \u201csuspeitos\u201d passam a ser registrados nos sistemas oficiais de notifica\u00e7\u00e3o como S\u00edndrome Gripal Inespec\u00edfica, por n\u00e3o preencherem, em sua integralidade, crit\u00e9rio para investiga\u00e7\u00e3o laboratorial. Esses casos permanecer\u00e3o sob acompanhamento das vigil\u00e2ncias epidemiol\u00f3gicas estadual e municipal, mas deixam de ser tratados como casos suspeitos de covid-19 e passam a ser tratados como s\u00edndromes respirat\u00f3rias de interesse \u00e0 sa\u00fade.<\/p>\n\n\n\n<p><strong>Dados parciais, sujeitos a altera\u00e7\u00f5es. Atualizado em 26\/7\/2020. Fonte: COES MINAS\/COVID-19\/SES-MG.<\/strong><\/p>\n","protected":false},"excerpt":{"rendered":"<p>At\u00e9 o momento foram 112.571 casos confirmados*. Est\u00e3o em acompanhamento** 26.931 casos e s\u00e3o 83.211 casos recuperados***. Est\u00e3o confirmados 2.429 \u00f3bitos. S\u00e3o 13.165 casos de interna\u00e7\u00e3o hospitalar na rede p\u00fablica e privada e a letalidade da doen\u00e7a \u00e9 de 2,1%. A SES-MG refor\u00e7a que o n\u00famero de casos e \u00f3bitos confirmados nas \u00faltimas 24h pode [&hellip;]<\/p>\n","protected":false},"author":1,"featured_media":1988,"comment_status":"open","ping_status":"open","sticky":false,"template":"","format":"standard","meta":{"rop_custom_images_group":[],"rop_custom_messages_group":[],"rop_publish_now":"initial","rop_publish_now_accounts":[],"rop_publish_now_history":[],"rop_publish_now_status":"pending","footnotes":""},"categories":[192],"tags":[729,67,65,91],"class_list":["post-1987","post","type-post","status-publish","format-standard","has-post-thumbnail","hentry","category-covid19","tag-26-07","tag-boletim","tag-covid","tag-minas"],"_links":{"self":[{"href":"https:\/\/diariotribuna.com.br\/index.php?rest_route=\/wp\/v2\/posts\/1987"}],"collection":[{"href":"https:\/\/diariotribuna.com.br\/index.php?rest_route=\/wp\/v2\/posts"}],"about":[{"href":"https:\/\/diariotribuna.com.br\/index.php?rest_route=\/wp\/v2\/types\/post"}],"author":[{"embeddable":true,"href":"https:\/\/diariotribuna.com.br\/index.php?rest_route=\/wp\/v2\/users\/1"}],"replies":[{"embeddable":true,"href":"https:\/\/diariotribuna.com.br\/index.php?rest_route=%2Fwp%2Fv2%2Fcomments&post=1987"}],"version-history":[{"count":1,"href":"https:\/\/diariotribuna.com.br\/index.php?rest_route=\/wp\/v2\/posts\/1987\/revisions"}],"predecessor-version":[{"id":1989,"href":"https:\/\/diariotribuna.com.br\/index.php?rest_route=\/wp\/v2\/posts\/1987\/revisions\/1989"}],"wp:featuredmedia":[{"embeddable":true,"href":"https:\/\/diariotribuna.com.br\/index.php?rest_route=\/wp\/v2\/media\/1988"}],"wp:attachment":[{"href":"https:\/\/diariotribuna.com.br\/index.php?rest_route=%2Fwp%2Fv2%2Fmedia&parent=1987"}],"wp:term":[{"taxonomy":"category","embeddable":true,"href":"https:\/\/diariotribuna.com.br\/index.php?rest_route=%2Fwp%2Fv2%2Fcategories&post=1987"},{"taxonomy":"post_tag","embeddable":true,"href":"https:\/\/diariotribuna.com.br\/index.php?rest_route=%2Fwp%2Fv2%2Ftags&post=1987"}],"curies":[{"name":"wp","href":"https:\/\/api.w.org\/{rel}","templated":true}]}}