{"id":19882,"date":"2023-05-17T11:22:58","date_gmt":"2023-05-17T14:22:58","guid":{"rendered":"https:\/\/diariotribuna.com.br\/?p=19882"},"modified":"2023-05-18T11:07:05","modified_gmt":"2023-05-18T14:07:05","slug":"diario-tribuna-17-de-maio-2023-teofilo-otoni-mg","status":"publish","type":"post","link":"https:\/\/diariotribuna.com.br\/?p=19882","title":{"rendered":"Di\u00e1rio Tribuna, 17 de Maio 2023, Te\u00f3filo Otoni &#8211; MG"},"content":{"rendered":"\n<figure class=\"wp-block-image size-full is-resized is-style-default\"><img loading=\"lazy\" decoding=\"async\" src=\"https:\/\/diariotribuna.com.br\/wp-content\/uploads\/2023\/05\/642dff75-f894-42e8-844c-3d7127eaaa30.jpg\" alt=\"\" class=\"wp-image-19884\" width=\"393\" height=\"560\" srcset=\"https:\/\/diariotribuna.com.br\/wp-content\/uploads\/2023\/05\/642dff75-f894-42e8-844c-3d7127eaaa30.jpg 699w, https:\/\/diariotribuna.com.br\/wp-content\/uploads\/2023\/05\/642dff75-f894-42e8-844c-3d7127eaaa30-210x300.jpg 210w, https:\/\/diariotribuna.com.br\/wp-content\/uploads\/2023\/05\/642dff75-f894-42e8-844c-3d7127eaaa30-696x993.jpg 696w, https:\/\/diariotribuna.com.br\/wp-content\/uploads\/2023\/05\/642dff75-f894-42e8-844c-3d7127eaaa30-294x420.jpg 294w\" sizes=\"(max-width: 393px) 100vw, 393px\" \/><\/figure>\n\n\n\n<h2 class=\"wp-block-heading\"><strong><strong><mark style=\"background-color:rgba(0, 0, 0, 0)\" class=\"has-inline-color has-vivid-red-color\">Acesse o link abaixo e veja a edi\u00e7\u00e3o completa do Di\u00e1rio Tribuna desta quarta-feira (17\/05\/2023)<\/mark><\/strong><\/strong><\/h2>\n\n\n\n<h2 class=\"wp-block-heading\"><a href=\"https:\/\/diariotribuna.com.br\/wp-content\/uploads\/2023\/05\/DIARIO-TRIBUNA-53-ANOS-17-MAIO-2023.pdf\"><strong><mark style=\"background-color:rgba(0, 0, 0, 0)\" class=\"has-inline-color has-vivid-red-color\">https:\/\/diariotribuna.com.br\/wp-content\/uploads\/2023\/05\/DIARIO-TRIBUNA-53-ANOS-17-MAIO-2023.pdf<\/mark><\/strong><\/a><\/h2>\n","protected":false},"excerpt":{"rendered":"<p>Acesse o link abaixo e veja a edi\u00e7\u00e3o completa do Di\u00e1rio Tribuna desta quarta-feira (17\/05\/2023) https:\/\/diariotribuna.com.br\/wp-content\/uploads\/2023\/05\/DIARIO-TRIBUNA-53-ANOS-17-MAIO-2023.pdf<\/p>\n","protected":false},"author":1,"featured_media":19884,"comment_status":"open","ping_status":"open","sticky":false,"template":"","format":"standard","meta":{"rop_custom_images_group":[],"rop_custom_messages_group":[],"rop_publish_now":"initial","rop_publish_now_accounts":[],"rop_publish_now_history":[],"rop_publish_now_status":"pending","footnotes":""},"categories":[17,23],"tags":[5400,42,1010,75,867],"class_list":["post-19882","post","type-post","status-publish","format-standard","has-post-thumbnail","hentry","category-teofilootoni","category-ultimaedicao","tag-17-05-2023","tag-diario-tribuna","tag-nordeste-mineiro","tag-teofilo-otoni","tag-vale-do-mucuri"],"_links":{"self":[{"href":"https:\/\/diariotribuna.com.br\/index.php?rest_route=\/wp\/v2\/posts\/19882"}],"collection":[{"href":"https:\/\/diariotribuna.com.br\/index.php?rest_route=\/wp\/v2\/posts"}],"about":[{"href":"https:\/\/diariotribuna.com.br\/index.php?rest_route=\/wp\/v2\/types\/post"}],"author":[{"embeddable":true,"href":"https:\/\/diariotribuna.com.br\/index.php?rest_route=\/wp\/v2\/users\/1"}],"replies":[{"embeddable":true,"href":"https:\/\/diariotribuna.com.br\/index.php?rest_route=%2Fwp%2Fv2%2Fcomments&post=19882"}],"version-history":[{"count":1,"href":"https:\/\/diariotribuna.com.br\/index.php?rest_route=\/wp\/v2\/posts\/19882\/revisions"}],"predecessor-version":[{"id":19885,"href":"https:\/\/diariotribuna.com.br\/index.php?rest_route=\/wp\/v2\/posts\/19882\/revisions\/19885"}],"wp:featuredmedia":[{"embeddable":true,"href":"https:\/\/diariotribuna.com.br\/index.php?rest_route=\/wp\/v2\/media\/19884"}],"wp:attachment":[{"href":"https:\/\/diariotribuna.com.br\/index.php?rest_route=%2Fwp%2Fv2%2Fmedia&parent=19882"}],"wp:term":[{"taxonomy":"category","embeddable":true,"href":"https:\/\/diariotribuna.com.br\/index.php?rest_route=%2Fwp%2Fv2%2Fcategories&post=19882"},{"taxonomy":"post_tag","embeddable":true,"href":"https:\/\/diariotribuna.com.br\/index.php?rest_route=%2Fwp%2Fv2%2Ftags&post=19882"}],"curies":[{"name":"wp","href":"https:\/\/api.w.org\/{rel}","templated":true}]}}