{"id":19891,"date":"2023-05-18T23:49:24","date_gmt":"2023-05-19T02:49:24","guid":{"rendered":"https:\/\/diariotribuna.com.br\/?p=19891"},"modified":"2023-05-18T23:49:25","modified_gmt":"2023-05-19T02:49:25","slug":"condutor-inabilitado-confessa-ter-usado-cocaina-horas-antes-de-ser-abordado-pela-pm-rodoviaria","status":"publish","type":"post","link":"https:\/\/diariotribuna.com.br\/?p=19891","title":{"rendered":"Condutor inabilitado confessa ter usado coca\u00edna horas antes de ser abordado pela PM Rodovi\u00e1ria"},"content":{"rendered":"\n<figure class=\"wp-block-image size-full is-resized is-style-default\"><img loading=\"lazy\" decoding=\"async\" src=\"https:\/\/diariotribuna.com.br\/wp-content\/uploads\/2023\/05\/da922c05-0e71-48ca-8e29-8437e087ce9d.jpg\" alt=\"\" class=\"wp-image-19892\" width=\"507\" height=\"361\" srcset=\"https:\/\/diariotribuna.com.br\/wp-content\/uploads\/2023\/05\/da922c05-0e71-48ca-8e29-8437e087ce9d.jpg 700w, https:\/\/diariotribuna.com.br\/wp-content\/uploads\/2023\/05\/da922c05-0e71-48ca-8e29-8437e087ce9d-300x213.jpg 300w, https:\/\/diariotribuna.com.br\/wp-content\/uploads\/2023\/05\/da922c05-0e71-48ca-8e29-8437e087ce9d-100x70.jpg 100w, https:\/\/diariotribuna.com.br\/wp-content\/uploads\/2023\/05\/da922c05-0e71-48ca-8e29-8437e087ce9d-696x495.jpg 696w, https:\/\/diariotribuna.com.br\/wp-content\/uploads\/2023\/05\/da922c05-0e71-48ca-8e29-8437e087ce9d-590x420.jpg 590w\" sizes=\"(max-width: 507px) 100vw, 507px\" \/><figcaption class=\"wp-element-caption\"><strong><strong>O sargento \u00c1tila atuou na ocorr\u00eancia<\/strong><\/strong><\/figcaption><\/figure>\n\n\n\n<p>Durante opera\u00e7\u00e3o Rota Segura realizada pela Pol\u00edcia Militar Rodovi\u00e1ria na MG-211, em Novo Cruzeiro, na ter\u00e7a-feira (16\/05), os militares abordaram um autom\u00f3vel, e o condutor alegou que n\u00e3o possu\u00eda carteira de habilita\u00e7\u00e3o. Segundo a PM, a equipe percebeu um nervosismo nele, que apresentava olhos avermelhados e pupilas bastante dilatadas, e foi feita uma vistoria e busca pessoal, sendo encontrado no bolso dele 01 pino pl\u00e1stico com uma subst\u00e2ncia semelhante \u00e0 coca\u00edna.<\/p>\n\n\n\n<p>O condutor foi preso e encaminhado para as medidas relacionadas ao Termo Circunstanciado de Ocorr\u00eancia (TCO). Ele disse que seria usu\u00e1rio de drogas e que aproximadamente 06 horas antes da abordagem, que aconteceu \u00e0s 16h30, teria feito uso de coca\u00edna para n\u00e3o sentir dores ao fazer uma tatuagem.<\/p>\n\n\n\n<p>\u201cEssa ocorr\u00eancia nos deixou muito preocupados, uma vez que estamos falando de um jovem inabilitado conduzindo um autom\u00f3vel em rodovia, aparentemente com sinais de uso de subst\u00e2ncia entorpecente, que ele mesmo afirmou ter usado quando questionado pelos policiais. A condu\u00e7\u00e3o segura de um ve\u00edculo exige a devida habilita\u00e7\u00e3o, concentra\u00e7\u00e3o, boa condi\u00e7\u00e3o f\u00edsica e bastante aten\u00e7\u00e3o ao que se passa, ent\u00e3o bebida alco\u00f3lica e drogas podem transformar o ve\u00edculo em uma arma nas vias p\u00fablicas\u201d lamentou o tenente Reinaldo.<\/p>\n\n\n\n<p>O tenente deixou claro que n\u00e3o estava julgando o motorista dessa ocorr\u00eancia, afinal somente no processo judicial as circunst\u00e2ncias ser\u00e3o esclarecidas, o seu objetivo \u00e9 alertar \u00e0 popula\u00e7\u00e3o quanto aos riscos de conduzir ve\u00edculos sem a devida habilita\u00e7\u00e3o e principalmente misturar com bebida alco\u00f3lica e subst\u00e2ncias entorpecentes. \u201cTemos preocupa\u00e7\u00e3o tanto com os ocupantes dos ve\u00edculos, quanto aos demais usu\u00e1rios das rodovias, inclusive os ciclistas e pedestres, o que exige a\u00e7\u00f5es, opera\u00e7\u00f5es e a participa\u00e7\u00e3o da sociedade\u201d, concluiu. (Informa\u00e7\u00f5es\/Foto: tenente Reinaldo Martins, comandante do 1\u00ba Pelot\u00e3o da 15\u00aa Cia PM Rv).<\/p>\n","protected":false},"excerpt":{"rendered":"<p>Durante opera\u00e7\u00e3o Rota Segura realizada pela Pol\u00edcia Militar Rodovi\u00e1ria na MG-211, em Novo Cruzeiro, na ter\u00e7a-feira (16\/05), os militares abordaram um autom\u00f3vel, e o condutor alegou que n\u00e3o possu\u00eda carteira de habilita\u00e7\u00e3o. Segundo a PM, a equipe percebeu um nervosismo nele, que apresentava olhos avermelhados e pupilas bastante dilatadas, e foi feita uma vistoria e [&hellip;]<\/p>\n","protected":false},"author":1,"featured_media":19892,"comment_status":"open","ping_status":"open","sticky":false,"template":"","format":"standard","meta":{"rop_custom_images_group":[],"rop_custom_messages_group":[],"rop_publish_now":"initial","rop_publish_now_accounts":[],"rop_publish_now_history":[],"rop_publish_now_status":"pending","footnotes":""},"categories":[25,20],"tags":[5403,5404,5402,149,1030],"class_list":["post-19891","post","type-post","status-publish","format-standard","has-post-thumbnail","hentry","category-destaque","category-policia","tag-condutor-inalibitado","tag-drogado","tag-mg211","tag-novo-cruzeiro","tag-policia-militar-rodoviaria"],"_links":{"self":[{"href":"https:\/\/diariotribuna.com.br\/index.php?rest_route=\/wp\/v2\/posts\/19891"}],"collection":[{"href":"https:\/\/diariotribuna.com.br\/index.php?rest_route=\/wp\/v2\/posts"}],"about":[{"href":"https:\/\/diariotribuna.com.br\/index.php?rest_route=\/wp\/v2\/types\/post"}],"author":[{"embeddable":true,"href":"https:\/\/diariotribuna.com.br\/index.php?rest_route=\/wp\/v2\/users\/1"}],"replies":[{"embeddable":true,"href":"https:\/\/diariotribuna.com.br\/index.php?rest_route=%2Fwp%2Fv2%2Fcomments&post=19891"}],"version-history":[{"count":1,"href":"https:\/\/diariotribuna.com.br\/index.php?rest_route=\/wp\/v2\/posts\/19891\/revisions"}],"predecessor-version":[{"id":19893,"href":"https:\/\/diariotribuna.com.br\/index.php?rest_route=\/wp\/v2\/posts\/19891\/revisions\/19893"}],"wp:featuredmedia":[{"embeddable":true,"href":"https:\/\/diariotribuna.com.br\/index.php?rest_route=\/wp\/v2\/media\/19892"}],"wp:attachment":[{"href":"https:\/\/diariotribuna.com.br\/index.php?rest_route=%2Fwp%2Fv2%2Fmedia&parent=19891"}],"wp:term":[{"taxonomy":"category","embeddable":true,"href":"https:\/\/diariotribuna.com.br\/index.php?rest_route=%2Fwp%2Fv2%2Fcategories&post=19891"},{"taxonomy":"post_tag","embeddable":true,"href":"https:\/\/diariotribuna.com.br\/index.php?rest_route=%2Fwp%2Fv2%2Ftags&post=19891"}],"curies":[{"name":"wp","href":"https:\/\/api.w.org\/{rel}","templated":true}]}}