{"id":19898,"date":"2023-05-19T17:17:20","date_gmt":"2023-05-19T20:17:20","guid":{"rendered":"https:\/\/diariotribuna.com.br\/?p=19898"},"modified":"2023-05-21T23:59:16","modified_gmt":"2023-05-22T02:59:16","slug":"instituto-cultural-in-cena-informa-tem-cineclube-chegando","status":"publish","type":"post","link":"https:\/\/diariotribuna.com.br\/?p=19898","title":{"rendered":"Instituto Cultural In-Cena informa: \u201cTem Cineclube chegando\u201d"},"content":{"rendered":"\n<figure class=\"wp-block-image size-full is-resized is-style-default\"><img loading=\"lazy\" decoding=\"async\" src=\"https:\/\/diariotribuna.com.br\/wp-content\/uploads\/2023\/05\/download.jpg\" alt=\"\" class=\"wp-image-19899\" width=\"421\" height=\"252\" srcset=\"https:\/\/diariotribuna.com.br\/wp-content\/uploads\/2023\/05\/download.jpg 579w, https:\/\/diariotribuna.com.br\/wp-content\/uploads\/2023\/05\/download-300x179.jpg 300w\" sizes=\"(max-width: 421px) 100vw, 421px\" \/><\/figure>\n\n\n\n<p><strong>Ser\u00e1 do domingo, dia 21 de maio, \u00e0s 14h, no Instituto In-Cena.<\/strong> Na semana que marca o Dia Internacional da Luta contra a LGBTQIAPN+fobia, o Instituto In-Cena junto ao Coletivo LGBtudo promovem um cineclube como espa\u00e7o para reflex\u00e3o e debate sobre todas as formas de discrimina\u00e7\u00e3o com a comunidade LGBT de nossa regi\u00e3o.<\/p>\n\n\n\n<p>O Cineclube \u00e9 uma a\u00e7\u00e3o do Cine Pojich\u00e1, Festival de Cinema dos Vales do Mucuri e Jequitinhonha, que neste ano segue para a sua oitava edi\u00e7\u00e3o. Filme: The Normal Heart. Dire\u00e7\u00e3o: Ryan Murphy, 2014.<\/p>\n\n\n\n<p>1981. Uma doen\u00e7a misteriosa se alastra pelos Estados Unidos, com alto grau de mortalidade: cerca de 50% dos infectados acabam falecendo. Como a imensa maioria \u00e9 homossexual, ela logo \u00e9 apelidada de &#8220;c\u00e2ncer gay&#8221; e, por preconceito, n\u00e3o recebe a devida aten\u00e7\u00e3o do governo norte-americano. <strong>Entrada Gratuita<\/strong>. (Informa\u00e7\u00f5es: Bruny Murucci, Instituto Cultural In-Cena).<\/p>\n\n\n\n<figure class=\"wp-block-image size-full is-resized is-style-default\"><img loading=\"lazy\" decoding=\"async\" src=\"https:\/\/diariotribuna.com.br\/wp-content\/uploads\/2023\/05\/2e893f98-5f38-411d-9387-a2d65aeac796.jpg\" alt=\"\" class=\"wp-image-19900\" width=\"688\" height=\"517\" srcset=\"https:\/\/diariotribuna.com.br\/wp-content\/uploads\/2023\/05\/2e893f98-5f38-411d-9387-a2d65aeac796.jpg 700w, https:\/\/diariotribuna.com.br\/wp-content\/uploads\/2023\/05\/2e893f98-5f38-411d-9387-a2d65aeac796-300x225.jpg 300w, https:\/\/diariotribuna.com.br\/wp-content\/uploads\/2023\/05\/2e893f98-5f38-411d-9387-a2d65aeac796-80x60.jpg 80w, https:\/\/diariotribuna.com.br\/wp-content\/uploads\/2023\/05\/2e893f98-5f38-411d-9387-a2d65aeac796-265x198.jpg 265w, https:\/\/diariotribuna.com.br\/wp-content\/uploads\/2023\/05\/2e893f98-5f38-411d-9387-a2d65aeac796-696x522.jpg 696w, https:\/\/diariotribuna.com.br\/wp-content\/uploads\/2023\/05\/2e893f98-5f38-411d-9387-a2d65aeac796-560x420.jpg 560w\" sizes=\"(max-width: 688px) 100vw, 688px\" \/><\/figure>\n","protected":false},"excerpt":{"rendered":"<p>Ser\u00e1 do domingo, dia 21 de maio, \u00e0s 14h, no Instituto In-Cena. Na semana que marca o Dia Internacional da Luta contra a LGBTQIAPN+fobia, o Instituto In-Cena junto ao Coletivo LGBtudo promovem um cineclube como espa\u00e7o para reflex\u00e3o e debate sobre todas as formas de discrimina\u00e7\u00e3o com a comunidade LGBT de nossa regi\u00e3o. O Cineclube [&hellip;]<\/p>\n","protected":false},"author":1,"featured_media":19899,"comment_status":"open","ping_status":"open","sticky":false,"template":"","format":"standard","meta":{"rop_custom_images_group":[],"rop_custom_messages_group":[],"rop_publish_now":"initial","rop_publish_now_accounts":[],"rop_publish_now_history":[],"rop_publish_now_status":"pending","footnotes":""},"categories":[17],"tags":[5406,2856,75],"class_list":["post-19898","post","type-post","status-publish","format-standard","has-post-thumbnail","hentry","category-teofilootoni","tag-cineclube","tag-in-cena","tag-teofilo-otoni"],"_links":{"self":[{"href":"https:\/\/diariotribuna.com.br\/index.php?rest_route=\/wp\/v2\/posts\/19898"}],"collection":[{"href":"https:\/\/diariotribuna.com.br\/index.php?rest_route=\/wp\/v2\/posts"}],"about":[{"href":"https:\/\/diariotribuna.com.br\/index.php?rest_route=\/wp\/v2\/types\/post"}],"author":[{"embeddable":true,"href":"https:\/\/diariotribuna.com.br\/index.php?rest_route=\/wp\/v2\/users\/1"}],"replies":[{"embeddable":true,"href":"https:\/\/diariotribuna.com.br\/index.php?rest_route=%2Fwp%2Fv2%2Fcomments&post=19898"}],"version-history":[{"count":2,"href":"https:\/\/diariotribuna.com.br\/index.php?rest_route=\/wp\/v2\/posts\/19898\/revisions"}],"predecessor-version":[{"id":19902,"href":"https:\/\/diariotribuna.com.br\/index.php?rest_route=\/wp\/v2\/posts\/19898\/revisions\/19902"}],"wp:featuredmedia":[{"embeddable":true,"href":"https:\/\/diariotribuna.com.br\/index.php?rest_route=\/wp\/v2\/media\/19899"}],"wp:attachment":[{"href":"https:\/\/diariotribuna.com.br\/index.php?rest_route=%2Fwp%2Fv2%2Fmedia&parent=19898"}],"wp:term":[{"taxonomy":"category","embeddable":true,"href":"https:\/\/diariotribuna.com.br\/index.php?rest_route=%2Fwp%2Fv2%2Fcategories&post=19898"},{"taxonomy":"post_tag","embeddable":true,"href":"https:\/\/diariotribuna.com.br\/index.php?rest_route=%2Fwp%2Fv2%2Ftags&post=19898"}],"curies":[{"name":"wp","href":"https:\/\/api.w.org\/{rel}","templated":true}]}}