{"id":1990,"date":"2020-07-27T00:38:58","date_gmt":"2020-07-27T03:38:58","guid":{"rendered":"https:\/\/diariotribuna.com.br\/?p=1990"},"modified":"2020-07-27T00:38:59","modified_gmt":"2020-07-27T03:38:59","slug":"bh-tem-primeira-morte-de-profissional-de-saude-por-covid-19","status":"publish","type":"post","link":"https:\/\/diariotribuna.com.br\/?p=1990","title":{"rendered":"BH tem primeira morte de profissional de sa\u00fade por COVID-19"},"content":{"rendered":"\n<p>T\u00e9cnico de enfermagem da UPA Barreiro, Ger\u00f4nimo Batista Pires estava internado h\u00e1 tr\u00eas semanas na UTI do Hospital J\u00falia Kubitschek, na mesma regi\u00e3o da cidade<\/p>\n\n\n\n<figure class=\"wp-block-image size-large is-resized\"><img loading=\"lazy\" decoding=\"async\" src=\"https:\/\/diariotribuna.com.br\/wp-content\/uploads\/2020\/07\/20200726204821250612u.jpg\" alt=\"\" class=\"wp-image-1992\" width=\"457\" height=\"231\" srcset=\"https:\/\/diariotribuna.com.br\/wp-content\/uploads\/2020\/07\/20200726204821250612u.jpg 675w, https:\/\/diariotribuna.com.br\/wp-content\/uploads\/2020\/07\/20200726204821250612u-300x152.jpg 300w\" sizes=\"(max-width: 457px) 100vw, 457px\" \/><figcaption><strong>Ger\u00f4nimo Batista Pires prestava servi\u00e7o \u00e0 UPA Barreiro<small>(foto: Bernardo Dias\/C\u00e2mara de BH e reprodu\u00e7\u00e3o\/Facebook)<\/small><\/strong><\/figcaption><\/figure>\n\n\n\n<p>Morreu na madrugada deste domingo (26\/07), por Covid-19, Ger\u00f4nimo Batista Pires, o primeiro profissional de\u00a0<strong>sa\u00fade\u00a0<\/strong>do SUS-BH a perder a vida para a pandemia. Ele estava internado no Hospital J\u00falia Kubitschek, no Barreiro, em BH.<\/p>\n\n\n\n<p>De acordo com o primeiro-secret\u00e1rio do Sindicato dos Servidores P\u00fablicos Municipais de Belo Horizonte (Sindibel) e membro do Conselho Municipal de Sa\u00fade de Belo Horizonte (CMS-BH), Bruno Pedralva, o&nbsp;<strong>t\u00e9cnico&nbsp;<\/strong>de enfermagem trabalhava na Unidade de Pronto-Atendimento (UPA) Barreiro.<\/p>\n\n\n\n<p>\u201cNosso t\u00e9cnico de enfermagem da UPA Barreiro e do SUS-BH lutou por mais de tr\u00eas semanas no CTI. Lutou como um toro, com garra \u2013 como sempre trabalhou. Mas, faleceu h\u00e1 exatas quatro semanas ap\u00f3s um&nbsp;<strong>plant\u00e3o&nbsp;<\/strong>ca\u00f3tico num domingo, quando mais de oito pacientes aguardavam CTI por mais de 12h, com apenas dois respiradores mec\u00e2nicos e uma sala de emerg\u00eancia com apenas seis leitos\u201d, escreveu Pedralva na rede social Facebook.<\/p>\n\n\n\n<p>\u201cEstive com ele nesse plant\u00e3o: ele e seus EPIs derretiam com seu esfor\u00e7o e seu suor para\u00a0<strong>cuidar\u00a0<\/strong>dos pacientes\u201d, completou o m\u00e9dico.<\/p>\n\n\n\n<p>Em nota, o secret\u00e1rio municipal de Sa\u00fade, Jackson Machado Pinto, manifestou \u201co mais profundo sentimento de&nbsp;<strong>pesar<\/strong>&nbsp;pelo falecimento\u201d.<\/p>\n\n\n\n<p>\u201cSeu empenho e dedica\u00e7\u00e3o ser\u00e3o sempre lembrados por todos os amigos e colegas. Aos familiares, amigos e colegas de trabalho, externamos nossos votos de paz e solidariedade\u201d, completou o titular da Sa\u00fade municipal.<\/p>\n\n\n\n<h3 class=\"wp-block-heading\"><strong>N\u00fameros&nbsp;<\/strong><\/h3>\n\n\n\n<p>At\u00e9 o mais recente boletim epidemiol\u00f3gico, divulgado pela prefeitura na sexta-feira (24), Belo Horizonte registra 777 casos confirmados de COVID-19. Outros 463 diagn\u00f3sticos estavam em investiga\u00e7\u00e3o.<\/p>\n\n\n\n<p>A cidade como um todo, conforme boletim da Secretaria de Estado de Sa\u00fade divulgado neste domingo (26), computa 16.778 casos confirmados e 459 mortes por COVID-19.\u00a0<\/p>\n\n\n\n<p>Dos quase 800 diagn\u00f3sticos da doen\u00e7a entre servidores do SUS-BH, a prefeitura informa a categoria profissional de 294. Nesse universo, 128 (43,5%) s\u00e3o t\u00e9cnicos de enfermagem, como Ger\u00f4nimo Batista Pires. (Fonte: Estado de Minas)<\/p>\n\n\n\n<p><strong>O corpo de Ger\u00f4nimo ser\u00e1 velado em Te\u00f3filo Otoni, onde reside sua fam\u00edlia.\u00a0<\/strong><\/p>\n","protected":false},"excerpt":{"rendered":"<p>T\u00e9cnico de enfermagem da UPA Barreiro, Ger\u00f4nimo Batista Pires estava internado h\u00e1 tr\u00eas semanas na UTI do Hospital J\u00falia Kubitschek, na mesma regi\u00e3o da cidade Morreu na madrugada deste domingo (26\/07), por Covid-19, Ger\u00f4nimo Batista Pires, o primeiro profissional de\u00a0sa\u00fade\u00a0do SUS-BH a perder a vida para a pandemia. Ele estava internado no Hospital J\u00falia Kubitschek, [&hellip;]<\/p>\n","protected":false},"author":1,"featured_media":1992,"comment_status":"open","ping_status":"open","sticky":false,"template":"","format":"standard","meta":{"rop_custom_images_group":[],"rop_custom_messages_group":[],"rop_publish_now":"initial","rop_publish_now_accounts":[],"rop_publish_now_history":[],"rop_publish_now_status":"pending","footnotes":""},"categories":[192],"tags":[732,65,730,731],"class_list":["post-1990","post","type-post","status-publish","format-standard","has-post-thumbnail","hentry","category-covid19","tag-bh","tag-covid","tag-morte-de-geronimo-batista-pires","tag-upa-barreiro"],"_links":{"self":[{"href":"https:\/\/diariotribuna.com.br\/index.php?rest_route=\/wp\/v2\/posts\/1990"}],"collection":[{"href":"https:\/\/diariotribuna.com.br\/index.php?rest_route=\/wp\/v2\/posts"}],"about":[{"href":"https:\/\/diariotribuna.com.br\/index.php?rest_route=\/wp\/v2\/types\/post"}],"author":[{"embeddable":true,"href":"https:\/\/diariotribuna.com.br\/index.php?rest_route=\/wp\/v2\/users\/1"}],"replies":[{"embeddable":true,"href":"https:\/\/diariotribuna.com.br\/index.php?rest_route=%2Fwp%2Fv2%2Fcomments&post=1990"}],"version-history":[{"count":1,"href":"https:\/\/diariotribuna.com.br\/index.php?rest_route=\/wp\/v2\/posts\/1990\/revisions"}],"predecessor-version":[{"id":1993,"href":"https:\/\/diariotribuna.com.br\/index.php?rest_route=\/wp\/v2\/posts\/1990\/revisions\/1993"}],"wp:featuredmedia":[{"embeddable":true,"href":"https:\/\/diariotribuna.com.br\/index.php?rest_route=\/wp\/v2\/media\/1992"}],"wp:attachment":[{"href":"https:\/\/diariotribuna.com.br\/index.php?rest_route=%2Fwp%2Fv2%2Fmedia&parent=1990"}],"wp:term":[{"taxonomy":"category","embeddable":true,"href":"https:\/\/diariotribuna.com.br\/index.php?rest_route=%2Fwp%2Fv2%2Fcategories&post=1990"},{"taxonomy":"post_tag","embeddable":true,"href":"https:\/\/diariotribuna.com.br\/index.php?rest_route=%2Fwp%2Fv2%2Ftags&post=1990"}],"curies":[{"name":"wp","href":"https:\/\/api.w.org\/{rel}","templated":true}]}}