{"id":19903,"date":"2023-05-19T19:09:39","date_gmt":"2023-05-19T22:09:39","guid":{"rendered":"https:\/\/diariotribuna.com.br\/?p=19903"},"modified":"2023-05-19T19:09:41","modified_gmt":"2023-05-19T22:09:41","slug":"policia-civil-deflagra-a-operacao-break-down-em-itaobim","status":"publish","type":"post","link":"https:\/\/diariotribuna.com.br\/?p=19903","title":{"rendered":"Pol\u00edcia Civil deflagra a opera\u00e7\u00e3o Break Down em Itaobim"},"content":{"rendered":"\n<h3 class=\"wp-block-heading\"><strong>Foram recuperados ve\u00edculo furtado e pe\u00e7as de ve\u00edculo roubado, em Belo Horizonte<\/strong><\/h3>\n\n\n\n<figure class=\"wp-block-image size-full is-resized is-style-default\"><img loading=\"lazy\" decoding=\"async\" src=\"https:\/\/diariotribuna.com.br\/wp-content\/uploads\/2023\/05\/982d8ef0-f725-4caf-b188-bc505332430d.jpg\" alt=\"\" class=\"wp-image-19904\" width=\"569\" height=\"356\" srcset=\"https:\/\/diariotribuna.com.br\/wp-content\/uploads\/2023\/05\/982d8ef0-f725-4caf-b188-bc505332430d.jpg 700w, https:\/\/diariotribuna.com.br\/wp-content\/uploads\/2023\/05\/982d8ef0-f725-4caf-b188-bc505332430d-300x187.jpg 300w, https:\/\/diariotribuna.com.br\/wp-content\/uploads\/2023\/05\/982d8ef0-f725-4caf-b188-bc505332430d-696x435.jpg 696w, https:\/\/diariotribuna.com.br\/wp-content\/uploads\/2023\/05\/982d8ef0-f725-4caf-b188-bc505332430d-673x420.jpg 673w\" sizes=\"(max-width: 569px) 100vw, 569px\" \/><\/figure>\n\n\n\n<p>A Pol\u00edcia Civil de Minas Gerais, por meio da delegacia de Medina, com apoio da delegacia de Itaobim e da Divis\u00e3o Especializada em Preven\u00e7\u00e3o e Investiga\u00e7\u00e3o a Furto e Roubo de Ve\u00edculos Automotores (DEICTRAN), deflagrou, na sexta-feira (19\/05), a opera\u00e7\u00e3o <em>&#8220;Break Down&#8221;<\/em>, com vistas \u00e0 repress\u00e3o ao furto, roubo, recepta\u00e7\u00e3o, adultera\u00e7\u00e3o e desmanche de ve\u00edculos automotores, tendo sido cumpridos mandados de busca e apreens\u00e3o em Itaobim, na regi\u00e3o do Jequitinhonha.<\/p>\n\n\n\n<p>Em uma resid\u00eancia foram apreendidas diversas pe\u00e7as que foram identificadas como componentes de um ve\u00edculo GM\/Prisma roubado em Belo Horizonte, no Bairro Candel\u00e1ria, no dia 13\/01\/23. J\u00e1 em outra resid\u00eancia foi recuperado um ve\u00edculo Fiat\/Idea furtado em Belo Horizonte, no Bairro Padre Eust\u00e1quio, no dia 22\/05\/22, ostentando placas falsas (clonado).<\/p>\n\n\n\n<p>Segundo o delegado titular de Medina, dr. Thiago de Carvalho Passos, as investiga\u00e7\u00f5es, que j\u00e1 duram tr\u00eas meses, prosseguem com vistas \u00e0 completa elucida\u00e7\u00e3o dos fatos e responsabiliza\u00e7\u00e3o penal dos envolvidos. O nome da opera\u00e7\u00e3o \u2013 <em>Break Down<\/em>, em ingl\u00eas, significa \u201cdesmembrar\u201d. O principal alvo da opera\u00e7\u00e3o n\u00e3o foi localizado em sua resid\u00eancia. (Informa\u00e7\u00f5es\/Fotos: dr. Thiago Passos).<\/p>\n\n\n\n<figure class=\"wp-block-gallery has-nested-images columns-default is-cropped wp-block-gallery-1 is-layout-flex wp-block-gallery-is-layout-flex\">\n<figure class=\"wp-block-image size-large is-style-default\"><img loading=\"lazy\" decoding=\"async\" width=\"550\" height=\"349\" data-id=\"19906\" src=\"https:\/\/diariotribuna.com.br\/wp-content\/uploads\/2023\/05\/b73b7c9e-5bf9-464a-a89e-c12ee9480abc.jpg\" alt=\"\" class=\"wp-image-19906\" srcset=\"https:\/\/diariotribuna.com.br\/wp-content\/uploads\/2023\/05\/b73b7c9e-5bf9-464a-a89e-c12ee9480abc.jpg 550w, https:\/\/diariotribuna.com.br\/wp-content\/uploads\/2023\/05\/b73b7c9e-5bf9-464a-a89e-c12ee9480abc-300x190.jpg 300w\" sizes=\"(max-width: 550px) 100vw, 550px\" \/><\/figure>\n\n\n\n<figure class=\"wp-block-image size-large is-style-default\"><img loading=\"lazy\" decoding=\"async\" width=\"700\" height=\"401\" data-id=\"19905\" src=\"https:\/\/diariotribuna.com.br\/wp-content\/uploads\/2023\/05\/764b09ef-0b02-4cf6-a307-2356cff3377e.jpg\" alt=\"\" class=\"wp-image-19905\" srcset=\"https:\/\/diariotribuna.com.br\/wp-content\/uploads\/2023\/05\/764b09ef-0b02-4cf6-a307-2356cff3377e.jpg 700w, https:\/\/diariotribuna.com.br\/wp-content\/uploads\/2023\/05\/764b09ef-0b02-4cf6-a307-2356cff3377e-300x172.jpg 300w, https:\/\/diariotribuna.com.br\/wp-content\/uploads\/2023\/05\/764b09ef-0b02-4cf6-a307-2356cff3377e-696x399.jpg 696w\" sizes=\"(max-width: 700px) 100vw, 700px\" \/><\/figure>\n<\/figure>\n\n\n\n<pre class=\"wp-block-verse\"><strong>Pol\u00edcia Civil de Minas Gerais: \u201cMais pr\u00f3xima de voc\u00ea\u201d<\/strong><\/pre>\n\n\n\n<p><strong>Instagram:<\/strong> @pcmg.oficial<\/p>\n\n\n\n<p><strong>Facebook:<\/strong> @pcmgoficial<\/p>\n\n\n\n<p><strong>Twitter:<\/strong> @pcmgoficial<\/p>\n\n\n\n<p><strong>YouTube:<\/strong> @pcmgoficial<\/p>\n\n\n\n<p><strong><a href=\"http:\/\/www.policiacivil.mg.gov.br\">www.policiacivil.mg.gov.br<\/a><\/strong><\/p>\n","protected":false},"excerpt":{"rendered":"<p>Foram recuperados ve\u00edculo furtado e pe\u00e7as de ve\u00edculo roubado, em Belo Horizonte A Pol\u00edcia Civil de Minas Gerais, por meio da delegacia de Medina, com apoio da delegacia de Itaobim e da Divis\u00e3o Especializada em Preven\u00e7\u00e3o e Investiga\u00e7\u00e3o a Furto e Roubo de Ve\u00edculos Automotores (DEICTRAN), deflagrou, na sexta-feira (19\/05), a opera\u00e7\u00e3o &#8220;Break Down&#8221;, com [&hellip;]<\/p>\n","protected":false},"author":1,"featured_media":19904,"comment_status":"open","ping_status":"open","sticky":false,"template":"","format":"standard","meta":{"rop_custom_images_group":[],"rop_custom_messages_group":[],"rop_publish_now":"initial","rop_publish_now_accounts":[],"rop_publish_now_history":[],"rop_publish_now_status":"pending","footnotes":""},"categories":[25,20],"tags":[79,5407,292,5408],"class_list":["post-19903","post","type-post","status-publish","format-standard","has-post-thumbnail","hentry","category-destaque","category-policia","tag-medina","tag-operacao-break-down","tag-policia-civil","tag-veiculos-roubado-e-furtado"],"_links":{"self":[{"href":"https:\/\/diariotribuna.com.br\/index.php?rest_route=\/wp\/v2\/posts\/19903"}],"collection":[{"href":"https:\/\/diariotribuna.com.br\/index.php?rest_route=\/wp\/v2\/posts"}],"about":[{"href":"https:\/\/diariotribuna.com.br\/index.php?rest_route=\/wp\/v2\/types\/post"}],"author":[{"embeddable":true,"href":"https:\/\/diariotribuna.com.br\/index.php?rest_route=\/wp\/v2\/users\/1"}],"replies":[{"embeddable":true,"href":"https:\/\/diariotribuna.com.br\/index.php?rest_route=%2Fwp%2Fv2%2Fcomments&post=19903"}],"version-history":[{"count":1,"href":"https:\/\/diariotribuna.com.br\/index.php?rest_route=\/wp\/v2\/posts\/19903\/revisions"}],"predecessor-version":[{"id":19907,"href":"https:\/\/diariotribuna.com.br\/index.php?rest_route=\/wp\/v2\/posts\/19903\/revisions\/19907"}],"wp:featuredmedia":[{"embeddable":true,"href":"https:\/\/diariotribuna.com.br\/index.php?rest_route=\/wp\/v2\/media\/19904"}],"wp:attachment":[{"href":"https:\/\/diariotribuna.com.br\/index.php?rest_route=%2Fwp%2Fv2%2Fmedia&parent=19903"}],"wp:term":[{"taxonomy":"category","embeddable":true,"href":"https:\/\/diariotribuna.com.br\/index.php?rest_route=%2Fwp%2Fv2%2Fcategories&post=19903"},{"taxonomy":"post_tag","embeddable":true,"href":"https:\/\/diariotribuna.com.br\/index.php?rest_route=%2Fwp%2Fv2%2Ftags&post=19903"}],"curies":[{"name":"wp","href":"https:\/\/api.w.org\/{rel}","templated":true}]}}