{"id":1997,"date":"2020-07-28T00:48:35","date_gmt":"2020-07-28T03:48:35","guid":{"rendered":"https:\/\/diariotribuna.com.br\/?p=1997"},"modified":"2020-07-28T00:48:37","modified_gmt":"2020-07-28T03:48:37","slug":"caminhao-perde-o-controle-roda-na-pista-e-colide-contra-barranco-na-mgc-418","status":"publish","type":"post","link":"https:\/\/diariotribuna.com.br\/?p=1997","title":{"rendered":"Caminh\u00e3o perde o controle, roda na pista e colide contra barranco na MGC 418"},"content":{"rendered":"\n<figure class=\"wp-block-gallery columns-2 is-cropped wp-block-gallery-1 is-layout-flex wp-block-gallery-is-layout-flex\"><ul class=\"blocks-gallery-grid\"><li class=\"blocks-gallery-item\"><figure><img loading=\"lazy\" decoding=\"async\" width=\"700\" height=\"525\" src=\"https:\/\/diariotribuna.com.br\/wp-content\/uploads\/2020\/07\/0f22e1b9-8272-46a0-aef9-332362383491.jpg\" alt=\"\" data-id=\"1998\" data-full-url=\"https:\/\/diariotribuna.com.br\/wp-content\/uploads\/2020\/07\/0f22e1b9-8272-46a0-aef9-332362383491.jpg\" data-link=\"https:\/\/diariotribuna.com.br\/?attachment_id=1998\" class=\"wp-image-1998\" srcset=\"https:\/\/diariotribuna.com.br\/wp-content\/uploads\/2020\/07\/0f22e1b9-8272-46a0-aef9-332362383491.jpg 700w, https:\/\/diariotribuna.com.br\/wp-content\/uploads\/2020\/07\/0f22e1b9-8272-46a0-aef9-332362383491-300x225.jpg 300w, https:\/\/diariotribuna.com.br\/wp-content\/uploads\/2020\/07\/0f22e1b9-8272-46a0-aef9-332362383491-80x60.jpg 80w, https:\/\/diariotribuna.com.br\/wp-content\/uploads\/2020\/07\/0f22e1b9-8272-46a0-aef9-332362383491-265x198.jpg 265w, https:\/\/diariotribuna.com.br\/wp-content\/uploads\/2020\/07\/0f22e1b9-8272-46a0-aef9-332362383491-696x522.jpg 696w, https:\/\/diariotribuna.com.br\/wp-content\/uploads\/2020\/07\/0f22e1b9-8272-46a0-aef9-332362383491-560x420.jpg 560w\" sizes=\"(max-width: 700px) 100vw, 700px\" \/><\/figure><\/li><li class=\"blocks-gallery-item\"><figure><img loading=\"lazy\" decoding=\"async\" width=\"700\" height=\"525\" src=\"https:\/\/diariotribuna.com.br\/wp-content\/uploads\/2020\/07\/a05397d9-9deb-44cf-b9e5-7de9b2396bc6.jpg\" alt=\"\" data-id=\"1999\" data-full-url=\"https:\/\/diariotribuna.com.br\/wp-content\/uploads\/2020\/07\/a05397d9-9deb-44cf-b9e5-7de9b2396bc6.jpg\" data-link=\"https:\/\/diariotribuna.com.br\/?attachment_id=1999\" class=\"wp-image-1999\" srcset=\"https:\/\/diariotribuna.com.br\/wp-content\/uploads\/2020\/07\/a05397d9-9deb-44cf-b9e5-7de9b2396bc6.jpg 700w, https:\/\/diariotribuna.com.br\/wp-content\/uploads\/2020\/07\/a05397d9-9deb-44cf-b9e5-7de9b2396bc6-300x225.jpg 300w, https:\/\/diariotribuna.com.br\/wp-content\/uploads\/2020\/07\/a05397d9-9deb-44cf-b9e5-7de9b2396bc6-80x60.jpg 80w, https:\/\/diariotribuna.com.br\/wp-content\/uploads\/2020\/07\/a05397d9-9deb-44cf-b9e5-7de9b2396bc6-265x198.jpg 265w, https:\/\/diariotribuna.com.br\/wp-content\/uploads\/2020\/07\/a05397d9-9deb-44cf-b9e5-7de9b2396bc6-696x522.jpg 696w, https:\/\/diariotribuna.com.br\/wp-content\/uploads\/2020\/07\/a05397d9-9deb-44cf-b9e5-7de9b2396bc6-560x420.jpg 560w\" sizes=\"(max-width: 700px) 100vw, 700px\" \/><\/figure><\/li><\/ul><\/figure>\n\n\n\n<p>A Pol\u00edcia Militar Rodovi\u00e1ria registrou um acidente de tr\u00e2nsito, na sexta-feira (24\/07), envolvendo caminh\u00e3o na MGC 418, km 162, rodovia que liga a cidade de Te\u00f3filo Otoni a Nanuque, proximidades no antigo \u201cCaldo de Cana\u201d. Conforme vers\u00e3o apresentada pelo motorista do ve\u00edculo que transportava ossos e aparas de animais, durante o trajeto sentido a Te\u00f3filo Otoni, ao passar em um trecho da pista bastante liso e irregular, perdeu o controle direcional, cruzou a pista contr\u00e1ria e ap\u00f3s retornar, rodou, colidiu contra o barranco e parou no sentido contr\u00e1rio da via.<\/p>\n\n\n\n<p>O tenente Reinaldo Martins, comandante do 1\u00ba Pelot\u00e3o da 15\u00aa Cia PM Rodovi\u00e1ria, disse que, diante do risco de novo acidente na curva a pista foi devidamente sinalizada nos dois sentidos at\u00e9 a chegada do guincho que fez a remo\u00e7\u00e3o do caminh\u00e3o danificado. \u201cVale salientar que estamos passando por um per\u00edodo chuvoso, o que pode ter contribu\u00eddo com o acidente, uma vez que a pavimenta\u00e7\u00e3o apresenta-se escorregadia e consequentemente reduz a ader\u00eancia dos pneus com o solo\u201d, disse.<\/p>\n\n\n\n<p>O oficial solicita aos condutores de ve\u00edculos cuidados redobrados enquanto perdurar as chuvas e nevoeiro na nossa regi\u00e3o. Destaca que a dire\u00e7\u00e3o defensiva \u00e9 sem d\u00favida a melhor forma de evitar acidentes de tr\u00e2nsito, com respeito \u00e0s normas b\u00e1sicas de preven\u00e7\u00e3o. \u201cEstamos vivenciando um momento de pandemia e \u00e0s v\u00edtimas de acidentes podem ser um complicador nos hospitais, que necessitam de muitos recursos humanos e log\u00edsticos para fazer frente ao problema. Evitando acidentes estaremos diminuindo o fluxo de pessoas nas institui\u00e7\u00f5es de sa\u00fade, reduzindo o contato e os gastos\u201d, alertou o militar.<\/p>\n\n\n\n<p>Tenente Reinaldo assegura que a Pol\u00edcia Militar Rodovi\u00e1ria continuar\u00e1 com as a\u00e7\u00f5es e opera\u00e7\u00f5es e renova o convite para um trabalho conjunto com a popula\u00e7\u00e3o, que pode ajudar dirigindo com responsabilidade. \u201cPol\u00edcia Militar Rodovi\u00e1ria: Os anjos da guarda dos caminhos de Minas\u201d. (Tenente Reinaldo Martins\/ Comandante do 1\u00ba Pel\/15\u00aa Cia PM Rv).<\/p>\n","protected":false},"excerpt":{"rendered":"<p>A Pol\u00edcia Militar Rodovi\u00e1ria registrou um acidente de tr\u00e2nsito, na sexta-feira (24\/07), envolvendo caminh\u00e3o na MGC 418, km 162, rodovia que liga a cidade de Te\u00f3filo Otoni a Nanuque, proximidades no antigo \u201cCaldo de Cana\u201d. Conforme vers\u00e3o apresentada pelo motorista do ve\u00edculo que transportava ossos e aparas de animais, durante o trajeto sentido a Te\u00f3filo [&hellip;]<\/p>\n","protected":false},"author":1,"featured_media":1999,"comment_status":"open","ping_status":"open","sticky":false,"template":"","format":"standard","meta":{"rop_custom_images_group":[],"rop_custom_messages_group":[],"rop_publish_now":"initial","rop_publish_now_accounts":[],"rop_publish_now_history":[],"rop_publish_now_status":"pending","footnotes":""},"categories":[25,20],"tags":[125,734,185,735,126,75],"class_list":["post-1997","post","type-post","status-publish","format-standard","has-post-thumbnail","hentry","category-destaque","category-policia","tag-acidente","tag-barranco","tag-caminhao","tag-mgc-418","tag-pm-rv","tag-teofilo-otoni"],"_links":{"self":[{"href":"https:\/\/diariotribuna.com.br\/index.php?rest_route=\/wp\/v2\/posts\/1997"}],"collection":[{"href":"https:\/\/diariotribuna.com.br\/index.php?rest_route=\/wp\/v2\/posts"}],"about":[{"href":"https:\/\/diariotribuna.com.br\/index.php?rest_route=\/wp\/v2\/types\/post"}],"author":[{"embeddable":true,"href":"https:\/\/diariotribuna.com.br\/index.php?rest_route=\/wp\/v2\/users\/1"}],"replies":[{"embeddable":true,"href":"https:\/\/diariotribuna.com.br\/index.php?rest_route=%2Fwp%2Fv2%2Fcomments&post=1997"}],"version-history":[{"count":1,"href":"https:\/\/diariotribuna.com.br\/index.php?rest_route=\/wp\/v2\/posts\/1997\/revisions"}],"predecessor-version":[{"id":2000,"href":"https:\/\/diariotribuna.com.br\/index.php?rest_route=\/wp\/v2\/posts\/1997\/revisions\/2000"}],"wp:featuredmedia":[{"embeddable":true,"href":"https:\/\/diariotribuna.com.br\/index.php?rest_route=\/wp\/v2\/media\/1999"}],"wp:attachment":[{"href":"https:\/\/diariotribuna.com.br\/index.php?rest_route=%2Fwp%2Fv2%2Fmedia&parent=1997"}],"wp:term":[{"taxonomy":"category","embeddable":true,"href":"https:\/\/diariotribuna.com.br\/index.php?rest_route=%2Fwp%2Fv2%2Fcategories&post=1997"},{"taxonomy":"post_tag","embeddable":true,"href":"https:\/\/diariotribuna.com.br\/index.php?rest_route=%2Fwp%2Fv2%2Ftags&post=1997"}],"curies":[{"name":"wp","href":"https:\/\/api.w.org\/{rel}","templated":true}]}}