{"id":2001,"date":"2020-07-28T00:50:15","date_gmt":"2020-07-28T03:50:15","guid":{"rendered":"https:\/\/diariotribuna.com.br\/?p=2001"},"modified":"2020-07-28T00:50:16","modified_gmt":"2020-07-28T03:50:16","slug":"covid-19-teofilo-otoni-registra-1-277-casos-positivos-e-o-55o-obito-em-27-07-2020","status":"publish","type":"post","link":"https:\/\/diariotribuna.com.br\/?p=2001","title":{"rendered":"Covid-19: Te\u00f3filo Otoni registra 1.277 casos positivos e o 55\u00ba \u00f3bito em 27\/07\/2020"},"content":{"rendered":"\n<figure class=\"wp-block-image size-large is-resized\"><img loading=\"lazy\" decoding=\"async\" src=\"https:\/\/diariotribuna.com.br\/wp-content\/uploads\/2020\/07\/Pot\u00e9-6.jpg\" alt=\"\" class=\"wp-image-2002\" width=\"483\" height=\"247\" srcset=\"https:\/\/diariotribuna.com.br\/wp-content\/uploads\/2020\/07\/Pot\u00e9-6.jpg 600w, https:\/\/diariotribuna.com.br\/wp-content\/uploads\/2020\/07\/Pot\u00e9-6-300x154.jpg 300w\" sizes=\"(max-width: 483px) 100vw, 483px\" \/><\/figure>\n\n\n\n<p>A Secretaria Municipal de Sa\u00fade publicou boletim epidemiol\u00f3gico Covid-19 (Coronav\u00edrus) na noite desta segunda-feira (27\/07), confirmando 1.277 casos positivos da doen\u00e7a em Te\u00f3filo Otoni e mais 02 \u00f3bitos foram registrados, totalizando 55. Segundo a secretaria, dos 1.277 casos, 983 pessoas est\u00e3o curadas, 09 pessoas est\u00e3o internadas em ala, 09 em UTI e 221 est\u00e3o em isolamento domiciliar.<\/p>\n\n\n\n<p>Dos 128 suspeitos em investiga\u00e7\u00e3o e monitoramento, 109 pessoas est\u00e3o em isolamento domiciliar, 10 internadas em ala, 03 em UTI e 06 \u00f3bitos est\u00e3o em investiga\u00e7\u00e3o aguardando resultados de exames laboratoriais. Das 6.989 investiga\u00e7\u00f5es conclu\u00eddas, 4.515 foram descartadas por exame laboratorial e 2.474 monitoramentos foram conclu\u00eddos por crit\u00e9rio cl\u00ednico. At\u00e9 esta data foram notificadas 8.394 pessoas.<\/p>\n\n\n\n<p><strong>No domingo (26) foram registrados 02 \u00f3bitos<\/strong> por complica\u00e7\u00f5es causadas pela Covid-19. <strong>O 52\u00ba \u00f3bito<\/strong> ocorreu no s\u00e1bado (18\/07\/2020) e trata-se de uma idosa de 79 anos, que apresentava comorbidades e esteve internada no Hospital Santa Ros\u00e1lia. <strong>O 53\u00ba \u00f3bito<\/strong> ocorreu no domingo (26\/07\/2020) e trata-se de um idoso de 78 anos, que apresentava comorbidades e esteve internado no Hospital Bom Samaritano.<\/p>\n\n\n\n<p><strong>Nesta segunda-feira (27) foram registrados mais 02 \u00f3bitos<\/strong> por complica\u00e7\u00f5es pela Covid-19. <strong>O 54\u00ba \u00f3bito<\/strong> ocorreu na quarta-feira (22\/07\/2020) e trata-se de um idoso de 65 anos, que apresentava comorbidades e esteve internado na UPA 24 Horas. <strong>O 55\u00ba \u00f3bito<\/strong> ocorreu no s\u00e1bado (25\/07\/2020) e trata-se de uma idosa de 82 anos, que apresentava comorbidades e esteve internada no Hospital Bom Samaritano. Segundo a secretaria de Sa\u00fade, todos tiveram resultados confirmados por RT-PCR e receberam assist\u00eancia e tratamento necess\u00e1rios.<\/p>\n","protected":false},"excerpt":{"rendered":"<p>A Secretaria Municipal de Sa\u00fade publicou boletim epidemiol\u00f3gico Covid-19 (Coronav\u00edrus) na noite desta segunda-feira (27\/07), confirmando 1.277 casos positivos da doen\u00e7a em Te\u00f3filo Otoni e mais 02 \u00f3bitos foram registrados, totalizando 55. Segundo a secretaria, dos 1.277 casos, 983 pessoas est\u00e3o curadas, 09 pessoas est\u00e3o internadas em ala, 09 em UTI e 221 est\u00e3o em [&hellip;]<\/p>\n","protected":false},"author":1,"featured_media":2002,"comment_status":"open","ping_status":"open","sticky":false,"template":"","format":"standard","meta":{"rop_custom_images_group":[],"rop_custom_messages_group":[],"rop_publish_now":"initial","rop_publish_now_accounts":[],"rop_publish_now_history":[],"rop_publish_now_status":"pending","footnotes":""},"categories":[192],"tags":[736,67,65,75],"class_list":["post-2001","post","type-post","status-publish","format-standard","has-post-thumbnail","hentry","category-covid19","tag-27-07","tag-boletim","tag-covid","tag-teofilo-otoni"],"_links":{"self":[{"href":"https:\/\/diariotribuna.com.br\/index.php?rest_route=\/wp\/v2\/posts\/2001"}],"collection":[{"href":"https:\/\/diariotribuna.com.br\/index.php?rest_route=\/wp\/v2\/posts"}],"about":[{"href":"https:\/\/diariotribuna.com.br\/index.php?rest_route=\/wp\/v2\/types\/post"}],"author":[{"embeddable":true,"href":"https:\/\/diariotribuna.com.br\/index.php?rest_route=\/wp\/v2\/users\/1"}],"replies":[{"embeddable":true,"href":"https:\/\/diariotribuna.com.br\/index.php?rest_route=%2Fwp%2Fv2%2Fcomments&post=2001"}],"version-history":[{"count":1,"href":"https:\/\/diariotribuna.com.br\/index.php?rest_route=\/wp\/v2\/posts\/2001\/revisions"}],"predecessor-version":[{"id":2003,"href":"https:\/\/diariotribuna.com.br\/index.php?rest_route=\/wp\/v2\/posts\/2001\/revisions\/2003"}],"wp:featuredmedia":[{"embeddable":true,"href":"https:\/\/diariotribuna.com.br\/index.php?rest_route=\/wp\/v2\/media\/2002"}],"wp:attachment":[{"href":"https:\/\/diariotribuna.com.br\/index.php?rest_route=%2Fwp%2Fv2%2Fmedia&parent=2001"}],"wp:term":[{"taxonomy":"category","embeddable":true,"href":"https:\/\/diariotribuna.com.br\/index.php?rest_route=%2Fwp%2Fv2%2Fcategories&post=2001"},{"taxonomy":"post_tag","embeddable":true,"href":"https:\/\/diariotribuna.com.br\/index.php?rest_route=%2Fwp%2Fv2%2Ftags&post=2001"}],"curies":[{"name":"wp","href":"https:\/\/api.w.org\/{rel}","templated":true}]}}