{"id":2004,"date":"2020-07-28T01:07:48","date_gmt":"2020-07-28T04:07:48","guid":{"rendered":"https:\/\/diariotribuna.com.br\/?p=2004"},"modified":"2020-07-28T01:10:29","modified_gmt":"2020-07-28T04:10:29","slug":"painel-de-internacao-hospitalar-em-teofilo-otoni-em-27-07-2020","status":"publish","type":"post","link":"https:\/\/diariotribuna.com.br\/?p=2004","title":{"rendered":"Painel de interna\u00e7\u00e3o hospitalar em Te\u00f3filo Otoni em 27\/07\/2020"},"content":{"rendered":"\n<figure class=\"wp-block-image size-large is-resized\"><img loading=\"lazy\" decoding=\"async\" src=\"https:\/\/diariotribuna.com.br\/wp-content\/uploads\/2020\/07\/image-2.jpg\" alt=\"\" class=\"wp-image-2006\" width=\"435\" height=\"271\" srcset=\"https:\/\/diariotribuna.com.br\/wp-content\/uploads\/2020\/07\/image-2.jpg 747w, https:\/\/diariotribuna.com.br\/wp-content\/uploads\/2020\/07\/image-2-300x187.jpg 300w, https:\/\/diariotribuna.com.br\/wp-content\/uploads\/2020\/07\/image-2-696x434.jpg 696w, https:\/\/diariotribuna.com.br\/wp-content\/uploads\/2020\/07\/image-2-673x420.jpg 673w\" sizes=\"(max-width: 435px) 100vw, 435px\" \/><\/figure>\n\n\n\n<p>O Painel de Interna\u00e7\u00e3o Hospitalar em Te\u00f3filo Otoni, divulgado pela Secretaria Municipal de Sa\u00fade nesta segunda-feira (27\/07\/2020) mostra a ocupa\u00e7\u00e3o dos leitos at\u00e9 esta data nos hospitais e na UPA 24 Horas. De acordo com a secretaria, os <strong>leitos de UTI Covid-19 SUS<\/strong> s\u00e3o 32 dispon\u00edveis, 16 est\u00e3o ocupados, ou seja, 50% da taxa de ocupa\u00e7\u00e3o. S\u00e3o 12 mun\u00edcipes de Te\u00f3filo Otoni e 04 de outras cidades. Dos <strong>leitos cl\u00ednicos Covid-19 SUS<\/strong>, s\u00e3o 53 dispon\u00edveis, sendo que 27 est\u00e3o ocupados, ou seja, 50,94% de ocupa\u00e7\u00e3o. S\u00e3o 19 mun\u00edcipes de Te\u00f3filo Otoni e 09 de outras cidades.<\/p>\n\n\n\n<p><strong>Dos 43 pacientes internados pelo SUS:<\/strong> 31 s\u00e3o de Te\u00f3filo Otoni, 04 de Novo Oriente de Minas, 02 de Atal\u00e9ia, 01 de Itambacuri, 01 de Cris\u00f3lita, 01 de Cara\u00ed, 01 de \u00c1guas Formosas, 01 de Carlos Chagas e 01 de Medina.<\/p>\n\n\n\n<p><strong>Dos 05 pacientes internados por Conv\u00eanio\/Particular:<\/strong> 03 est\u00e3o em leitos de UTI, sendo 02 de Nanuque e 01 de Serra dos Aimor\u00e9s. Tem ainda, 02 pacientes internados em leitos cl\u00ednicos, todos de Nanuque.<\/p>\n\n\n\n<h2 class=\"wp-block-heading\"><strong>Taxa de ocupa\u00e7\u00e3o nos hospitais:<\/strong><\/h2>\n\n\n\n<p><strong>Hospital Bom Samaritano:<\/strong> disponibilizou 10 leitos de UTI SUS, e tem 07 ocupados. Viabilizou ainda 22 leitos cl\u00ednicos SUS, e tem 17 ocupados.<\/p>\n\n\n\n<p><strong>Hospital Philadelfia:<\/strong> Habilitou 07 leitos de UTI SUS junto ao Minist\u00e9rio da Sa\u00fade, tem 01 ocupado com paciente Covid SUS. Disponibilizou tamb\u00e9m 04 leitos cl\u00ednicos SUS, e nesta data tem 01 leito ocupado.<\/p>\n\n\n\n<p><strong>Hospital Santa Ros\u00e1lia:<\/strong> Habilitou 10 leitos de UTI SUS junto ao Minist\u00e9rio da Sa\u00fade, nesta data tem 06 ocupados com pacientes Covid\/SUS. Viabilizou tamb\u00e9m 10 leitos cl\u00ednicos SUS, nesta data tem 02 ocupados.<\/p>\n\n\n\n<p><strong>UPA 24 Horas (Av. Get\u00falio Vargas):<\/strong> Disponibilizou 05 leitos de UTI SUS, nesta data tem 02 ocupados com pacientes Covid SUS. Viabilizou ainda 17 leitos cl\u00ednicos SUS, sendo que nesta data tem 07 ocupados. (Foto: Ilustrativa)<\/p>\n","protected":false},"excerpt":{"rendered":"<p>O Painel de Interna\u00e7\u00e3o Hospitalar em Te\u00f3filo Otoni, divulgado pela Secretaria Municipal de Sa\u00fade nesta segunda-feira (27\/07\/2020) mostra a ocupa\u00e7\u00e3o dos leitos at\u00e9 esta data nos hospitais e na UPA 24 Horas. De acordo com a secretaria, os leitos de UTI Covid-19 SUS s\u00e3o 32 dispon\u00edveis, 16 est\u00e3o ocupados, ou seja, 50% da taxa de [&hellip;]<\/p>\n","protected":false},"author":1,"featured_media":2006,"comment_status":"open","ping_status":"open","sticky":false,"template":"","format":"standard","meta":{"rop_custom_images_group":[],"rop_custom_messages_group":[],"rop_publish_now":"initial","rop_publish_now_accounts":[],"rop_publish_now_history":[],"rop_publish_now_status":"pending","footnotes":""},"categories":[192],"tags":[736,65,702,75],"class_list":["post-2004","post","type-post","status-publish","format-standard","has-post-thumbnail","hentry","category-covid19","tag-27-07","tag-covid","tag-painel-de-internacao-hospitalar","tag-teofilo-otoni"],"_links":{"self":[{"href":"https:\/\/diariotribuna.com.br\/index.php?rest_route=\/wp\/v2\/posts\/2004"}],"collection":[{"href":"https:\/\/diariotribuna.com.br\/index.php?rest_route=\/wp\/v2\/posts"}],"about":[{"href":"https:\/\/diariotribuna.com.br\/index.php?rest_route=\/wp\/v2\/types\/post"}],"author":[{"embeddable":true,"href":"https:\/\/diariotribuna.com.br\/index.php?rest_route=\/wp\/v2\/users\/1"}],"replies":[{"embeddable":true,"href":"https:\/\/diariotribuna.com.br\/index.php?rest_route=%2Fwp%2Fv2%2Fcomments&post=2004"}],"version-history":[{"count":3,"href":"https:\/\/diariotribuna.com.br\/index.php?rest_route=\/wp\/v2\/posts\/2004\/revisions"}],"predecessor-version":[{"id":2009,"href":"https:\/\/diariotribuna.com.br\/index.php?rest_route=\/wp\/v2\/posts\/2004\/revisions\/2009"}],"wp:featuredmedia":[{"embeddable":true,"href":"https:\/\/diariotribuna.com.br\/index.php?rest_route=\/wp\/v2\/media\/2006"}],"wp:attachment":[{"href":"https:\/\/diariotribuna.com.br\/index.php?rest_route=%2Fwp%2Fv2%2Fmedia&parent=2004"}],"wp:term":[{"taxonomy":"category","embeddable":true,"href":"https:\/\/diariotribuna.com.br\/index.php?rest_route=%2Fwp%2Fv2%2Fcategories&post=2004"},{"taxonomy":"post_tag","embeddable":true,"href":"https:\/\/diariotribuna.com.br\/index.php?rest_route=%2Fwp%2Fv2%2Ftags&post=2004"}],"curies":[{"name":"wp","href":"https:\/\/api.w.org\/{rel}","templated":true}]}}