{"id":2010,"date":"2020-07-28T11:47:05","date_gmt":"2020-07-28T14:47:05","guid":{"rendered":"https:\/\/diariotribuna.com.br\/?p=2010"},"modified":"2020-07-28T11:47:06","modified_gmt":"2020-07-28T14:47:06","slug":"pm-da-cidade-de-jacinto-prende-cinco-suspeitos-de-trafico-de-drogas","status":"publish","type":"post","link":"https:\/\/diariotribuna.com.br\/?p=2010","title":{"rendered":"PM da cidade de Jacinto prende cinco suspeitos de tr\u00e1fico de drogas"},"content":{"rendered":"\n<figure class=\"wp-block-image size-large is-resized\"><img loading=\"lazy\" decoding=\"async\" src=\"https:\/\/diariotribuna.com.br\/wp-content\/uploads\/2020\/07\/jacinto.jpeg\" alt=\"\" class=\"wp-image-2011\" width=\"428\" height=\"321\" srcset=\"https:\/\/diariotribuna.com.br\/wp-content\/uploads\/2020\/07\/jacinto.jpeg 700w, https:\/\/diariotribuna.com.br\/wp-content\/uploads\/2020\/07\/jacinto-300x225.jpeg 300w, https:\/\/diariotribuna.com.br\/wp-content\/uploads\/2020\/07\/jacinto-80x60.jpeg 80w, https:\/\/diariotribuna.com.br\/wp-content\/uploads\/2020\/07\/jacinto-265x198.jpeg 265w, https:\/\/diariotribuna.com.br\/wp-content\/uploads\/2020\/07\/jacinto-696x522.jpeg 696w, https:\/\/diariotribuna.com.br\/wp-content\/uploads\/2020\/07\/jacinto-560x420.jpeg 560w\" sizes=\"(max-width: 428px) 100vw, 428px\" \/><\/figure>\n\n\n\n<p>Na quinta-feira (23\/07), a Pol\u00edcia Militar prendeu cinco homens suspeitos de envolvimento no tr\u00e1fico de drogas, no Distrito de Ava\u00ed, munic\u00edpio de Jacinto. Durante a opera\u00e7\u00e3o de combate ao crime organizado no distrito, os militares abordaram dois homens de 32 e 33 anos, e durante as buscas foram localizados 05 papelotes de coca\u00edna, R$192 em dinheiro e um aparelho celular de proced\u00eancia duvidosa.<\/p>\n\n\n\n<p>Os suspeitos informaram que teriam comprado a droga na resid\u00eancia de um homem de 32 anos. Durante dilig\u00eancias e buscas na resid\u00eancia do suspeito, foram apreendidos 3 tabletes de maconha, 3 p\u00e1ssaros da fauna silvestre mantidos em cativeiro e R$ 3.078,00 em dinheiro. Foram presos mais dois homens de 25 e 30 anos suspeitos de envolvimento no tr\u00e1fico de entorpecentes. Os presos e os materiais apreendidos foram encaminhados \u00e0 delegacia de Pol\u00edcia Civil. (Informa\u00e7\u00f5es\/Foto: ACO 44\u00ba BPM, Almenara).<\/p>\n","protected":false},"excerpt":{"rendered":"<p>Na quinta-feira (23\/07), a Pol\u00edcia Militar prendeu cinco homens suspeitos de envolvimento no tr\u00e1fico de drogas, no Distrito de Ava\u00ed, munic\u00edpio de Jacinto. Durante a opera\u00e7\u00e3o de combate ao crime organizado no distrito, os militares abordaram dois homens de 32 e 33 anos, e durante as buscas foram localizados 05 papelotes de coca\u00edna, R$192 em [&hellip;]<\/p>\n","protected":false},"author":1,"featured_media":2011,"comment_status":"open","ping_status":"open","sticky":false,"template":"","format":"standard","meta":{"rop_custom_images_group":[],"rop_custom_messages_group":[],"rop_publish_now":"initial","rop_publish_now_accounts":[],"rop_publish_now_history":[],"rop_publish_now_status":"pending","footnotes":""},"categories":[20],"tags":[738,737,76,739],"class_list":["post-2010","post","type-post","status-publish","format-standard","has-post-thumbnail","hentry","category-policia","tag-cinco-presos","tag-jacinto","tag-policia-militar","tag-trafico-de-drogas"],"_links":{"self":[{"href":"https:\/\/diariotribuna.com.br\/index.php?rest_route=\/wp\/v2\/posts\/2010"}],"collection":[{"href":"https:\/\/diariotribuna.com.br\/index.php?rest_route=\/wp\/v2\/posts"}],"about":[{"href":"https:\/\/diariotribuna.com.br\/index.php?rest_route=\/wp\/v2\/types\/post"}],"author":[{"embeddable":true,"href":"https:\/\/diariotribuna.com.br\/index.php?rest_route=\/wp\/v2\/users\/1"}],"replies":[{"embeddable":true,"href":"https:\/\/diariotribuna.com.br\/index.php?rest_route=%2Fwp%2Fv2%2Fcomments&post=2010"}],"version-history":[{"count":1,"href":"https:\/\/diariotribuna.com.br\/index.php?rest_route=\/wp\/v2\/posts\/2010\/revisions"}],"predecessor-version":[{"id":2012,"href":"https:\/\/diariotribuna.com.br\/index.php?rest_route=\/wp\/v2\/posts\/2010\/revisions\/2012"}],"wp:featuredmedia":[{"embeddable":true,"href":"https:\/\/diariotribuna.com.br\/index.php?rest_route=\/wp\/v2\/media\/2011"}],"wp:attachment":[{"href":"https:\/\/diariotribuna.com.br\/index.php?rest_route=%2Fwp%2Fv2%2Fmedia&parent=2010"}],"wp:term":[{"taxonomy":"category","embeddable":true,"href":"https:\/\/diariotribuna.com.br\/index.php?rest_route=%2Fwp%2Fv2%2Fcategories&post=2010"},{"taxonomy":"post_tag","embeddable":true,"href":"https:\/\/diariotribuna.com.br\/index.php?rest_route=%2Fwp%2Fv2%2Ftags&post=2010"}],"curies":[{"name":"wp","href":"https:\/\/api.w.org\/{rel}","templated":true}]}}