{"id":2013,"date":"2020-07-28T12:51:57","date_gmt":"2020-07-28T15:51:57","guid":{"rendered":"https:\/\/diariotribuna.com.br\/?p=2013"},"modified":"2020-07-28T13:00:43","modified_gmt":"2020-07-28T16:00:43","slug":"fazenda-da-esperanca-esta-de-luto-pelo-falecimento-da-benfeitora-dona-edna-abreu","status":"publish","type":"post","link":"https:\/\/diariotribuna.com.br\/?p=2013","title":{"rendered":"Fazenda da Esperan\u00e7a est\u00e1 de luto pelo falecimento da benfeitora, dona Edna Abreu"},"content":{"rendered":"\n<figure class=\"wp-block-image size-large is-resized\"><img loading=\"lazy\" decoding=\"async\" src=\"https:\/\/diariotribuna.com.br\/wp-content\/uploads\/2020\/07\/ff24c061-a6e3-432f-9396-ab4f7c092098.jpg\" alt=\"\" class=\"wp-image-2014\" width=\"523\" height=\"434\" srcset=\"https:\/\/diariotribuna.com.br\/wp-content\/uploads\/2020\/07\/ff24c061-a6e3-432f-9396-ab4f7c092098.jpg 506w, https:\/\/diariotribuna.com.br\/wp-content\/uploads\/2020\/07\/ff24c061-a6e3-432f-9396-ab4f7c092098-300x250.jpg 300w\" sizes=\"(max-width: 523px) 100vw, 523px\" \/><figcaption><strong>Fazenda da Esperan\u00e7a Ressurrei\u00e7\u00e3o e Vida \u2013 Uma casa marcada por uma hist\u00f3ria de amor ao pr\u00f3ximo, tem as marcas de Dona Edna Abreu<\/strong><\/figcaption><\/figure>\n\n\n\n<p>A dire\u00e7\u00e3o, administra\u00e7\u00e3o e as internas da Fazenda da Esperan\u00e7a Ressurrei\u00e7\u00e3o e Vida, situada no Distrito de Sucanga, munic\u00edpio de Pot\u00e9, est\u00e3o de luto pelo falecimento de dona Edna Abreu, ocorrido na sexta-feira (24\/07\/2020). Com 91 anos (*15-10-1928\/ +24-07-2020), Dona Edna faleceu deixando um vazio muito grande no cora\u00e7\u00e3o dos seus familiares e amigos, uma lacuna na Fazenda da Esperan\u00e7a onde era a maior benfeitora da casa.<\/p>\n\n\n\n<figure class=\"wp-block-image size-large is-resized\"><img loading=\"lazy\" decoding=\"async\" src=\"https:\/\/diariotribuna.com.br\/wp-content\/uploads\/2020\/07\/1-26.jpg\" alt=\"\" class=\"wp-image-2015\" width=\"524\" height=\"346\" srcset=\"https:\/\/diariotribuna.com.br\/wp-content\/uploads\/2020\/07\/1-26.jpg 800w, https:\/\/diariotribuna.com.br\/wp-content\/uploads\/2020\/07\/1-26-300x198.jpg 300w, https:\/\/diariotribuna.com.br\/wp-content\/uploads\/2020\/07\/1-26-768x508.jpg 768w, https:\/\/diariotribuna.com.br\/wp-content\/uploads\/2020\/07\/1-26-696x460.jpg 696w, https:\/\/diariotribuna.com.br\/wp-content\/uploads\/2020\/07\/1-26-635x420.jpg 635w\" sizes=\"(max-width: 524px) 100vw, 524px\" \/><figcaption><strong>Dr. Walter Barrancos e esposa Aquil\u00e9ia Caminhas Barrancos, e fam\u00edlia agradecem pela oportunidade de terem convivido com a Benfeitora da Fazenda da Esperan\u00e7a e grande amiga dona Edna Abreu<\/strong><\/figcaption><\/figure>\n\n\n\n<p>Dr. Walter Barrancos e esposa Aquil\u00e9ia Caminhas Barrancos se manifestaram com tristeza e pesar pelo falecimento de dona Edna Abreu, mas com os cora\u00e7\u00f5es alegres, pois tiveram o privil\u00e9gio de conviver com uma pessoa como ela. Dr. Walter explica que ela nunca quis assumir cargo nenhum, ela era&nbsp;<em>honoris causa<\/em>&nbsp;do mais alto cargo da Fazenda da Esperan\u00e7a, porque era quem mais ajudava, quem mais se dedicava.<\/p>\n\n\n\n<figure class=\"wp-block-gallery columns-2 is-cropped wp-block-gallery-1 is-layout-flex wp-block-gallery-is-layout-flex\"><ul class=\"blocks-gallery-grid\"><li class=\"blocks-gallery-item\"><figure><img loading=\"lazy\" decoding=\"async\" width=\"800\" height=\"637\" src=\"https:\/\/diariotribuna.com.br\/wp-content\/uploads\/2020\/07\/03ff04ff-b625-4247-804f-fd24a9c463f6-5.jpg\" alt=\"\" data-id=\"2024\" data-full-url=\"https:\/\/diariotribuna.com.br\/wp-content\/uploads\/2020\/07\/03ff04ff-b625-4247-804f-fd24a9c463f6-5.jpg\" data-link=\"https:\/\/diariotribuna.com.br\/?attachment_id=2024\" class=\"wp-image-2024\" srcset=\"https:\/\/diariotribuna.com.br\/wp-content\/uploads\/2020\/07\/03ff04ff-b625-4247-804f-fd24a9c463f6-5.jpg 800w, https:\/\/diariotribuna.com.br\/wp-content\/uploads\/2020\/07\/03ff04ff-b625-4247-804f-fd24a9c463f6-5-300x239.jpg 300w, https:\/\/diariotribuna.com.br\/wp-content\/uploads\/2020\/07\/03ff04ff-b625-4247-804f-fd24a9c463f6-5-768x612.jpg 768w, https:\/\/diariotribuna.com.br\/wp-content\/uploads\/2020\/07\/03ff04ff-b625-4247-804f-fd24a9c463f6-5-696x554.jpg 696w, https:\/\/diariotribuna.com.br\/wp-content\/uploads\/2020\/07\/03ff04ff-b625-4247-804f-fd24a9c463f6-5-527x420.jpg 527w\" sizes=\"(max-width: 800px) 100vw, 800px\" \/><\/figure><\/li><li class=\"blocks-gallery-item\"><figure><img loading=\"lazy\" decoding=\"async\" width=\"800\" height=\"583\" src=\"https:\/\/diariotribuna.com.br\/wp-content\/uploads\/2020\/07\/a3201664-46c7-4f88-a57f-e31d07092cb8-3.jpg\" alt=\"\" data-id=\"2025\" data-full-url=\"https:\/\/diariotribuna.com.br\/wp-content\/uploads\/2020\/07\/a3201664-46c7-4f88-a57f-e31d07092cb8-3.jpg\" data-link=\"https:\/\/diariotribuna.com.br\/?attachment_id=2025\" class=\"wp-image-2025\" srcset=\"https:\/\/diariotribuna.com.br\/wp-content\/uploads\/2020\/07\/a3201664-46c7-4f88-a57f-e31d07092cb8-3.jpg 800w, https:\/\/diariotribuna.com.br\/wp-content\/uploads\/2020\/07\/a3201664-46c7-4f88-a57f-e31d07092cb8-3-300x219.jpg 300w, https:\/\/diariotribuna.com.br\/wp-content\/uploads\/2020\/07\/a3201664-46c7-4f88-a57f-e31d07092cb8-3-768x560.jpg 768w, https:\/\/diariotribuna.com.br\/wp-content\/uploads\/2020\/07\/a3201664-46c7-4f88-a57f-e31d07092cb8-3-324x235.jpg 324w, https:\/\/diariotribuna.com.br\/wp-content\/uploads\/2020\/07\/a3201664-46c7-4f88-a57f-e31d07092cb8-3-696x507.jpg 696w, https:\/\/diariotribuna.com.br\/wp-content\/uploads\/2020\/07\/a3201664-46c7-4f88-a57f-e31d07092cb8-3-576x420.jpg 576w\" sizes=\"(max-width: 800px) 100vw, 800px\" \/><\/figure><\/li><\/ul><figcaption class=\"blocks-gallery-caption\"><strong>Dona Edna Abreu morreu aos 91 anos, era vi\u00fava do saudoso Manoel de Abreu. Na 1\u00aa foto, ladeada por amigos. Na 2\u00aa foto, com os seus amigos, Geraldo, Tereza e Aquil\u00e9ia<\/strong><br><br><\/figcaption><\/figure>\n\n\n\n<p>\u201cEla era uma incans\u00e1vel apoiadora nossa, e nos cobrava pressa pra resolver as coisas, porque queria dar tudo, e eu com aquela prud\u00eancia com ela pra limit\u00e1-la nisso ai, porque j\u00e1 viu, a fam\u00edlia podia at\u00e9 interpretar de outra maneira, a gente tem que ter essa prud\u00eancia. Mas ela era assim, e \u00e9 assim l\u00e1 perto de Deus onde ela est\u00e1 agora, com certeza\u201d, disse dr. Walter Barrancos, frisando ainda que &#8220;ela queria resolver tudo o mais r\u00e1pido poss\u00edvel e de uma maneira extremamente carinhosa com todas as meninas internas, com tudo l\u00e1 na Fazenda, com todos os apoiadores&#8221;.<\/p>\n\n\n\n<p>Dr. Walter recorda que, tiveram pessoas relacionadas \u00e0 fam\u00edlia Barrancos e Caminhas, relacionadas \u00e0 Fazenda da Esperan\u00e7a, que tiveram apoio de dona Edna, na Apae e na Fazenda, enfim, era um pessoa de vis\u00e3o grande, comprometida com o pr\u00f3ximo. \u201cEsse compromisso dela com o necessitado, com o dependente, com o ca\u00eddo, era uma coisa que a movia com uma for\u00e7a impressionante, ao ponto disso a\u00ed, de voc\u00ea ter que cont\u00ea-la, dizer calma dona Edna n\u00e3o \u00e9 assim, n\u00e3o precisa de tanto, vamos com mais calma, que se deixasse ela queria resolver tudo num mesmo instante\u201d, enfatizou. Com isso foi criada uma amizade muito sedimentada com todos da diretoria da Fazenda da Esperan\u00e7a Ressurrei\u00e7\u00e3o e Vida, principalmente da Fam\u00edlia Caminhas e Barrancos com ela, com muito respeito e muito amor.<\/p>\n\n\n\n<p><strong>Mensagem de Dr Walter Barrancos \u00e0 Dona Edna &#8211;\u00a0<\/strong>\u201cHoje eu digo que a Fazenda ficou bem mais pobre (sem a presen\u00e7a) com a falta de dona Edna. Mesmo de um tempo pra c\u00e1 ela de dentro de casa, j\u00e1 impossibilitada de sair, mas frequentemente quando mudava a dire\u00e7\u00e3o da fazenda, n\u00f3s lev\u00e1vamos os novos diretores para ela conhecer. Ela recebia toda satisfa\u00e7\u00e3o de como andavam as coisas na Fazenda da Esperan\u00e7a e essa satisfa\u00e7\u00e3o dava alegria a ela. E sempre quando a gente ia sair e se despedia, a \u00faltima frase dela era assim: \u201coh voc\u00eas sabem que se precisarem de alguma coisa estou aqui junto com voc\u00eas\u201d. Impressionante n\u00e3o \u00e9? Mas \u00e9 isso, essa era a dona Edna que eu posso te dizer, que est\u00e1 hoje nas m\u00e3os de Deus, com certeza. S\u00f3 plantou o bem \u2013 a b\u00ean\u00e7\u00e3o da caridade e da partilha. Isso eu te falo, eu n\u00e3o conhe\u00e7o outra na hist\u00f3ria de Te\u00f3filo Otoni como ela n\u00e3o\u201d, destacou em entrevista ao Di\u00e1rio Tribuna.<\/p>\n\n\n\n<p>Ele acrescenta ainda que n\u00f3s vivemos numa louca invers\u00e3o de valores e explica o porqu\u00ea de sua fala. \u201cAcho que qualquer autoridade respons\u00e1vel pela nossa cidade deveria tomar ci\u00eancia do valor dessa mulher. A pobreza maior vai ser para Te\u00f3filo Otoni mesmo, a falta de dona Edna, porque n\u00e3o tem uma iniciativa de a\u00e7\u00e3o social na hist\u00f3ria de Te\u00f3filo Otoni que n\u00e3o tenha a sua m\u00e3o. Isso eu posso afirmar sem preocupa\u00e7\u00e3o e pouqu\u00edssimas pessoas sabem disso, muito menos o prefeito e as autoridades de Te\u00f3filo Otoni. Eram os primeiros que deveriam saber, reconhecer isso e valorizar essa mem\u00f3ria\u201d.<\/p>\n","protected":false},"excerpt":{"rendered":"<p>A dire\u00e7\u00e3o, administra\u00e7\u00e3o e as internas da Fazenda da Esperan\u00e7a Ressurrei\u00e7\u00e3o e Vida, situada no Distrito de Sucanga, munic\u00edpio de Pot\u00e9, est\u00e3o de luto pelo falecimento de dona Edna Abreu, ocorrido na sexta-feira (24\/07\/2020). Com 91 anos (*15-10-1928\/ +24-07-2020), Dona Edna faleceu deixando um vazio muito grande no cora\u00e7\u00e3o dos seus familiares e amigos, uma [&hellip;]<\/p>\n","protected":false},"author":1,"featured_media":2014,"comment_status":"open","ping_status":"open","sticky":false,"template":"","format":"standard","meta":{"rop_custom_images_group":[],"rop_custom_messages_group":[],"rop_publish_now":"initial","rop_publish_now_accounts":[],"rop_publish_now_history":[],"rop_publish_now_status":"pending","footnotes":""},"categories":[25,17],"tags":[740,741,75,742],"class_list":["post-2013","post","type-post","status-publish","format-standard","has-post-thumbnail","hentry","category-destaque","category-teofilootoni","tag-edna-abreu","tag-fazenda-esperanca","tag-teofilo-otoni","tag-walter-barrancos"],"_links":{"self":[{"href":"https:\/\/diariotribuna.com.br\/index.php?rest_route=\/wp\/v2\/posts\/2013"}],"collection":[{"href":"https:\/\/diariotribuna.com.br\/index.php?rest_route=\/wp\/v2\/posts"}],"about":[{"href":"https:\/\/diariotribuna.com.br\/index.php?rest_route=\/wp\/v2\/types\/post"}],"author":[{"embeddable":true,"href":"https:\/\/diariotribuna.com.br\/index.php?rest_route=\/wp\/v2\/users\/1"}],"replies":[{"embeddable":true,"href":"https:\/\/diariotribuna.com.br\/index.php?rest_route=%2Fwp%2Fv2%2Fcomments&post=2013"}],"version-history":[{"count":7,"href":"https:\/\/diariotribuna.com.br\/index.php?rest_route=\/wp\/v2\/posts\/2013\/revisions"}],"predecessor-version":[{"id":2033,"href":"https:\/\/diariotribuna.com.br\/index.php?rest_route=\/wp\/v2\/posts\/2013\/revisions\/2033"}],"wp:featuredmedia":[{"embeddable":true,"href":"https:\/\/diariotribuna.com.br\/index.php?rest_route=\/wp\/v2\/media\/2014"}],"wp:attachment":[{"href":"https:\/\/diariotribuna.com.br\/index.php?rest_route=%2Fwp%2Fv2%2Fmedia&parent=2013"}],"wp:term":[{"taxonomy":"category","embeddable":true,"href":"https:\/\/diariotribuna.com.br\/index.php?rest_route=%2Fwp%2Fv2%2Fcategories&post=2013"},{"taxonomy":"post_tag","embeddable":true,"href":"https:\/\/diariotribuna.com.br\/index.php?rest_route=%2Fwp%2Fv2%2Ftags&post=2013"}],"curies":[{"name":"wp","href":"https:\/\/api.w.org\/{rel}","templated":true}]}}