{"id":20285,"date":"2023-06-25T23:14:59","date_gmt":"2023-06-26T02:14:59","guid":{"rendered":"https:\/\/diariotribuna.com.br\/?p=20285"},"modified":"2023-06-25T23:15:01","modified_gmt":"2023-06-26T02:15:01","slug":"lancamento-da-ad-vales-reune-entidades-de-classe-e-lideres-da-sociedade-local","status":"publish","type":"post","link":"https:\/\/diariotribuna.com.br\/?p=20285","title":{"rendered":"Lan\u00e7amento da AD Vales re\u00fane entidades de classe e l\u00edderes da sociedade local"},"content":{"rendered":"\n<figure class=\"wp-block-image size-full is-resized is-style-default\"><img loading=\"lazy\" decoding=\"async\" src=\"https:\/\/diariotribuna.com.br\/wp-content\/uploads\/2023\/06\/1-1.jpg\" alt=\"\" class=\"wp-image-20286\" width=\"657\" height=\"390\" srcset=\"https:\/\/diariotribuna.com.br\/wp-content\/uploads\/2023\/06\/1-1.jpg 700w, https:\/\/diariotribuna.com.br\/wp-content\/uploads\/2023\/06\/1-1-300x178.jpg 300w, https:\/\/diariotribuna.com.br\/wp-content\/uploads\/2023\/06\/1-1-696x413.jpg 696w\" sizes=\"(max-width: 657px) 100vw, 657px\" \/><figcaption class=\"wp-element-caption\"><strong>A Ag\u00eancia foi criada em 2009, pelo Sindcom\u00e9rcio, posteriormente integrada pela CDL, ACE, Sicoob Credivale, SPRTO e poder p\u00fablico municipal<\/strong><\/figcaption><\/figure>\n\n\n\n<p>Lan\u00e7ada na segunda-feira (19\/6), no audit\u00f3rio da CDL de Te\u00f3filo Otoni, a Ag\u00eancia de Apoio ao Desenvolvimento dos Vales do Mucuri, Jequitinhonha e S\u00e3o Mateus (AD Vales), evento que marcou o in\u00edcio de uma nova etapa para o desenvolvimento dos Tr\u00eas Vales. Criada em 2009, pelo Sindcom\u00e9rcio de Te\u00f3filo Otoni, posteriormente integrada pela CDL, ACE, Sicoob Credivale, SPRTO e pelo poder p\u00fablico municipal, a AD Vales \u00e9 uma entidade de direito privado, sem fins lucrativos, nem vi\u00e9s ideol\u00f3gico.<\/p>\n\n\n\n<p>Aut\u00f4noma e independente tem como objetivo promover o desenvolvimento sustent\u00e1vel, atrav\u00e9s da intera\u00e7\u00e3o entre a iniciativa privada e o poder p\u00fablico, apoiando empreendedores, empres\u00e1rios e a organiza\u00e7\u00e3o da sociedade civil. A AD Vales \u00e9 a uni\u00e3o de entidades que trabalhar\u00e3o em prol da mudan\u00e7a e fomento de iniciativas que mudar\u00e3o o futuro de toda regi\u00e3o. O evento contou com a presen\u00e7a de diversos l\u00edderes da sociedade local. Dentre os quase 60 participantes, estava o Superintendente de Potencialidades Regionais, Rodrigo Melo.<\/p>\n\n\n\n<figure class=\"wp-block-image size-full is-resized is-style-default\"><img loading=\"lazy\" decoding=\"async\" src=\"https:\/\/diariotribuna.com.br\/wp-content\/uploads\/2023\/06\/5-1.jpg\" alt=\"\" class=\"wp-image-20287\" width=\"560\" height=\"393\" srcset=\"https:\/\/diariotribuna.com.br\/wp-content\/uploads\/2023\/06\/5-1.jpg 600w, https:\/\/diariotribuna.com.br\/wp-content\/uploads\/2023\/06\/5-1-300x211.jpg 300w, https:\/\/diariotribuna.com.br\/wp-content\/uploads\/2023\/06\/5-1-100x70.jpg 100w\" sizes=\"(max-width: 560px) 100vw, 560px\" \/><figcaption class=\"wp-element-caption\"><strong>Presidente do Sindcom\u00e9rcio e da AD Vales, L\u00e9o Ramos<\/strong><\/figcaption><\/figure>\n\n\n\n<p>\u201cPela primeira vez Te\u00f3filo Otoni consegue essa uni\u00e3o de todas as entidades de classe, que s\u00e3o respons\u00e1veis pelo desenvolvimento da cidade\u201d, disse o presidente do Sindcom\u00e9rcio, Leonardo Ramos, tamb\u00e9m presidente da AD Vales. A Ag\u00eancia, que ficou parada por algum tempo, passou por um processo de reestrutura\u00e7\u00e3o, volta agora a todo vapor com o grupo que est\u00e1 \u00e0 frente.<\/p>\n\n\n\n<p>A AD Vales tem a consultoria de D\u00eanis Jos\u00e9 Dourado Mota, economista com mais de 17 anos de experi\u00eancia, frente \u00e0 Ag\u00eancia de Desenvolvimento Econ\u00f4mico e Social dos Inconfidentes e Alto Paraopeba, gerente de programas e projetos de desenvolvimento com certifica\u00e7\u00e3o internacional e ampla forma\u00e7\u00e3o em gest\u00e3o estrat\u00e9gica. Ele est\u00e1 respons\u00e1vel por acompanhar a aplica\u00e7\u00e3o, junto ao gerente executivo da AD Vales, Eron Murta.<\/p>\n\n\n\n<p>\u201cN\u00e3o s\u00f3 para mim, mas tamb\u00e9m manifestado por outros participantes durante o evento, foi algo extraordin\u00e1rio. Acredito e compartilho de algumas falas que tiveram l\u00e1, \u00e9 algo hist\u00f3rico para a cidade, porque reunimos as lideran\u00e7as em um ambiente extremamente harmonioso, com falas convergidas em integra\u00e7\u00e3o, para o desenvolvimento da cidade e da regi\u00e3o\u201d. falou Eron Murta, ressaltando que foi um encontro muito produtivo, que alinhou perspectivas, opini\u00f5es, sempre do ponto de vista t\u00e9cnico para o desenvolvimento da cidade. Enquanto gerente executivo estou muito feliz e otimista para que a Ag\u00eancia realmente consiga cumprir com seus objetivos e miss\u00f5es\u201d, disse Eron.<\/p>\n\n\n\n<figure class=\"wp-block-gallery has-nested-images columns-default is-cropped wp-block-gallery-1 is-layout-flex wp-block-gallery-is-layout-flex\">\n<figure class=\"wp-block-image size-large is-style-default\"><img loading=\"lazy\" decoding=\"async\" width=\"600\" height=\"403\" data-id=\"20293\" src=\"https:\/\/diariotribuna.com.br\/wp-content\/uploads\/2023\/06\/7-1.jpg\" alt=\"\" class=\"wp-image-20293\" srcset=\"https:\/\/diariotribuna.com.br\/wp-content\/uploads\/2023\/06\/7-1.jpg 600w, https:\/\/diariotribuna.com.br\/wp-content\/uploads\/2023\/06\/7-1-300x202.jpg 300w\" sizes=\"(max-width: 600px) 100vw, 600px\" \/><\/figure>\n\n\n\n<figure class=\"wp-block-image size-large is-style-default\"><img loading=\"lazy\" decoding=\"async\" width=\"600\" height=\"391\" data-id=\"20292\" src=\"https:\/\/diariotribuna.com.br\/wp-content\/uploads\/2023\/06\/6-1.jpg\" alt=\"\" class=\"wp-image-20292\" srcset=\"https:\/\/diariotribuna.com.br\/wp-content\/uploads\/2023\/06\/6-1.jpg 600w, https:\/\/diariotribuna.com.br\/wp-content\/uploads\/2023\/06\/6-1-300x196.jpg 300w\" sizes=\"(max-width: 600px) 100vw, 600px\" \/><\/figure>\n\n\n\n<figure class=\"wp-block-image size-large is-style-default\"><img loading=\"lazy\" decoding=\"async\" width=\"600\" height=\"423\" data-id=\"20288\" src=\"https:\/\/diariotribuna.com.br\/wp-content\/uploads\/2023\/06\/1d439cb7-f76b-456b-a36a-d72c07444b12.jpg\" alt=\"\" class=\"wp-image-20288\" srcset=\"https:\/\/diariotribuna.com.br\/wp-content\/uploads\/2023\/06\/1d439cb7-f76b-456b-a36a-d72c07444b12.jpg 600w, https:\/\/diariotribuna.com.br\/wp-content\/uploads\/2023\/06\/1d439cb7-f76b-456b-a36a-d72c07444b12-300x212.jpg 300w, https:\/\/diariotribuna.com.br\/wp-content\/uploads\/2023\/06\/1d439cb7-f76b-456b-a36a-d72c07444b12-100x70.jpg 100w, https:\/\/diariotribuna.com.br\/wp-content\/uploads\/2023\/06\/1d439cb7-f76b-456b-a36a-d72c07444b12-596x420.jpg 596w\" sizes=\"(max-width: 600px) 100vw, 600px\" \/><\/figure>\n\n\n\n<figure class=\"wp-block-image size-large is-style-default\"><img loading=\"lazy\" decoding=\"async\" width=\"600\" height=\"373\" data-id=\"20295\" src=\"https:\/\/diariotribuna.com.br\/wp-content\/uploads\/2023\/06\/9.jpg\" alt=\"\" class=\"wp-image-20295\" srcset=\"https:\/\/diariotribuna.com.br\/wp-content\/uploads\/2023\/06\/9.jpg 600w, https:\/\/diariotribuna.com.br\/wp-content\/uploads\/2023\/06\/9-300x187.jpg 300w, https:\/\/diariotribuna.com.br\/wp-content\/uploads\/2023\/06\/9-356x220.jpg 356w\" sizes=\"(max-width: 600px) 100vw, 600px\" \/><\/figure>\n\n\n\n<figure class=\"wp-block-image size-large is-style-default\"><img loading=\"lazy\" decoding=\"async\" width=\"600\" height=\"397\" data-id=\"20294\" src=\"https:\/\/diariotribuna.com.br\/wp-content\/uploads\/2023\/06\/8.jpg\" alt=\"\" class=\"wp-image-20294\" srcset=\"https:\/\/diariotribuna.com.br\/wp-content\/uploads\/2023\/06\/8.jpg 600w, https:\/\/diariotribuna.com.br\/wp-content\/uploads\/2023\/06\/8-300x199.jpg 300w\" sizes=\"(max-width: 600px) 100vw, 600px\" \/><\/figure>\n\n\n\n<figure class=\"wp-block-image size-large is-style-default\"><img loading=\"lazy\" decoding=\"async\" width=\"600\" height=\"432\" data-id=\"20289\" src=\"https:\/\/diariotribuna.com.br\/wp-content\/uploads\/2023\/06\/3.jpg\" alt=\"\" class=\"wp-image-20289\" srcset=\"https:\/\/diariotribuna.com.br\/wp-content\/uploads\/2023\/06\/3.jpg 600w, https:\/\/diariotribuna.com.br\/wp-content\/uploads\/2023\/06\/3-300x216.jpg 300w, https:\/\/diariotribuna.com.br\/wp-content\/uploads\/2023\/06\/3-583x420.jpg 583w\" sizes=\"(max-width: 600px) 100vw, 600px\" \/><\/figure>\n\n\n\n<figure class=\"wp-block-image size-large is-style-default\"><img loading=\"lazy\" decoding=\"async\" width=\"600\" height=\"379\" data-id=\"20290\" src=\"https:\/\/diariotribuna.com.br\/wp-content\/uploads\/2023\/06\/2-1.jpg\" alt=\"\" class=\"wp-image-20290\" srcset=\"https:\/\/diariotribuna.com.br\/wp-content\/uploads\/2023\/06\/2-1.jpg 600w, https:\/\/diariotribuna.com.br\/wp-content\/uploads\/2023\/06\/2-1-300x190.jpg 300w\" sizes=\"(max-width: 600px) 100vw, 600px\" \/><\/figure>\n\n\n\n<figure class=\"wp-block-image size-large is-style-default\"><img loading=\"lazy\" decoding=\"async\" width=\"600\" height=\"384\" data-id=\"20291\" src=\"https:\/\/diariotribuna.com.br\/wp-content\/uploads\/2023\/06\/4-1.jpg\" alt=\"\" class=\"wp-image-20291\" srcset=\"https:\/\/diariotribuna.com.br\/wp-content\/uploads\/2023\/06\/4-1.jpg 600w, https:\/\/diariotribuna.com.br\/wp-content\/uploads\/2023\/06\/4-1-300x192.jpg 300w\" sizes=\"(max-width: 600px) 100vw, 600px\" \/><\/figure>\n\n\n\n<figure class=\"wp-block-image size-large is-style-default\"><img loading=\"lazy\" decoding=\"async\" width=\"600\" height=\"372\" data-id=\"20296\" src=\"https:\/\/diariotribuna.com.br\/wp-content\/uploads\/2023\/06\/10.jpg\" alt=\"\" class=\"wp-image-20296\" srcset=\"https:\/\/diariotribuna.com.br\/wp-content\/uploads\/2023\/06\/10.jpg 600w, https:\/\/diariotribuna.com.br\/wp-content\/uploads\/2023\/06\/10-300x186.jpg 300w, https:\/\/diariotribuna.com.br\/wp-content\/uploads\/2023\/06\/10-356x220.jpg 356w\" sizes=\"(max-width: 600px) 100vw, 600px\" \/><\/figure>\n<\/figure>\n","protected":false},"excerpt":{"rendered":"<p>Lan\u00e7ada na segunda-feira (19\/6), no audit\u00f3rio da CDL de Te\u00f3filo Otoni, a Ag\u00eancia de Apoio ao Desenvolvimento dos Vales do Mucuri, Jequitinhonha e S\u00e3o Mateus (AD Vales), evento que marcou o in\u00edcio de uma nova etapa para o desenvolvimento dos Tr\u00eas Vales. Criada em 2009, pelo Sindcom\u00e9rcio de Te\u00f3filo Otoni, posteriormente integrada pela CDL, ACE, [&hellip;]<\/p>\n","protected":false},"author":1,"featured_media":20286,"comment_status":"open","ping_status":"open","sticky":false,"template":"","format":"standard","meta":{"rop_custom_images_group":[],"rop_custom_messages_group":[],"rop_publish_now":"initial","rop_publish_now_accounts":[],"rop_publish_now_history":[],"rop_publish_now_status":"pending","footnotes":""},"categories":[25,17],"tags":[222,5512,310,3021,221,75],"class_list":["post-20285","post","type-post","status-publish","format-standard","has-post-thumbnail","hentry","category-destaque","category-teofilootoni","tag-ace","tag-ad-vales","tag-cdl","tag-lancamento","tag-sindcomercio","tag-teofilo-otoni"],"_links":{"self":[{"href":"https:\/\/diariotribuna.com.br\/index.php?rest_route=\/wp\/v2\/posts\/20285"}],"collection":[{"href":"https:\/\/diariotribuna.com.br\/index.php?rest_route=\/wp\/v2\/posts"}],"about":[{"href":"https:\/\/diariotribuna.com.br\/index.php?rest_route=\/wp\/v2\/types\/post"}],"author":[{"embeddable":true,"href":"https:\/\/diariotribuna.com.br\/index.php?rest_route=\/wp\/v2\/users\/1"}],"replies":[{"embeddable":true,"href":"https:\/\/diariotribuna.com.br\/index.php?rest_route=%2Fwp%2Fv2%2Fcomments&post=20285"}],"version-history":[{"count":1,"href":"https:\/\/diariotribuna.com.br\/index.php?rest_route=\/wp\/v2\/posts\/20285\/revisions"}],"predecessor-version":[{"id":20297,"href":"https:\/\/diariotribuna.com.br\/index.php?rest_route=\/wp\/v2\/posts\/20285\/revisions\/20297"}],"wp:featuredmedia":[{"embeddable":true,"href":"https:\/\/diariotribuna.com.br\/index.php?rest_route=\/wp\/v2\/media\/20286"}],"wp:attachment":[{"href":"https:\/\/diariotribuna.com.br\/index.php?rest_route=%2Fwp%2Fv2%2Fmedia&parent=20285"}],"wp:term":[{"taxonomy":"category","embeddable":true,"href":"https:\/\/diariotribuna.com.br\/index.php?rest_route=%2Fwp%2Fv2%2Fcategories&post=20285"},{"taxonomy":"post_tag","embeddable":true,"href":"https:\/\/diariotribuna.com.br\/index.php?rest_route=%2Fwp%2Fv2%2Ftags&post=20285"}],"curies":[{"name":"wp","href":"https:\/\/api.w.org\/{rel}","templated":true}]}}