{"id":2058,"date":"2020-07-28T15:40:28","date_gmt":"2020-07-28T18:40:28","guid":{"rendered":"https:\/\/diariotribuna.com.br\/?p=2058"},"modified":"2020-07-29T00:10:42","modified_gmt":"2020-07-29T03:10:42","slug":"informativo-contabil-aposentadoria-rural","status":"publish","type":"post","link":"https:\/\/diariotribuna.com.br\/?p=2058","title":{"rendered":"Informativo Cont\u00e1bil: APOSENTADORIA RURAL!"},"content":{"rendered":"\n<figure class=\"wp-block-image size-large is-resized\"><img loading=\"lazy\" decoding=\"async\" src=\"https:\/\/diariotribuna.com.br\/wp-content\/uploads\/2020\/07\/eaa158aa-1089-4d26-8f83-bf635483a53f-4-793x1024.jpg\" alt=\"\" class=\"wp-image-2059\" width=\"285\" height=\"366\"\/><figcaption><strong><strong>Paulo S\u00e9rgio Almeida Santos<\/strong><br><strong>Contador &#8211; Diretor da empresa Vitaly Almeida Contabilidade &amp; Rural<\/strong><\/strong><\/figcaption><\/figure>\n\n\n\n<p>Aposentadoria rural \u00e9 o benef\u00edcio garantido aos trabalhadores rurais, que comprovem ter trabalhado pelo menos 15 anos em ATIVIDADES RUR\u00cdCOLAS. Para isso, o trabalhador tem que ter idade m\u00ednima de 60 anos, se homem, e 55 anos, se mulher.<\/p>\n\n\n\n<p>Tamb\u00e9m \u00e9 necess\u00e1rio que esteja trabalhando na atividade rural quando completou a idade de se aposentar ou quando for dar entrada na aposentadoria. Para aqueles que n\u00e3o possuam 15 anos exclusivamente de atividades rurais, \u00e9 poss\u00edvel utilizar per\u00edodos trabalhados em outras categorias, como na condi\u00e7\u00e3o celetista, aut\u00f4nomo e outros. MAS ATEN\u00c7\u00c3O, para fazer uso dessa somat\u00f3ria \u00e9 necess\u00e1rio que o trabalhador possua 65 anos, se homem, e 60 anos, se mulher.<\/p>\n\n\n\n<p>O trabalhador rural, segurado especial, n\u00e3o pode esquecer que tem de comprovar sua atividade do campo por meio de documentos, isto \u00e9, o trabalhador tem que ter provas de que trabalhou no meio rural por pelo menos 15 anos. Mesmo com a reforma da previd\u00eancia, que foi realizada em novembro do ano passado, n\u00e3o houve altera\u00e7\u00e3o nos direitos dos trabalhadores rurais.<\/p>\n\n\n\n<p>Existem outras PARTICULARIDADES a depender da condi\u00e7\u00e3o do Trabalhador Rural, mas isso fica para o pr\u00f3ximo Informativo.<\/p>\n\n\n\n<p><strong>PAULO S\u00c9RGIO ALMEIDA SANTOS<\/strong> &#8211; Contador; Diretor da empresa VITALY ALMEIDA Contabilidade &amp; Rural; Forma\u00e7\u00e3o em T\u00e9cnico em Contabilidade (E.E. Alfredo S\u00e1 &#8211; Te\u00f3filo Otoni); Forma\u00e7\u00e3o Superior em Ci\u00eancias Cont\u00e1beis (Doctum-Te\u00f3filo Otoni); P\u00f3s Graduando em Gest\u00e3o Financeira e Controladoria (FGV-Governador Valadares); Diretor do SINDCONT Nordeste Mineiro; Conselheiro da Junta de Recursos Fiscais em Te\u00f3filo Otoni; Diretor do CMDCA em Itambacuri; Diretor da ASSETI em Itambacuri; Diretor da CDL Itambacuri.<\/p>\n\n\n\n<p><strong>Cr\u00edticas\/sugest\u00f5es: <a href=\"mailto:vitalyalmeida@gmail.com\">vitalyalmeida@gmail.com<\/a><\/strong><\/p>\n","protected":false},"excerpt":{"rendered":"<p>Aposentadoria rural \u00e9 o benef\u00edcio garantido aos trabalhadores rurais, que comprovem ter trabalhado pelo menos 15 anos em ATIVIDADES RUR\u00cdCOLAS. Para isso, o trabalhador tem que ter idade m\u00ednima de 60 anos, se homem, e 55 anos, se mulher. Tamb\u00e9m \u00e9 necess\u00e1rio que esteja trabalhando na atividade rural quando completou a idade de se aposentar [&hellip;]<\/p>\n","protected":false},"author":1,"featured_media":2059,"comment_status":"open","ping_status":"open","sticky":false,"template":"","format":"standard","meta":{"rop_custom_images_group":[],"rop_custom_messages_group":[],"rop_publish_now":"initial","rop_publish_now_accounts":[],"rop_publish_now_history":[],"rop_publish_now_status":"pending","footnotes":""},"categories":[25,24],"tags":[751,750,424,540,75],"class_list":["post-2058","post","type-post","status-publish","format-standard","has-post-thumbnail","hentry","category-destaque","category-opiniao","tag-28-08-2020","tag-aposentadoria-rural","tag-informativo-contabil","tag-paulo-sergio-almeida-santos","tag-teofilo-otoni"],"_links":{"self":[{"href":"https:\/\/diariotribuna.com.br\/index.php?rest_route=\/wp\/v2\/posts\/2058"}],"collection":[{"href":"https:\/\/diariotribuna.com.br\/index.php?rest_route=\/wp\/v2\/posts"}],"about":[{"href":"https:\/\/diariotribuna.com.br\/index.php?rest_route=\/wp\/v2\/types\/post"}],"author":[{"embeddable":true,"href":"https:\/\/diariotribuna.com.br\/index.php?rest_route=\/wp\/v2\/users\/1"}],"replies":[{"embeddable":true,"href":"https:\/\/diariotribuna.com.br\/index.php?rest_route=%2Fwp%2Fv2%2Fcomments&post=2058"}],"version-history":[{"count":3,"href":"https:\/\/diariotribuna.com.br\/index.php?rest_route=\/wp\/v2\/posts\/2058\/revisions"}],"predecessor-version":[{"id":2062,"href":"https:\/\/diariotribuna.com.br\/index.php?rest_route=\/wp\/v2\/posts\/2058\/revisions\/2062"}],"wp:featuredmedia":[{"embeddable":true,"href":"https:\/\/diariotribuna.com.br\/index.php?rest_route=\/wp\/v2\/media\/2059"}],"wp:attachment":[{"href":"https:\/\/diariotribuna.com.br\/index.php?rest_route=%2Fwp%2Fv2%2Fmedia&parent=2058"}],"wp:term":[{"taxonomy":"category","embeddable":true,"href":"https:\/\/diariotribuna.com.br\/index.php?rest_route=%2Fwp%2Fv2%2Fcategories&post=2058"},{"taxonomy":"post_tag","embeddable":true,"href":"https:\/\/diariotribuna.com.br\/index.php?rest_route=%2Fwp%2Fv2%2Ftags&post=2058"}],"curies":[{"name":"wp","href":"https:\/\/api.w.org\/{rel}","templated":true}]}}