{"id":2063,"date":"2020-07-29T00:10:22","date_gmt":"2020-07-29T03:10:22","guid":{"rendered":"https:\/\/diariotribuna.com.br\/?p=2063"},"modified":"2020-07-29T00:10:23","modified_gmt":"2020-07-29T03:10:23","slug":"teofilo-otoni-registra-1-303-casos-positivos-de-covid-19-coronavirus-e-57-obitos","status":"publish","type":"post","link":"https:\/\/diariotribuna.com.br\/?p=2063","title":{"rendered":"Te\u00f3filo Otoni registra 1.303 casos positivos de Covid-19 (Coronav\u00edrus) e 57 \u00f3bitos"},"content":{"rendered":"\n<figure class=\"wp-block-image size-large is-resized\"><img loading=\"lazy\" decoding=\"async\" src=\"https:\/\/diariotribuna.com.br\/wp-content\/uploads\/2020\/07\/Te\u00f3filo-Otoni-7.jpg\" alt=\"\" class=\"wp-image-2064\" width=\"503\" height=\"283\" srcset=\"https:\/\/diariotribuna.com.br\/wp-content\/uploads\/2020\/07\/Te\u00f3filo-Otoni-7.jpg 640w, https:\/\/diariotribuna.com.br\/wp-content\/uploads\/2020\/07\/Te\u00f3filo-Otoni-7-300x169.jpg 300w\" sizes=\"(max-width: 503px) 100vw, 503px\" \/><\/figure>\n\n\n\n<p>O Boletim Epidemiol\u00f3gico Covid-19 desta ter\u00e7a-feira (28\/07), divulgado pela Secretaria Municipal de Sa\u00fade confirma 1.303 casos positivos da doen\u00e7a em Te\u00f3filo Otoni, 26 a mais nas \u00faltimas 24 horas, e mais 02 \u00f3bitos foram registrados, totalizando 57. De acordo com a Secretaria de Sa\u00fade, dos 1.303 casos, 1.012 pessoas est\u00e3o recuperadas, 06 internadas em ala, 09 em UTI e 219 est\u00e3o em isolamento domiciliar.<\/p>\n\n\n\n<p>O <strong>56\u00ba \u00f3bito<\/strong> por complica\u00e7\u00e3o causada pela Covid-19, ocorrido no domingo (26\/07\/2020), trata-se de uma idosa de 80 anos, que apresentava comorbidades e esteve internada no Hospital Santa Ros\u00e1lia. O <strong>57\u00ba \u00f3bito<\/strong> ocorreu na segunda-feira (27\/07\/2020) e trata-se de uma idosa de 86 anos, que apresentava comorbidades e esteve internada no Hospital Philadelfia. A secretaria informa que as suas receberam toda assist\u00eancia e tratamento necess\u00e1rios e tiveram os resultados confirmados por RT-PCR (laborat\u00f3rio).<\/p>\n\n\n\n<p>Dos 113 suspeitos em investiga\u00e7\u00e3o e monitoramento, 88 pessoas est\u00e3o em isolamento domiciliar, 16 internadas em ala, 04 em UTI e 05 \u00f3bitos est\u00e3o em investiga\u00e7\u00e3o aguardando resultados de exames laboratoriais. Das 7.103 investiga\u00e7\u00f5es conclu\u00eddas, 4.629 foram descartadas por exame laboratorial e 2.474 monitoramentos conclu\u00eddos por crit\u00e9rio cl\u00ednico. At\u00e9 esta data foram notificadas 8.519 pessoas. Das pessoas infectadas, 722 s\u00e3o do sexo feminino e 581 do sexo masculino.<\/p>\n\n\n\n<p><strong>Dos casos confirmados, por faixa et\u00e1ria:<\/strong> s\u00e3o 05 crian\u00e7as menores de 01 ano infectadas, 35 crian\u00e7as de 01 a 09 anos, 60 pessoas de 10 a 19 anos, 206 de 20 a 29 anos, 305 de 30 a 39 anos, 276 de 40 a 49 anos, 200 de 50 a 59 anos, e 216 s\u00e3o idosos acima de 60 anos.<\/p>\n\n\n\n<p><strong>Cen\u00e1rio da Covid-19 em Te\u00f3filo Otoni por bairros:<\/strong> O <strong>Centro<\/strong> est\u00e1 com 107 casos positivos, o Bairro <strong>Bela Vista<\/strong> com 88, <strong>Manoel Pimenta<\/strong> com 84, <strong>Matinha<\/strong> com 75, <strong>S\u00e3o Crist\u00f3v\u00e3o<\/strong> com 67, <strong>Ipiranga<\/strong> com 58, <strong>Marajoara<\/strong> com 50, <strong>Conc\u00f3rdia<\/strong> com 46, <strong>S\u00e3o Jacinto<\/strong> com 42, <strong>Castro Pires<\/strong> com 39, <strong>Jardim S\u00e3o Paulo<\/strong> com 33, <strong>Jardim Iracema<\/strong> com 31, <strong>Joaquim Pedrosa<\/strong> com 30, <strong>Palmeiras<\/strong> com 28, <strong>Te\u00f3filo Rocha<\/strong> com 23. <strong>Os bairros<\/strong> Mucuri e Frei Dimas com 22 casos cada. <strong>Vila Barreiros<\/strong> com 21, <strong>Vila S\u00e3o Jo\u00e3o<\/strong> com 20 e <strong>Laerte Laender<\/strong> com 19. <strong>Os bairros<\/strong> Jardim das Ac\u00e1cias e Serra Verde com 18 casos cada. <strong>Os bairros<\/strong> Funcion\u00e1rios, S\u00e3o Diogo e Tabajaras com 17 casos cada. O bairro Vila Betel com 16 casos, o Bairro F\u00e1tima com 15 e Solidariedade com 14. Os bairros Belvedere, Vila Esperan\u00e7a e Viriato com 10 casos cada. <strong>Outras 50 localidades<\/strong> est\u00e3o inclu\u00eddas no boletim, com registro de 01 a 09 casos cada. <strong>OBS.:<\/strong> Nos casos relacionados por bairros est\u00e1 inclu\u00eddo o n\u00famero de recuperados.<\/p>\n","protected":false},"excerpt":{"rendered":"<p>O Boletim Epidemiol\u00f3gico Covid-19 desta ter\u00e7a-feira (28\/07), divulgado pela Secretaria Municipal de Sa\u00fade confirma 1.303 casos positivos da doen\u00e7a em Te\u00f3filo Otoni, 26 a mais nas \u00faltimas 24 horas, e mais 02 \u00f3bitos foram registrados, totalizando 57. De acordo com a Secretaria de Sa\u00fade, dos 1.303 casos, 1.012 pessoas est\u00e3o recuperadas, 06 internadas em ala, [&hellip;]<\/p>\n","protected":false},"author":1,"featured_media":2064,"comment_status":"open","ping_status":"open","sticky":false,"template":"","format":"standard","meta":{"rop_custom_images_group":[],"rop_custom_messages_group":[],"rop_publish_now":"initial","rop_publish_now_accounts":[],"rop_publish_now_history":[],"rop_publish_now_status":"pending","footnotes":""},"categories":[192],"tags":[749,67,65,75],"class_list":["post-2063","post","type-post","status-publish","format-standard","has-post-thumbnail","hentry","category-covid19","tag-28-07-2020","tag-boletim","tag-covid","tag-teofilo-otoni"],"_links":{"self":[{"href":"https:\/\/diariotribuna.com.br\/index.php?rest_route=\/wp\/v2\/posts\/2063"}],"collection":[{"href":"https:\/\/diariotribuna.com.br\/index.php?rest_route=\/wp\/v2\/posts"}],"about":[{"href":"https:\/\/diariotribuna.com.br\/index.php?rest_route=\/wp\/v2\/types\/post"}],"author":[{"embeddable":true,"href":"https:\/\/diariotribuna.com.br\/index.php?rest_route=\/wp\/v2\/users\/1"}],"replies":[{"embeddable":true,"href":"https:\/\/diariotribuna.com.br\/index.php?rest_route=%2Fwp%2Fv2%2Fcomments&post=2063"}],"version-history":[{"count":1,"href":"https:\/\/diariotribuna.com.br\/index.php?rest_route=\/wp\/v2\/posts\/2063\/revisions"}],"predecessor-version":[{"id":2065,"href":"https:\/\/diariotribuna.com.br\/index.php?rest_route=\/wp\/v2\/posts\/2063\/revisions\/2065"}],"wp:featuredmedia":[{"embeddable":true,"href":"https:\/\/diariotribuna.com.br\/index.php?rest_route=\/wp\/v2\/media\/2064"}],"wp:attachment":[{"href":"https:\/\/diariotribuna.com.br\/index.php?rest_route=%2Fwp%2Fv2%2Fmedia&parent=2063"}],"wp:term":[{"taxonomy":"category","embeddable":true,"href":"https:\/\/diariotribuna.com.br\/index.php?rest_route=%2Fwp%2Fv2%2Fcategories&post=2063"},{"taxonomy":"post_tag","embeddable":true,"href":"https:\/\/diariotribuna.com.br\/index.php?rest_route=%2Fwp%2Fv2%2Ftags&post=2063"}],"curies":[{"name":"wp","href":"https:\/\/api.w.org\/{rel}","templated":true}]}}