{"id":21121,"date":"2023-08-17T13:44:52","date_gmt":"2023-08-17T16:44:52","guid":{"rendered":"https:\/\/diariotribuna.com.br\/?p=21121"},"modified":"2023-08-22T12:27:20","modified_gmt":"2023-08-22T15:27:20","slug":"prf-de-teofilo-otoni-recupera-veiculo-furtado-em-belo-horizonte","status":"publish","type":"post","link":"https:\/\/diariotribuna.com.br\/?p=21121","title":{"rendered":"PRF de Te\u00f3filo Otoni recupera ve\u00edculo furtado em Belo Horizonte"},"content":{"rendered":"\n<figure class=\"wp-block-image size-full is-resized is-style-default\"><img loading=\"lazy\" decoding=\"async\" src=\"https:\/\/diariotribuna.com.br\/wp-content\/uploads\/2023\/08\/b20d1e30-5595-4df1-ad58-c33206e5c757.jpg\" alt=\"\" class=\"wp-image-21122\" width=\"511\" height=\"341\" srcset=\"https:\/\/diariotribuna.com.br\/wp-content\/uploads\/2023\/08\/b20d1e30-5595-4df1-ad58-c33206e5c757.jpg 697w, https:\/\/diariotribuna.com.br\/wp-content\/uploads\/2023\/08\/b20d1e30-5595-4df1-ad58-c33206e5c757-300x200.jpg 300w, https:\/\/diariotribuna.com.br\/wp-content\/uploads\/2023\/08\/b20d1e30-5595-4df1-ad58-c33206e5c757-630x420.jpg 630w\" sizes=\"(max-width: 511px) 100vw, 511px\" \/><\/figure>\n\n\n\n<p>Durante fiscaliza\u00e7\u00e3o da Pol\u00edcia Rodovi\u00e1ria Federal, na manh\u00e3 desta quinta-feira (17\/8), para verificar equipamentos de seguran\u00e7a no per\u00edmetro urbano da BR 116, em Te\u00f3filo Otoni, os policiais deram ordem de parada ao ve\u00edculo Chevrolet Prisma de cor azul, conduzido por W.P.A., 42 anos, e ao solicitar a documenta\u00e7\u00e3o foi constatado que o ve\u00edculo era registrado no estado do Rio Grande do Norte. O condutor disse que adquiriu o ve\u00edculo h\u00e1 3 meses em Belo Horizonte, pelo valor de R$ 40 mil.<\/p>\n\n\n\n<p>Por n\u00e3o apresentar a documenta\u00e7\u00e3o de transfer\u00eancia os agentes da PRF aprofundaram na fiscaliza\u00e7\u00e3o e descobriram que o ve\u00edculo original estava com queixa de furto desde 29\/3\/2023, da Cidade de Belo Horizonte. Foi constatado, a princ\u00edpio, o crime de recepta\u00e7\u00e3o e adultera\u00e7\u00e3o dos sinais identificadores de ve\u00edculo automotor. O condutor foi encaminhado para a Pol\u00edcia Civil de Te\u00f3filo Otoni para as medidas cab\u00edveis. (Informa\u00e7\u00f5es\/Foto: PRF Te\u00f3filo Otoni).<\/p>\n","protected":false},"excerpt":{"rendered":"<p>Durante fiscaliza\u00e7\u00e3o da Pol\u00edcia Rodovi\u00e1ria Federal, na manh\u00e3 desta quinta-feira (17\/8), para verificar equipamentos de seguran\u00e7a no per\u00edmetro urbano da BR 116, em Te\u00f3filo Otoni, os policiais deram ordem de parada ao ve\u00edculo Chevrolet Prisma de cor azul, conduzido por W.P.A., 42 anos, e ao solicitar a documenta\u00e7\u00e3o foi constatado que o ve\u00edculo era registrado [&hellip;]<\/p>\n","protected":false},"author":1,"featured_media":21122,"comment_status":"open","ping_status":"open","sticky":false,"template":"","format":"standard","meta":{"rop_custom_images_group":[],"rop_custom_messages_group":[],"rop_publish_now":"initial","rop_publish_now_accounts":[],"rop_publish_now_history":[],"rop_publish_now_status":"pending","footnotes":""},"categories":[20],"tags":[732,5630,2029,75,2233],"class_list":["post-21121","post","type-post","status-publish","format-standard","has-post-thumbnail","hentry","category-policia","tag-bh","tag-clonado","tag-policia-rodoviaria-federal","tag-teofilo-otoni","tag-veiculo-furtado"],"_links":{"self":[{"href":"https:\/\/diariotribuna.com.br\/index.php?rest_route=\/wp\/v2\/posts\/21121"}],"collection":[{"href":"https:\/\/diariotribuna.com.br\/index.php?rest_route=\/wp\/v2\/posts"}],"about":[{"href":"https:\/\/diariotribuna.com.br\/index.php?rest_route=\/wp\/v2\/types\/post"}],"author":[{"embeddable":true,"href":"https:\/\/diariotribuna.com.br\/index.php?rest_route=\/wp\/v2\/users\/1"}],"replies":[{"embeddable":true,"href":"https:\/\/diariotribuna.com.br\/index.php?rest_route=%2Fwp%2Fv2%2Fcomments&post=21121"}],"version-history":[{"count":1,"href":"https:\/\/diariotribuna.com.br\/index.php?rest_route=\/wp\/v2\/posts\/21121\/revisions"}],"predecessor-version":[{"id":21123,"href":"https:\/\/diariotribuna.com.br\/index.php?rest_route=\/wp\/v2\/posts\/21121\/revisions\/21123"}],"wp:featuredmedia":[{"embeddable":true,"href":"https:\/\/diariotribuna.com.br\/index.php?rest_route=\/wp\/v2\/media\/21122"}],"wp:attachment":[{"href":"https:\/\/diariotribuna.com.br\/index.php?rest_route=%2Fwp%2Fv2%2Fmedia&parent=21121"}],"wp:term":[{"taxonomy":"category","embeddable":true,"href":"https:\/\/diariotribuna.com.br\/index.php?rest_route=%2Fwp%2Fv2%2Fcategories&post=21121"},{"taxonomy":"post_tag","embeddable":true,"href":"https:\/\/diariotribuna.com.br\/index.php?rest_route=%2Fwp%2Fv2%2Ftags&post=21121"}],"curies":[{"name":"wp","href":"https:\/\/api.w.org\/{rel}","templated":true}]}}